{"id":11606,"date":"2024-09-18T11:35:08","date_gmt":"2024-09-18T15:35:08","guid":{"rendered":"https:\/\/www.yorku.ca\/bettertogether\/?p=11606"},"modified":"2024-09-20T11:59:30","modified_gmt":"2024-09-20T15:59:30","slug":"assurons-nous-davoir-des-espaces-universitaires-securitaires-inclusifs-et-accueillants-pour-tous-les-membres-de-la-communaute","status":"publish","type":"post","link":"https:\/\/www.yorku.ca\/bettertogether\/2024\/09\/18\/assurons-nous-davoir-des-espaces-universitaires-securitaires-inclusifs-et-accueillants-pour-tous-les-membres-de-la-communaute\/?lang=fr","title":{"rendered":"Assurons-nous d\u2019avoir des espaces universitaires s\u00e9curitaires, inclusifs et accueillants pour tous les membres de la communaut\u00e9"},"content":{"rendered":"\n<p>Chers membres de la communaut\u00e9 de York,\u00a0nous reconnaissons que les conflits et les crises qui ont lieu au niveau local et mondial continuent d\u2019avoir un impact sur de nombreux membres de la communaut\u00e9, et ce, de diff\u00e9rentes mani\u00e8res. L\u2019ann\u00e9e pass\u00e9e a \u00e9t\u00e9 particuli\u00e8rement difficile pour les personnes...<\/p>\n\n\n\n<p><a href=\"https:\/\/www.yorku.ca\/yfile\/2024\/09\/17\/assurons-nous-davoir-des-espaces-universitaires-securitaires-inclusifs-et-accueillants-pour-tous-les-membres-de-la-communaute\/\">Lisez la d\u00e9claration compl\u00e8te dans YFile<\/a><\/p>\n\n\n\n<div style=\"height:50px\" aria-hidden=\"true\" class=\"wp-block-spacer\"><\/div>\n\n\n\n<p>\u00a0<\/p>\n","protected":false},"excerpt":{"rendered":"<p>Chers membres de la communaut\u00e9 de York,\u00a0nous reconnaissons que les conflits et les crises qui ont lieu au niveau local et mondial continuent d\u2019avoir un impact sur de nombreux membres de la communaut\u00e9, et ce, de diff\u00e9rentes mani\u00e8res. L\u2019ann\u00e9e pass\u00e9e a \u00e9t\u00e9 particuli\u00e8rement difficile pour les personnes... Lisez la d\u00e9claration compl\u00e8te dans YFile \u00a0<\/p>\n","protected":false},"author":8,"featured_media":0,"comment_status":"closed","ping_status":"closed","sticky":false,"template":"","format":"standard","meta":{"_kad_blocks_custom_css":"","_kad_blocks_head_custom_js":"","_kad_blocks_body_custom_js":"","_kad_blocks_footer_custom_js":"","footnotes":""},"categories":[31],"tags":[],"class_list":["post-11606","post","type-post","status-publish","format-standard","hentry","category-communications-communautaires-fr"],"yoast_head":"<!-- This site is optimized with the Yoast SEO plugin v27.4 - https:\/\/yoast.com\/product\/yoast-seo-wordpress\/ -->\n<title>Assurons-nous d\u2019avoir des espaces universitaires s\u00e9curitaires, inclusifs et accueillants pour tous les membres de la communaut\u00e9 - Better Together<\/title>\n<meta name=\"robots\" content=\"index, follow, max-snippet:-1, max-image-preview:large, max-video-preview:-1\" \/>\n<link rel=\"canonical\" href=\"https:\/\/www.yorku.ca\/bettertogether\/2024\/09\/18\/assurons-nous-davoir-des-espaces-universitaires-securitaires-inclusifs-et-accueillants-pour-tous-les-membres-de-la-communaute\/?lang=fr\" \/>\n<meta property=\"og:locale\" content=\"en_US\" \/>\n<meta property=\"og:type\" content=\"article\" \/>\n<meta property=\"og:title\" content=\"Assurons-nous d\u2019avoir des espaces universitaires s\u00e9curitaires, inclusifs et accueillants pour tous les membres de la communaut\u00e9 - Better Together\" \/>\n<meta property=\"og:description\" content=\"Chers membres de la communaut\u00e9 de York,\u00a0nous reconnaissons que les conflits et les crises qui ont lieu au niveau local et mondial continuent d\u2019avoir un impact sur de nombreux membres de la communaut\u00e9, et ce, de diff\u00e9rentes mani\u00e8res. L\u2019ann\u00e9e pass\u00e9e a \u00e9t\u00e9 particuli\u00e8rement difficile pour les personnes... Lisez la d\u00e9claration compl\u00e8te dans YFile \u00a0\" \/>\n<meta property=\"og:url\" content=\"https:\/\/www.yorku.ca\/bettertogether\/2024\/09\/18\/assurons-nous-davoir-des-espaces-universitaires-securitaires-inclusifs-et-accueillants-pour-tous-les-membres-de-la-communaute\/?lang=fr\" \/>\n<meta property=\"og:site_name\" content=\"Better Together\" \/>\n<meta property=\"article:published_time\" content=\"2024-09-18T15:35:08+00:00\" \/>\n<meta property=\"article:modified_time\" content=\"2024-09-20T15:59:30+00:00\" \/>\n<meta name=\"author\" content=\"jmiller4\" \/>\n<meta name=\"twitter:card\" content=\"summary_large_image\" \/>\n<meta name=\"twitter:label1\" content=\"Written by\" \/>\n\t<meta name=\"twitter:data1\" content=\"jmiller4\" \/>\n\t<meta name=\"twitter:label2\" content=\"Est. reading time\" \/>\n\t<meta name=\"twitter:data2\" content=\"1 minute\" \/>\n<script type=\"application\/ld+json\" class=\"yoast-schema-graph\">{\"@context\":\"https:\\\/\\\/schema.org\",\"@graph\":[{\"@type\":\"Article\",\"@id\":\"https:\\\/\\\/www.yorku.ca\\\/bettertogether\\\/2024\\\/09\\\/18\\\/assurons-nous-davoir-des-espaces-universitaires-securitaires-inclusifs-et-accueillants-pour-tous-les-membres-de-la-communaute\\\/?lang=fr#article\",\"isPartOf\":{\"@id\":\"https:\\\/\\\/www.yorku.ca\\\/bettertogether\\\/2024\\\/09\\\/18\\\/assurons-nous-davoir-des-espaces-universitaires-securitaires-inclusifs-et-accueillants-pour-tous-les-membres-de-la-communaute\\\/?lang=fr\"},\"author\":{\"name\":\"jmiller4\",\"@id\":\"https:\\\/\\\/www.yorku.ca\\\/bettertogether\\\/#\\\/schema\\\/person\\\/6398451acb11c4019289ea8309fed3af\"},\"headline\":\"Assurons-nous d\u2019avoir des espaces universitaires s\u00e9curitaires, inclusifs et accueillants pour tous les membres de la communaut\u00e9\",\"datePublished\":\"2024-09-18T15:35:08+00:00\",\"dateModified\":\"2024-09-20T15:59:30+00:00\",\"mainEntityOfPage\":{\"@id\":\"https:\\\/\\\/www.yorku.ca\\\/bettertogether\\\/2024\\\/09\\\/18\\\/assurons-nous-davoir-des-espaces-universitaires-securitaires-inclusifs-et-accueillants-pour-tous-les-membres-de-la-communaute\\\/?lang=fr\"},\"wordCount\":81,\"articleSection\":[\"Communications communautaires\"],\"inLanguage\":\"en-US\"},{\"@type\":\"WebPage\",\"@id\":\"https:\\\/\\\/www.yorku.ca\\\/bettertogether\\\/2024\\\/09\\\/18\\\/assurons-nous-davoir-des-espaces-universitaires-securitaires-inclusifs-et-accueillants-pour-tous-les-membres-de-la-communaute\\\/?lang=fr\",\"url\":\"https:\\\/\\\/www.yorku.ca\\\/bettertogether\\\/2024\\\/09\\\/18\\\/assurons-nous-davoir-des-espaces-universitaires-securitaires-inclusifs-et-accueillants-pour-tous-les-membres-de-la-communaute\\\/?lang=fr\",\"name\":\"Assurons-nous d\u2019avoir des espaces universitaires s\u00e9curitaires, inclusifs et accueillants pour tous les membres de la communaut\u00e9 - Better Together\",\"isPartOf\":{\"@id\":\"https:\\\/\\\/www.yorku.ca\\\/bettertogether\\\/#website\"},\"datePublished\":\"2024-09-18T15:35:08+00:00\",\"dateModified\":\"2024-09-20T15:59:30+00:00\",\"author\":{\"@id\":\"https:\\\/\\\/www.yorku.ca\\\/bettertogether\\\/#\\\/schema\\\/person\\\/6398451acb11c4019289ea8309fed3af\"},\"breadcrumb\":{\"@id\":\"https:\\\/\\\/www.yorku.ca\\\/bettertogether\\\/2024\\\/09\\\/18\\\/assurons-nous-davoir-des-espaces-universitaires-securitaires-inclusifs-et-accueillants-pour-tous-les-membres-de-la-communaute\\\/?lang=fr#breadcrumb\"},\"inLanguage\":\"en-US\",\"potentialAction\":[{\"@type\":\"ReadAction\",\"target\":[\"https:\\\/\\\/www.yorku.ca\\\/bettertogether\\\/2024\\\/09\\\/18\\\/assurons-nous-davoir-des-espaces-universitaires-securitaires-inclusifs-et-accueillants-pour-tous-les-membres-de-la-communaute\\\/?lang=fr\"]}]},{\"@type\":\"BreadcrumbList\",\"@id\":\"https:\\\/\\\/www.yorku.ca\\\/bettertogether\\\/2024\\\/09\\\/18\\\/assurons-nous-davoir-des-espaces-universitaires-securitaires-inclusifs-et-accueillants-pour-tous-les-membres-de-la-communaute\\\/?lang=fr#breadcrumb\",\"itemListElement\":[{\"@type\":\"ListItem\",\"position\":1,\"name\":\"Home\",\"item\":\"https:\\\/\\\/www.yorku.ca\\\/bettertogether\\\/\"},{\"@type\":\"ListItem\",\"position\":2,\"name\":\"Assurons-nous d\u2019avoir des espaces universitaires s\u00e9curitaires, inclusifs et accueillants pour tous les membres de la communaut\u00e9\"}]},{\"@type\":\"WebSite\",\"@id\":\"https:\\\/\\\/www.yorku.ca\\\/bettertogether\\\/#website\",\"url\":\"https:\\\/\\\/www.yorku.ca\\\/bettertogether\\\/\",\"name\":\"Better Together\",\"description\":\"\",\"potentialAction\":[{\"@type\":\"SearchAction\",\"target\":{\"@type\":\"EntryPoint\",\"urlTemplate\":\"https:\\\/\\\/www.yorku.ca\\\/bettertogether\\\/?s={search_term_string}\"},\"query-input\":{\"@type\":\"PropertyValueSpecification\",\"valueRequired\":true,\"valueName\":\"search_term_string\"}}],\"inLanguage\":\"en-US\"},{\"@type\":\"Person\",\"@id\":\"https:\\\/\\\/www.yorku.ca\\\/bettertogether\\\/#\\\/schema\\\/person\\\/6398451acb11c4019289ea8309fed3af\",\"name\":\"jmiller4\",\"image\":{\"@type\":\"ImageObject\",\"inLanguage\":\"en-US\",\"@id\":\"https:\\\/\\\/secure.gravatar.com\\\/avatar\\\/166da31261b9cca15bf5904ce28f0e00741944c8c8a35a8268c7b929661bc3e5?s=96&d=mm&r=g\",\"url\":\"https:\\\/\\\/secure.gravatar.com\\\/avatar\\\/166da31261b9cca15bf5904ce28f0e00741944c8c8a35a8268c7b929661bc3e5?s=96&d=mm&r=g\",\"contentUrl\":\"https:\\\/\\\/secure.gravatar.com\\\/avatar\\\/166da31261b9cca15bf5904ce28f0e00741944c8c8a35a8268c7b929661bc3e5?s=96&d=mm&r=g\",\"caption\":\"jmiller4\"},\"url\":\"https:\\\/\\\/www.yorku.ca\\\/bettertogether\\\/author\\\/jmiller4\\\/\"}]}<\/script>\n<!-- \/ Yoast SEO plugin. -->","yoast_head_json":{"title":"Assurons-nous d\u2019avoir des espaces universitaires s\u00e9curitaires, inclusifs et accueillants pour tous les membres de la communaut\u00e9 - Better Together","robots":{"index":"index","follow":"follow","max-snippet":"max-snippet:-1","max-image-preview":"max-image-preview:large","max-video-preview":"max-video-preview:-1"},"canonical":"https:\/\/www.yorku.ca\/bettertogether\/2024\/09\/18\/assurons-nous-davoir-des-espaces-universitaires-securitaires-inclusifs-et-accueillants-pour-tous-les-membres-de-la-communaute\/?lang=fr","og_locale":"en_US","og_type":"article","og_title":"Assurons-nous d\u2019avoir des espaces universitaires s\u00e9curitaires, inclusifs et accueillants pour tous les membres de la communaut\u00e9 - Better Together","og_description":"Chers membres de la communaut\u00e9 de York,\u00a0nous reconnaissons que les conflits et les crises qui ont lieu au niveau local et mondial continuent d\u2019avoir un impact sur de nombreux membres de la communaut\u00e9, et ce, de diff\u00e9rentes mani\u00e8res. L\u2019ann\u00e9e pass\u00e9e a \u00e9t\u00e9 particuli\u00e8rement difficile pour les personnes... Lisez la d\u00e9claration compl\u00e8te dans YFile \u00a0","og_url":"https:\/\/www.yorku.ca\/bettertogether\/2024\/09\/18\/assurons-nous-davoir-des-espaces-universitaires-securitaires-inclusifs-et-accueillants-pour-tous-les-membres-de-la-communaute\/?lang=fr","og_site_name":"Better Together","article_published_time":"2024-09-18T15:35:08+00:00","article_modified_time":"2024-09-20T15:59:30+00:00","author":"jmiller4","twitter_card":"summary_large_image","twitter_misc":{"Written by":"jmiller4","Est. reading time":"1 minute"},"schema":{"@context":"https:\/\/schema.org","@graph":[{"@type":"Article","@id":"https:\/\/www.yorku.ca\/bettertogether\/2024\/09\/18\/assurons-nous-davoir-des-espaces-universitaires-securitaires-inclusifs-et-accueillants-pour-tous-les-membres-de-la-communaute\/?lang=fr#article","isPartOf":{"@id":"https:\/\/www.yorku.ca\/bettertogether\/2024\/09\/18\/assurons-nous-davoir-des-espaces-universitaires-securitaires-inclusifs-et-accueillants-pour-tous-les-membres-de-la-communaute\/?lang=fr"},"author":{"name":"jmiller4","@id":"https:\/\/www.yorku.ca\/bettertogether\/#\/schema\/person\/6398451acb11c4019289ea8309fed3af"},"headline":"Assurons-nous d\u2019avoir des espaces universitaires s\u00e9curitaires, inclusifs et accueillants pour tous les membres de la communaut\u00e9","datePublished":"2024-09-18T15:35:08+00:00","dateModified":"2024-09-20T15:59:30+00:00","mainEntityOfPage":{"@id":"https:\/\/www.yorku.ca\/bettertogether\/2024\/09\/18\/assurons-nous-davoir-des-espaces-universitaires-securitaires-inclusifs-et-accueillants-pour-tous-les-membres-de-la-communaute\/?lang=fr"},"wordCount":81,"articleSection":["Communications communautaires"],"inLanguage":"en-US"},{"@type":"WebPage","@id":"https:\/\/www.yorku.ca\/bettertogether\/2024\/09\/18\/assurons-nous-davoir-des-espaces-universitaires-securitaires-inclusifs-et-accueillants-pour-tous-les-membres-de-la-communaute\/?lang=fr","url":"https:\/\/www.yorku.ca\/bettertogether\/2024\/09\/18\/assurons-nous-davoir-des-espaces-universitaires-securitaires-inclusifs-et-accueillants-pour-tous-les-membres-de-la-communaute\/?lang=fr","name":"Assurons-nous d\u2019avoir des espaces universitaires s\u00e9curitaires, inclusifs et accueillants pour tous les membres de la communaut\u00e9 - Better Together","isPartOf":{"@id":"https:\/\/www.yorku.ca\/bettertogether\/#website"},"datePublished":"2024-09-18T15:35:08+00:00","dateModified":"2024-09-20T15:59:30+00:00","author":{"@id":"https:\/\/www.yorku.ca\/bettertogether\/#\/schema\/person\/6398451acb11c4019289ea8309fed3af"},"breadcrumb":{"@id":"https:\/\/www.yorku.ca\/bettertogether\/2024\/09\/18\/assurons-nous-davoir-des-espaces-universitaires-securitaires-inclusifs-et-accueillants-pour-tous-les-membres-de-la-communaute\/?lang=fr#breadcrumb"},"inLanguage":"en-US","potentialAction":[{"@type":"ReadAction","target":["https:\/\/www.yorku.ca\/bettertogether\/2024\/09\/18\/assurons-nous-davoir-des-espaces-universitaires-securitaires-inclusifs-et-accueillants-pour-tous-les-membres-de-la-communaute\/?lang=fr"]}]},{"@type":"BreadcrumbList","@id":"https:\/\/www.yorku.ca\/bettertogether\/2024\/09\/18\/assurons-nous-davoir-des-espaces-universitaires-securitaires-inclusifs-et-accueillants-pour-tous-les-membres-de-la-communaute\/?lang=fr#breadcrumb","itemListElement":[{"@type":"ListItem","position":1,"name":"Home","item":"https:\/\/www.yorku.ca\/bettertogether\/"},{"@type":"ListItem","position":2,"name":"Assurons-nous d\u2019avoir des espaces universitaires s\u00e9curitaires, inclusifs et accueillants pour tous les membres de la communaut\u00e9"}]},{"@type":"WebSite","@id":"https:\/\/www.yorku.ca\/bettertogether\/#website","url":"https:\/\/www.yorku.ca\/bettertogether\/","name":"Better Together","description":"","potentialAction":[{"@type":"SearchAction","target":{"@type":"EntryPoint","urlTemplate":"https:\/\/www.yorku.ca\/bettertogether\/?s={search_term_string}"},"query-input":{"@type":"PropertyValueSpecification","valueRequired":true,"valueName":"search_term_string"}}],"inLanguage":"en-US"},{"@type":"Person","@id":"https:\/\/www.yorku.ca\/bettertogether\/#\/schema\/person\/6398451acb11c4019289ea8309fed3af","name":"jmiller4","image":{"@type":"ImageObject","inLanguage":"en-US","@id":"https:\/\/secure.gravatar.com\/avatar\/166da31261b9cca15bf5904ce28f0e00741944c8c8a35a8268c7b929661bc3e5?s=96&d=mm&r=g","url":"https:\/\/secure.gravatar.com\/avatar\/166da31261b9cca15bf5904ce28f0e00741944c8c8a35a8268c7b929661bc3e5?s=96&d=mm&r=g","contentUrl":"https:\/\/secure.gravatar.com\/avatar\/166da31261b9cca15bf5904ce28f0e00741944c8c8a35a8268c7b929661bc3e5?s=96&d=mm&r=g","caption":"jmiller4"},"url":"https:\/\/www.yorku.ca\/bettertogether\/author\/jmiller4\/"}]}},"taxonomy_info":{"category":[{"value":31,"label":"Communications communautaires"}]},"featured_image_src_large":false,"author_info":{"display_name":"jmiller4","author_link":"https:\/\/www.yorku.ca\/bettertogether\/author\/jmiller4\/"},"comment_info":"","category_info":[{"term_id":31,"name":"Communications communautaires","slug":"communications-communautaires-fr","term_group":0,"term_taxonomy_id":31,"taxonomy":"category","description":"","parent":0,"count":6,"filter":"raw","cat_ID":31,"category_count":6,"category_description":"","cat_name":"Communications communautaires","category_nicename":"communications-communautaires-fr","category_parent":0}],"tag_info":false,"_links":{"self":[{"href":"https:\/\/www.yorku.ca\/bettertogether\/wp-json\/wp\/v2\/posts\/11606","targetHints":{"allow":["GET"]}}],"collection":[{"href":"https:\/\/www.yorku.ca\/bettertogether\/wp-json\/wp\/v2\/posts"}],"about":[{"href":"https:\/\/www.yorku.ca\/bettertogether\/wp-json\/wp\/v2\/types\/post"}],"author":[{"embeddable":true,"href":"https:\/\/www.yorku.ca\/bettertogether\/wp-json\/wp\/v2\/users\/8"}],"replies":[{"embeddable":true,"href":"https:\/\/www.yorku.ca\/bettertogether\/wp-json\/wp\/v2\/comments?post=11606"}],"version-history":[{"count":2,"href":"https:\/\/www.yorku.ca\/bettertogether\/wp-json\/wp\/v2\/posts\/11606\/revisions"}],"predecessor-version":[{"id":11614,"href":"https:\/\/www.yorku.ca\/bettertogether\/wp-json\/wp\/v2\/posts\/11606\/revisions\/11614"}],"wp:attachment":[{"href":"https:\/\/www.yorku.ca\/bettertogether\/wp-json\/wp\/v2\/media?parent=11606"}],"wp:term":[{"taxonomy":"category","embeddable":true,"href":"https:\/\/www.yorku.ca\/bettertogether\/wp-json\/wp\/v2\/categories?post=11606"},{"taxonomy":"post_tag","embeddable":true,"href":"https:\/\/www.yorku.ca\/bettertogether\/wp-json\/wp\/v2\/tags?post=11606"}],"curies":[{"name":"wp","href":"https:\/\/api.w.org\/{rel}","templated":true}]}}