{"id":15374,"date":"2017-07-05T10:43:50","date_gmt":"2017-07-05T14:43:50","guid":{"rendered":"https:\/\/edu.yorku.ca\/?p=15374"},"modified":"2017-07-05T10:43:50","modified_gmt":"2017-07-05T14:43:50","slug":"york-course-director-chosen-to-participate-in-summer-university-on-the-french-speaking-regions-of-the-americas","status":"publish","type":"post","link":"https:\/\/www.yorku.ca\/edu\/2017\/07\/05\/york-course-director-chosen-to-participate-in-summer-university-on-the-french-speaking-regions-of-the-americas\/","title":{"rendered":"York course director chosen to participate in summer-university on the French-speaking regions of the Americas"},"content":{"rendered":"<p><img loading=\"lazy\" decoding=\"async\" class=\"alignright size-medium wp-image-15376\" src=\"https:\/\/edu.yorku.ca\/files\/2017\/06\/James1-300x225.jpeg\" alt=\"James Steele\" width=\"300\" height=\"225\" \/>French as a Second Language course director James Steele was one of 40 participants from across the Western Hemisphere chosen to take part in the fifth edition of <a href=\"http:\/\/www.francophoniedesameriques.com\/universitedete\/universite-ete-2017\/\">Universit\u00e9 d\u2019\u00e9t\u00e9 sur la Francophonie des Am\u00e9riques<\/a> (Summer University on the French-speaking Regions of the Americas), a graduate level seminar for Masters and doctoral students, professionals, and journalists. The fifth edition of the summer program, presented in collaboration with the University of Qu\u00e9bec at Chicoutimi and the University of Moncton was held in Saguenay from June 5-11, 2017.<\/p>\n<p>The multidisciplinary program was made up of conferences, workshops, and site visits that allowed participants to see the multifaceted nature of the Francophone communities of the Americas in a new light.<\/p>\n<p>\u201cOur curricula tells us which parts of the Francophone world we need to share with our students and in which years, but how do we do this in purposeful and relevant ways and how do we integrate authentic and meaningful information about Indigenous peoples and cultures across the Americas? It\u2019s a big task for educators to address these perspectives so I wanted to be a part of this institute to experience and learn how to do this.\u201d<\/p>\n<p>During his time in the Chicoutimi-Saguenay region, James attended workshops, graduate seminars, visited First Nations communities, and participated in panels with peers from Guatemala, Brazil, Haiti, French Guiana, Costa Rica, Cuba, the USA, and across Canada.<\/p>\n<p>\u201cMy goal was to bring back a stronger understanding of the French-speaking regions across the Caribbean, and North, Central, and South America to our students at York,\u201d Steele said. \u201cI\u2019m looking forward to doing this in my classes with my students in the upcoming academic year.\u201d<\/p>\n","protected":false},"excerpt":{"rendered":"<p>French as a Second Language course director James Steele was one of 40 participants from across the Western Hemisphere chosen to take part in the fifth edition of Universit\u00e9 d\u2019\u00e9t\u00e9 sur la Francophonie des Am\u00e9riques (Summer University on the French-speaking Regions of the Americas), a graduate level seminar for Masters and doctoral students, professionals, and [&hellip;]<\/p>\n","protected":false},"author":47,"featured_media":15376,"comment_status":"closed","ping_status":"closed","sticky":false,"template":"","format":"standard","meta":{"_kad_blocks_custom_css":"","_kad_blocks_head_custom_js":"","_kad_blocks_body_custom_js":"","_kad_blocks_footer_custom_js":"","footnotes":""},"categories":[4],"tags":[],"class_list":["post-15374","post","type-post","status-publish","format-standard","has-post-thumbnail","hentry","category-news"],"yoast_head":"<!-- This site is optimized with the Yoast SEO plugin v27.4 - https:\/\/yoast.com\/product\/yoast-seo-wordpress\/ -->\n<title>York course director chosen to participate in summer-university on the French-speaking regions of the Americas | Faculty of Education<\/title>\n<meta name=\"robots\" content=\"index, follow, max-snippet:-1, max-image-preview:large, max-video-preview:-1\" \/>\n<link rel=\"canonical\" href=\"https:\/\/www.yorku.ca\/edu\/2017\/07\/05\/york-course-director-chosen-to-participate-in-summer-university-on-the-french-speaking-regions-of-the-americas\/\" \/>\n<meta property=\"og:locale\" content=\"en_US\" \/>\n<meta property=\"og:type\" content=\"article\" \/>\n<meta property=\"og:title\" content=\"York course director chosen to participate in summer-university on the French-speaking regions of the Americas | Faculty of Education\" \/>\n<meta property=\"og:description\" content=\"French as a Second Language course director James Steele was one of 40 participants from across the Western Hemisphere chosen to take part in the fifth edition of Universit\u00e9 d\u2019\u00e9t\u00e9 sur la Francophonie des Am\u00e9riques (Summer University on the French-speaking Regions of the Americas), a graduate level seminar for Masters and doctoral students, professionals, and [&hellip;]\" \/>\n<meta property=\"og:url\" content=\"https:\/\/www.yorku.ca\/edu\/2017\/07\/05\/york-course-director-chosen-to-participate-in-summer-university-on-the-french-speaking-regions-of-the-americas\/\" \/>\n<meta property=\"og:site_name\" content=\"Faculty of Education\" \/>\n<meta property=\"article:publisher\" content=\"https:\/\/www.facebook.com\/YorkUeducation\" \/>\n<meta property=\"article:published_time\" content=\"2017-07-05T14:43:50+00:00\" \/>\n<meta name=\"author\" content=\"acoward\" \/>\n<meta name=\"twitter:card\" content=\"summary_large_image\" \/>\n<meta name=\"twitter:creator\" content=\"@YorkUeducation\" \/>\n<meta name=\"twitter:site\" content=\"@YorkUeducation\" \/>\n<meta name=\"twitter:label1\" content=\"Written by\" \/>\n\t<meta name=\"twitter:data1\" content=\"acoward\" \/>\n\t<meta name=\"twitter:label2\" content=\"Est. reading time\" \/>\n\t<meta name=\"twitter:data2\" content=\"1 minute\" \/>\n<script type=\"application\/ld+json\" class=\"yoast-schema-graph\">{\"@context\":\"https:\\\/\\\/schema.org\",\"@graph\":[{\"@type\":\"Article\",\"@id\":\"https:\\\/\\\/www.yorku.ca\\\/edu\\\/2017\\\/07\\\/05\\\/york-course-director-chosen-to-participate-in-summer-university-on-the-french-speaking-regions-of-the-americas\\\/#article\",\"isPartOf\":{\"@id\":\"https:\\\/\\\/www.yorku.ca\\\/edu\\\/2017\\\/07\\\/05\\\/york-course-director-chosen-to-participate-in-summer-university-on-the-french-speaking-regions-of-the-americas\\\/\"},\"author\":{\"name\":\"acoward\",\"@id\":\"https:\\\/\\\/www.yorku.ca\\\/edu\\\/#\\\/schema\\\/person\\\/0d913e708acb11365c2b7e886339d8de\"},\"headline\":\"York course director chosen to participate in summer-university on the French-speaking regions of the Americas\",\"datePublished\":\"2017-07-05T14:43:50+00:00\",\"mainEntityOfPage\":{\"@id\":\"https:\\\/\\\/www.yorku.ca\\\/edu\\\/2017\\\/07\\\/05\\\/york-course-director-chosen-to-participate-in-summer-university-on-the-french-speaking-regions-of-the-americas\\\/\"},\"wordCount\":294,\"publisher\":{\"@id\":\"https:\\\/\\\/www.yorku.ca\\\/edu\\\/#organization\"},\"image\":{\"@id\":\"https:\\\/\\\/www.yorku.ca\\\/edu\\\/2017\\\/07\\\/05\\\/york-course-director-chosen-to-participate-in-summer-university-on-the-french-speaking-regions-of-the-americas\\\/#primaryimage\"},\"thumbnailUrl\":\"\",\"articleSection\":[\"News Articles\"],\"inLanguage\":\"en-CA\"},{\"@type\":\"WebPage\",\"@id\":\"https:\\\/\\\/www.yorku.ca\\\/edu\\\/2017\\\/07\\\/05\\\/york-course-director-chosen-to-participate-in-summer-university-on-the-french-speaking-regions-of-the-americas\\\/\",\"url\":\"https:\\\/\\\/www.yorku.ca\\\/edu\\\/2017\\\/07\\\/05\\\/york-course-director-chosen-to-participate-in-summer-university-on-the-french-speaking-regions-of-the-americas\\\/\",\"name\":\"York course director chosen to participate in summer-university on the French-speaking regions of the Americas | Faculty of Education\",\"isPartOf\":{\"@id\":\"https:\\\/\\\/www.yorku.ca\\\/edu\\\/#website\"},\"primaryImageOfPage\":{\"@id\":\"https:\\\/\\\/www.yorku.ca\\\/edu\\\/2017\\\/07\\\/05\\\/york-course-director-chosen-to-participate-in-summer-university-on-the-french-speaking-regions-of-the-americas\\\/#primaryimage\"},\"image\":{\"@id\":\"https:\\\/\\\/www.yorku.ca\\\/edu\\\/2017\\\/07\\\/05\\\/york-course-director-chosen-to-participate-in-summer-university-on-the-french-speaking-regions-of-the-americas\\\/#primaryimage\"},\"thumbnailUrl\":\"\",\"datePublished\":\"2017-07-05T14:43:50+00:00\",\"breadcrumb\":{\"@id\":\"https:\\\/\\\/www.yorku.ca\\\/edu\\\/2017\\\/07\\\/05\\\/york-course-director-chosen-to-participate-in-summer-university-on-the-french-speaking-regions-of-the-americas\\\/#breadcrumb\"},\"inLanguage\":\"en-CA\",\"potentialAction\":[{\"@type\":\"ReadAction\",\"target\":[\"https:\\\/\\\/www.yorku.ca\\\/edu\\\/2017\\\/07\\\/05\\\/york-course-director-chosen-to-participate-in-summer-university-on-the-french-speaking-regions-of-the-americas\\\/\"]}]},{\"@type\":\"ImageObject\",\"inLanguage\":\"en-CA\",\"@id\":\"https:\\\/\\\/www.yorku.ca\\\/edu\\\/2017\\\/07\\\/05\\\/york-course-director-chosen-to-participate-in-summer-university-on-the-french-speaking-regions-of-the-americas\\\/#primaryimage\",\"url\":\"\",\"contentUrl\":\"\"},{\"@type\":\"BreadcrumbList\",\"@id\":\"https:\\\/\\\/www.yorku.ca\\\/edu\\\/2017\\\/07\\\/05\\\/york-course-director-chosen-to-participate-in-summer-university-on-the-french-speaking-regions-of-the-americas\\\/#breadcrumb\",\"itemListElement\":[{\"@type\":\"ListItem\",\"position\":1,\"name\":\"Home\",\"item\":\"https:\\\/\\\/www.yorku.ca\\\/edu\\\/\"},{\"@type\":\"ListItem\",\"position\":2,\"name\":\"York course director chosen to participate in summer-university on the French-speaking regions of the Americas\"}]},{\"@type\":\"WebSite\",\"@id\":\"https:\\\/\\\/www.yorku.ca\\\/edu\\\/#website\",\"url\":\"https:\\\/\\\/www.yorku.ca\\\/edu\\\/\",\"name\":\"Faculty of Education\",\"description\":\"Reinventing education for a diverse, complex world.\",\"publisher\":{\"@id\":\"https:\\\/\\\/www.yorku.ca\\\/edu\\\/#organization\"},\"potentialAction\":[{\"@type\":\"SearchAction\",\"target\":{\"@type\":\"EntryPoint\",\"urlTemplate\":\"https:\\\/\\\/www.yorku.ca\\\/edu\\\/?s={search_term_string}\"},\"query-input\":{\"@type\":\"PropertyValueSpecification\",\"valueRequired\":true,\"valueName\":\"search_term_string\"}}],\"inLanguage\":\"en-CA\"},{\"@type\":\"Organization\",\"@id\":\"https:\\\/\\\/www.yorku.ca\\\/edu\\\/#organization\",\"name\":\"York University Faculty of Education\",\"url\":\"https:\\\/\\\/www.yorku.ca\\\/edu\\\/\",\"logo\":{\"@type\":\"ImageObject\",\"inLanguage\":\"en-CA\",\"@id\":\"https:\\\/\\\/www.yorku.ca\\\/edu\\\/#\\\/schema\\\/logo\\\/image\\\/\",\"url\":\"https:\\\/\\\/www.yorku.ca\\\/edu\\\/wp-content\\\/uploads\\\/sites\\\/28\\\/2020\\\/07\\\/education.png\",\"contentUrl\":\"https:\\\/\\\/www.yorku.ca\\\/edu\\\/wp-content\\\/uploads\\\/sites\\\/28\\\/2020\\\/07\\\/education.png\",\"width\":241,\"height\":56,\"caption\":\"York University Faculty of Education\"},\"image\":{\"@id\":\"https:\\\/\\\/www.yorku.ca\\\/edu\\\/#\\\/schema\\\/logo\\\/image\\\/\"},\"sameAs\":[\"https:\\\/\\\/www.facebook.com\\\/YorkUeducation\",\"https:\\\/\\\/x.com\\\/YorkUeducation\",\"https:\\\/\\\/www.instagram.com\\\/yorkueducation\",\"https:\\\/\\\/www.youtube.com\\\/user\\\/YorkUEducation\",\"https:\\\/\\\/en.wikipedia.org\\\/wiki\\\/York_University\"]},{\"@type\":\"Person\",\"@id\":\"https:\\\/\\\/www.yorku.ca\\\/edu\\\/#\\\/schema\\\/person\\\/0d913e708acb11365c2b7e886339d8de\",\"name\":\"acoward\",\"image\":{\"@type\":\"ImageObject\",\"inLanguage\":\"en-CA\",\"@id\":\"https:\\\/\\\/secure.gravatar.com\\\/avatar\\\/a39f01e885c59b4ee835ed7038a74c3184fdd7328c2635389ad8c094f66d8f25?s=96&d=mm&r=g\",\"url\":\"https:\\\/\\\/secure.gravatar.com\\\/avatar\\\/a39f01e885c59b4ee835ed7038a74c3184fdd7328c2635389ad8c094f66d8f25?s=96&d=mm&r=g\",\"contentUrl\":\"https:\\\/\\\/secure.gravatar.com\\\/avatar\\\/a39f01e885c59b4ee835ed7038a74c3184fdd7328c2635389ad8c094f66d8f25?s=96&d=mm&r=g\",\"caption\":\"acoward\"},\"url\":\"https:\\\/\\\/www.yorku.ca\\\/edu\\\/author\\\/acoward\\\/\"}]}<\/script>\n<!-- \/ Yoast SEO plugin. -->","yoast_head_json":{"title":"York course director chosen to participate in summer-university on the French-speaking regions of the Americas | Faculty of Education","robots":{"index":"index","follow":"follow","max-snippet":"max-snippet:-1","max-image-preview":"max-image-preview:large","max-video-preview":"max-video-preview:-1"},"canonical":"https:\/\/www.yorku.ca\/edu\/2017\/07\/05\/york-course-director-chosen-to-participate-in-summer-university-on-the-french-speaking-regions-of-the-americas\/","og_locale":"en_US","og_type":"article","og_title":"York course director chosen to participate in summer-university on the French-speaking regions of the Americas | Faculty of Education","og_description":"French as a Second Language course director James Steele was one of 40 participants from across the Western Hemisphere chosen to take part in the fifth edition of Universit\u00e9 d\u2019\u00e9t\u00e9 sur la Francophonie des Am\u00e9riques (Summer University on the French-speaking Regions of the Americas), a graduate level seminar for Masters and doctoral students, professionals, and [&hellip;]","og_url":"https:\/\/www.yorku.ca\/edu\/2017\/07\/05\/york-course-director-chosen-to-participate-in-summer-university-on-the-french-speaking-regions-of-the-americas\/","og_site_name":"Faculty of Education","article_publisher":"https:\/\/www.facebook.com\/YorkUeducation","article_published_time":"2017-07-05T14:43:50+00:00","author":"acoward","twitter_card":"summary_large_image","twitter_creator":"@YorkUeducation","twitter_site":"@YorkUeducation","twitter_misc":{"Written by":"acoward","Est. reading time":"1 minute"},"schema":{"@context":"https:\/\/schema.org","@graph":[{"@type":"Article","@id":"https:\/\/www.yorku.ca\/edu\/2017\/07\/05\/york-course-director-chosen-to-participate-in-summer-university-on-the-french-speaking-regions-of-the-americas\/#article","isPartOf":{"@id":"https:\/\/www.yorku.ca\/edu\/2017\/07\/05\/york-course-director-chosen-to-participate-in-summer-university-on-the-french-speaking-regions-of-the-americas\/"},"author":{"name":"acoward","@id":"https:\/\/www.yorku.ca\/edu\/#\/schema\/person\/0d913e708acb11365c2b7e886339d8de"},"headline":"York course director chosen to participate in summer-university on the French-speaking regions of the Americas","datePublished":"2017-07-05T14:43:50+00:00","mainEntityOfPage":{"@id":"https:\/\/www.yorku.ca\/edu\/2017\/07\/05\/york-course-director-chosen-to-participate-in-summer-university-on-the-french-speaking-regions-of-the-americas\/"},"wordCount":294,"publisher":{"@id":"https:\/\/www.yorku.ca\/edu\/#organization"},"image":{"@id":"https:\/\/www.yorku.ca\/edu\/2017\/07\/05\/york-course-director-chosen-to-participate-in-summer-university-on-the-french-speaking-regions-of-the-americas\/#primaryimage"},"thumbnailUrl":"","articleSection":["News Articles"],"inLanguage":"en-CA"},{"@type":"WebPage","@id":"https:\/\/www.yorku.ca\/edu\/2017\/07\/05\/york-course-director-chosen-to-participate-in-summer-university-on-the-french-speaking-regions-of-the-americas\/","url":"https:\/\/www.yorku.ca\/edu\/2017\/07\/05\/york-course-director-chosen-to-participate-in-summer-university-on-the-french-speaking-regions-of-the-americas\/","name":"York course director chosen to participate in summer-university on the French-speaking regions of the Americas | Faculty of Education","isPartOf":{"@id":"https:\/\/www.yorku.ca\/edu\/#website"},"primaryImageOfPage":{"@id":"https:\/\/www.yorku.ca\/edu\/2017\/07\/05\/york-course-director-chosen-to-participate-in-summer-university-on-the-french-speaking-regions-of-the-americas\/#primaryimage"},"image":{"@id":"https:\/\/www.yorku.ca\/edu\/2017\/07\/05\/york-course-director-chosen-to-participate-in-summer-university-on-the-french-speaking-regions-of-the-americas\/#primaryimage"},"thumbnailUrl":"","datePublished":"2017-07-05T14:43:50+00:00","breadcrumb":{"@id":"https:\/\/www.yorku.ca\/edu\/2017\/07\/05\/york-course-director-chosen-to-participate-in-summer-university-on-the-french-speaking-regions-of-the-americas\/#breadcrumb"},"inLanguage":"en-CA","potentialAction":[{"@type":"ReadAction","target":["https:\/\/www.yorku.ca\/edu\/2017\/07\/05\/york-course-director-chosen-to-participate-in-summer-university-on-the-french-speaking-regions-of-the-americas\/"]}]},{"@type":"ImageObject","inLanguage":"en-CA","@id":"https:\/\/www.yorku.ca\/edu\/2017\/07\/05\/york-course-director-chosen-to-participate-in-summer-university-on-the-french-speaking-regions-of-the-americas\/#primaryimage","url":"","contentUrl":""},{"@type":"BreadcrumbList","@id":"https:\/\/www.yorku.ca\/edu\/2017\/07\/05\/york-course-director-chosen-to-participate-in-summer-university-on-the-french-speaking-regions-of-the-americas\/#breadcrumb","itemListElement":[{"@type":"ListItem","position":1,"name":"Home","item":"https:\/\/www.yorku.ca\/edu\/"},{"@type":"ListItem","position":2,"name":"York course director chosen to participate in summer-university on the French-speaking regions of the Americas"}]},{"@type":"WebSite","@id":"https:\/\/www.yorku.ca\/edu\/#website","url":"https:\/\/www.yorku.ca\/edu\/","name":"Faculty of Education","description":"Reinventing education for a diverse, complex world.","publisher":{"@id":"https:\/\/www.yorku.ca\/edu\/#organization"},"potentialAction":[{"@type":"SearchAction","target":{"@type":"EntryPoint","urlTemplate":"https:\/\/www.yorku.ca\/edu\/?s={search_term_string}"},"query-input":{"@type":"PropertyValueSpecification","valueRequired":true,"valueName":"search_term_string"}}],"inLanguage":"en-CA"},{"@type":"Organization","@id":"https:\/\/www.yorku.ca\/edu\/#organization","name":"York University Faculty of Education","url":"https:\/\/www.yorku.ca\/edu\/","logo":{"@type":"ImageObject","inLanguage":"en-CA","@id":"https:\/\/www.yorku.ca\/edu\/#\/schema\/logo\/image\/","url":"https:\/\/www.yorku.ca\/edu\/wp-content\/uploads\/sites\/28\/2020\/07\/education.png","contentUrl":"https:\/\/www.yorku.ca\/edu\/wp-content\/uploads\/sites\/28\/2020\/07\/education.png","width":241,"height":56,"caption":"York University Faculty of Education"},"image":{"@id":"https:\/\/www.yorku.ca\/edu\/#\/schema\/logo\/image\/"},"sameAs":["https:\/\/www.facebook.com\/YorkUeducation","https:\/\/x.com\/YorkUeducation","https:\/\/www.instagram.com\/yorkueducation","https:\/\/www.youtube.com\/user\/YorkUEducation","https:\/\/en.wikipedia.org\/wiki\/York_University"]},{"@type":"Person","@id":"https:\/\/www.yorku.ca\/edu\/#\/schema\/person\/0d913e708acb11365c2b7e886339d8de","name":"acoward","image":{"@type":"ImageObject","inLanguage":"en-CA","@id":"https:\/\/secure.gravatar.com\/avatar\/a39f01e885c59b4ee835ed7038a74c3184fdd7328c2635389ad8c094f66d8f25?s=96&d=mm&r=g","url":"https:\/\/secure.gravatar.com\/avatar\/a39f01e885c59b4ee835ed7038a74c3184fdd7328c2635389ad8c094f66d8f25?s=96&d=mm&r=g","contentUrl":"https:\/\/secure.gravatar.com\/avatar\/a39f01e885c59b4ee835ed7038a74c3184fdd7328c2635389ad8c094f66d8f25?s=96&d=mm&r=g","caption":"acoward"},"url":"https:\/\/www.yorku.ca\/edu\/author\/acoward\/"}]}},"taxonomy_info":{"category":[{"value":4,"label":"News Articles"}]},"featured_image_src_large":false,"author_info":{"display_name":"acoward","author_link":"https:\/\/www.yorku.ca\/edu\/author\/acoward\/"},"comment_info":0,"category_info":[{"term_id":4,"name":"News Articles","slug":"news","term_group":0,"term_taxonomy_id":4,"taxonomy":"category","description":"News Articles go here","parent":0,"count":259,"filter":"raw","cat_ID":4,"category_count":259,"category_description":"News Articles go here","cat_name":"News Articles","category_nicename":"news","category_parent":0}],"tag_info":false,"_links":{"self":[{"href":"https:\/\/www.yorku.ca\/edu\/wp-json\/wp\/v2\/posts\/15374","targetHints":{"allow":["GET"]}}],"collection":[{"href":"https:\/\/www.yorku.ca\/edu\/wp-json\/wp\/v2\/posts"}],"about":[{"href":"https:\/\/www.yorku.ca\/edu\/wp-json\/wp\/v2\/types\/post"}],"author":[{"embeddable":true,"href":"https:\/\/www.yorku.ca\/edu\/wp-json\/wp\/v2\/users\/47"}],"replies":[{"embeddable":true,"href":"https:\/\/www.yorku.ca\/edu\/wp-json\/wp\/v2\/comments?post=15374"}],"version-history":[{"count":0,"href":"https:\/\/www.yorku.ca\/edu\/wp-json\/wp\/v2\/posts\/15374\/revisions"}],"wp:featuredmedia":[{"embeddable":true,"href":"https:\/\/www.yorku.ca\/edu\/wp-json\/"}],"wp:attachment":[{"href":"https:\/\/www.yorku.ca\/edu\/wp-json\/wp\/v2\/media?parent=15374"}],"wp:term":[{"taxonomy":"category","embeddable":true,"href":"https:\/\/www.yorku.ca\/edu\/wp-json\/wp\/v2\/categories?post=15374"},{"taxonomy":"post_tag","embeddable":true,"href":"https:\/\/www.yorku.ca\/edu\/wp-json\/wp\/v2\/tags?post=15374"}],"curies":[{"name":"wp","href":"https:\/\/api.w.org\/{rel}","templated":true}]}}