{"id":16424,"date":"2011-02-10T00:00:00","date_gmt":"2011-02-10T04:00:00","guid":{"rendered":"https:\/\/yfiledev.uit.yorku.ca\/2011\/02\/10\/schulich-to-help-develop-national-curriculum-in-global-trade\/"},"modified":"2025-04-01T15:09:35","modified_gmt":"2025-04-01T19:09:35","slug":"schulich-to-help-develop-national-curriculum-in-global-trade","status":"publish","type":"post","link":"https:\/\/www.yorku.ca\/yfile\/2011\/02\/10\/schulich-to-help-develop-national-curriculum-in-global-trade\/","title":{"rendered":"Schulich to help develop national curriculum in global trade"},"content":{"rendered":"<p>The Schulich School of Business at York University and Export Development Canada (EDC)\u00a0announced yesterday an agreement to create a National Curriculum in Integrative Trade for undergraduate business students across Canada. The national curriculum will focus on developing business leaders who can successfully manage international trade, foreign investment and global supply chains. As part of the agreement, Schulich will also create a new undergraduate certificate program in Managing International Trade &amp; Foreign Investment.<\/p>\n<table border=\"0\" summary=\"\" width=\"200\" cellspacing=\"0\" cellpadding=\"8\" align=\"center\">\n<tbody>\n<tr>\n<td><strong><img loading=\"lazy\" decoding=\"async\" src=\"http:\/\/www.yorku.ca\/yfile\/photos\/20110210\/cropped_Schulich.jpg\" alt=\"\" width=\"450\" height=\"271\" \/><\/strong><\/td>\n<\/tr>\n<tr>\n<td><strong>Above: From left, Albert van Eeden, regional vice-president (Ontario), EDC; Rosemarie Boyle, vice-president, strategic planning &amp; corporate communications, EDC; Eric Siegel, former president &amp; CEO, EDC; Dezs\u00f6 Horv\u00e1th, dean of the Schulich School of Business; Ruth Fothergill, head of corporate responsibility, EDC; Anne-\u00c9lisabeth Pich\u00e9, adviser, community investment &amp; education, EDC; and Paul Labb\u00e9, former president &amp; CEO, EDC<\/strong><\/td>\n<\/tr>\n<\/tbody>\n<\/table>\n<p>The national curriculum will include a number of learning modules focused on the hands-on implementation and management of international commerce, particularly within small to mid-sized enterprises. Other key areas of learning contained in the national curriculum include cultural sensitivity training and negotiating in a global context. Once developed, the national curriculum will be made available to business schools throughout Canada in both official languages.<\/p>\n<p>The certificate program, offered at the Schulich School of Business beginning in the 2012-2013 academic year, will be aimed at students looking to pursue careers in international business and will include a four-month work internship. Since the development of its\u00a0International MBA (IMBA) program in the early 1990s, Schulich has provided work internship opportunities for students at approximately 500 companies and organizations in more than 50 countries. Schulich will work closely with EDC and its corporate network to generate a number of additional internship opportunities.<\/p>\n<p>\"In the same way that integrative trade has evolved to become the global business model of today and the future, Canada needs to integrate global trade education into its curriculums to produce a generation that has trade in its DNA and\u00a0Canadian business leaders as adept at negotiating the markets of Mumbai and Shanghai as they are in the boardrooms of Bay Street,\" said Stephen Poloz, EDC\u2019s president\u00a0&amp; CEO. \"EDC has been a longtime promoter of integrative trade and internationally minded business education, and our partnership with Schulich is an important step in advancing Canada\u2019s ability to compete in the global marketplace.\"<\/p>\n<p>\"As Canada's export credit agency, with on-the-ground knowledge of export markets around the world, EDC is an ideal partner in undertaking this innovative national project aimed at enhancing Canada's managerial expertise in international business,\" said Dezs\u00f6 Horv\u00e1th, dean of the Schulich School of Business. \"In today's increasingly international business environment, business education must become more global in content, scope and outreach. In order for Canadian businesses to succeed in this highly globalized economy, business school graduates will need to enter the workforce with a greater degree of expertise in the areas of exporting, importing, licensing and foreign investment.\"<\/p>\n<p>The initiatives announced yesterday reinforce the mandates of both EDC and the Schulich School. EDC has a longstanding commitment to promoting a trade culture in Canada in partnership with Canada\u2019s universities and business schools. Each year, through scholarships, development of case studies and youth partnership programs, EDC reaches hundreds of Canadian students, opening important channels of communication with tomorrow\u2019s global business leaders. The Schulich School of Business is widely known for its expertise in international business and its role in preparing managers to conduct business within a global context. The school pioneered Canada\u2019s first International MBA and International BBA degrees, as well as North America\u2019s first ever cross-border executive MBA degree, the Kellogg-Schulich Executive MBA.<\/p>\n","protected":false},"excerpt":{"rendered":"<p>Schulich and Export Development Canada will create learning modules for business undergrads across the country... <\/p>\n","protected":false},"author":5,"featured_media":0,"comment_status":"open","ping_status":"open","sticky":false,"template":"","format":"standard","meta":{"_acf_changed":false,"_kad_blocks_custom_css":"","_kad_blocks_head_custom_js":"","_kad_blocks_body_custom_js":"","_kad_blocks_footer_custom_js":"","footnotes":""},"categories":[25],"tags":[46],"yfileauthor":[],"qualifier":[],"yfile-author":[],"tags-to-show":[165],"workflow":[],"class_list":["post-16424","post","type-post","status-publish","format-standard","hentry","category-editors-picks","tag-schulich","tags-to-show-schulich"],"acf":{"internal_publish_date":null,"original_image":null},"yoast_head":"<!-- This site is optimized with the Yoast SEO plugin v27.4 - https:\/\/yoast.com\/product\/yoast-seo-wordpress\/ -->\n<title>Schulich to help develop national curriculum in global trade - YFile<\/title>\n<meta name=\"robots\" content=\"index, follow, max-snippet:-1, max-image-preview:large, max-video-preview:-1\" \/>\n<link rel=\"canonical\" href=\"https:\/\/www.yorku.ca\/yfile\/2011\/02\/10\/schulich-to-help-develop-national-curriculum-in-global-trade\/\" \/>\n<meta property=\"og:locale\" content=\"en_US\" \/>\n<meta property=\"og:type\" content=\"article\" \/>\n<meta property=\"og:title\" content=\"Schulich to help develop national curriculum in global trade - YFile\" \/>\n<meta property=\"og:description\" content=\"Schulich and Export Development Canada will create learning modules for business undergrads across the country...\" \/>\n<meta property=\"og:url\" content=\"https:\/\/www.yorku.ca\/yfile\/2011\/02\/10\/schulich-to-help-develop-national-curriculum-in-global-trade\/\" \/>\n<meta property=\"og:site_name\" content=\"YFile\" \/>\n<meta property=\"article:published_time\" content=\"2011-02-10T04:00:00+00:00\" \/>\n<meta property=\"article:modified_time\" content=\"2025-04-01T19:09:35+00:00\" \/>\n<meta property=\"og:image\" content=\"http:\/\/www.yorku.ca\/yfile\/photos\/20110210\/cropped_Schulich.jpg\" \/>\n<meta name=\"author\" content=\"phalfert\" \/>\n<meta name=\"twitter:card\" content=\"summary_large_image\" \/>\n<meta name=\"twitter:label1\" content=\"Written by\" \/>\n\t<meta name=\"twitter:data1\" content=\"phalfert\" \/>\n\t<meta name=\"twitter:label2\" content=\"Est. reading time\" \/>\n\t<meta name=\"twitter:data2\" content=\"3 minutes\" \/>\n<script type=\"application\/ld+json\" class=\"yoast-schema-graph\">{\"@context\":\"https:\\\/\\\/schema.org\",\"@graph\":[{\"@type\":\"Article\",\"@id\":\"https:\\\/\\\/www.yorku.ca\\\/yfile\\\/2011\\\/02\\\/10\\\/schulich-to-help-develop-national-curriculum-in-global-trade\\\/#article\",\"isPartOf\":{\"@id\":\"https:\\\/\\\/www.yorku.ca\\\/yfile\\\/2011\\\/02\\\/10\\\/schulich-to-help-develop-national-curriculum-in-global-trade\\\/\"},\"author\":{\"name\":\"phalfert\",\"@id\":\"https:\\\/\\\/www.yorku.ca\\\/yfile\\\/#\\\/schema\\\/person\\\/21f3dffe794363be5ece4ec7f538a0c0\"},\"headline\":\"Schulich to help develop national curriculum in global trade\",\"datePublished\":\"2011-02-10T04:00:00+00:00\",\"dateModified\":\"2025-04-01T19:09:35+00:00\",\"mainEntityOfPage\":{\"@id\":\"https:\\\/\\\/www.yorku.ca\\\/yfile\\\/2011\\\/02\\\/10\\\/schulich-to-help-develop-national-curriculum-in-global-trade\\\/\"},\"wordCount\":615,\"commentCount\":0,\"image\":{\"@id\":\"https:\\\/\\\/www.yorku.ca\\\/yfile\\\/2011\\\/02\\\/10\\\/schulich-to-help-develop-national-curriculum-in-global-trade\\\/#primaryimage\"},\"thumbnailUrl\":\"http:\\\/\\\/www.yorku.ca\\\/yfile\\\/photos\\\/20110210\\\/cropped_Schulich.jpg\",\"keywords\":[\"Schulich\"],\"articleSection\":[\"Editor's Picks\"],\"inLanguage\":\"en-CA\",\"potentialAction\":[{\"@type\":\"CommentAction\",\"name\":\"Comment\",\"target\":[\"https:\\\/\\\/www.yorku.ca\\\/yfile\\\/2011\\\/02\\\/10\\\/schulich-to-help-develop-national-curriculum-in-global-trade\\\/#respond\"]}],\"copyrightYear\":\"2011\",\"copyrightHolder\":{\"@id\":\"https:\\\/\\\/www.yorku.ca\\\/yfile\\\/#organization\"}},{\"@type\":\"WebPage\",\"@id\":\"https:\\\/\\\/www.yorku.ca\\\/yfile\\\/2011\\\/02\\\/10\\\/schulich-to-help-develop-national-curriculum-in-global-trade\\\/\",\"url\":\"https:\\\/\\\/www.yorku.ca\\\/yfile\\\/2011\\\/02\\\/10\\\/schulich-to-help-develop-national-curriculum-in-global-trade\\\/\",\"name\":\"Schulich to help develop national curriculum in global trade - YFile\",\"isPartOf\":{\"@id\":\"https:\\\/\\\/www.yorku.ca\\\/yfile\\\/#website\"},\"primaryImageOfPage\":{\"@id\":\"https:\\\/\\\/www.yorku.ca\\\/yfile\\\/2011\\\/02\\\/10\\\/schulich-to-help-develop-national-curriculum-in-global-trade\\\/#primaryimage\"},\"image\":{\"@id\":\"https:\\\/\\\/www.yorku.ca\\\/yfile\\\/2011\\\/02\\\/10\\\/schulich-to-help-develop-national-curriculum-in-global-trade\\\/#primaryimage\"},\"thumbnailUrl\":\"http:\\\/\\\/www.yorku.ca\\\/yfile\\\/photos\\\/20110210\\\/cropped_Schulich.jpg\",\"datePublished\":\"2011-02-10T04:00:00+00:00\",\"dateModified\":\"2025-04-01T19:09:35+00:00\",\"author\":{\"@id\":\"https:\\\/\\\/www.yorku.ca\\\/yfile\\\/#\\\/schema\\\/person\\\/21f3dffe794363be5ece4ec7f538a0c0\"},\"breadcrumb\":{\"@id\":\"https:\\\/\\\/www.yorku.ca\\\/yfile\\\/2011\\\/02\\\/10\\\/schulich-to-help-develop-national-curriculum-in-global-trade\\\/#breadcrumb\"},\"inLanguage\":\"en-CA\",\"potentialAction\":[{\"@type\":\"ReadAction\",\"target\":[\"https:\\\/\\\/www.yorku.ca\\\/yfile\\\/2011\\\/02\\\/10\\\/schulich-to-help-develop-national-curriculum-in-global-trade\\\/\"]}]},{\"@type\":\"ImageObject\",\"inLanguage\":\"en-CA\",\"@id\":\"https:\\\/\\\/www.yorku.ca\\\/yfile\\\/2011\\\/02\\\/10\\\/schulich-to-help-develop-national-curriculum-in-global-trade\\\/#primaryimage\",\"url\":\"http:\\\/\\\/www.yorku.ca\\\/yfile\\\/photos\\\/20110210\\\/cropped_Schulich.jpg\",\"contentUrl\":\"http:\\\/\\\/www.yorku.ca\\\/yfile\\\/photos\\\/20110210\\\/cropped_Schulich.jpg\"},{\"@type\":\"BreadcrumbList\",\"@id\":\"https:\\\/\\\/www.yorku.ca\\\/yfile\\\/2011\\\/02\\\/10\\\/schulich-to-help-develop-national-curriculum-in-global-trade\\\/#breadcrumb\",\"itemListElement\":[{\"@type\":\"ListItem\",\"position\":1,\"name\":\"Home\",\"item\":\"https:\\\/\\\/www.yorku.ca\\\/yfile\\\/\"},{\"@type\":\"ListItem\",\"position\":2,\"name\":\"Schulich to help develop national curriculum in global trade\"}]},{\"@type\":\"WebSite\",\"@id\":\"https:\\\/\\\/www.yorku.ca\\\/yfile\\\/#website\",\"url\":\"https:\\\/\\\/www.yorku.ca\\\/yfile\\\/\",\"name\":\"YFile\",\"description\":\"\",\"potentialAction\":[{\"@type\":\"SearchAction\",\"target\":{\"@type\":\"EntryPoint\",\"urlTemplate\":\"https:\\\/\\\/www.yorku.ca\\\/yfile\\\/?s={search_term_string}\"},\"query-input\":{\"@type\":\"PropertyValueSpecification\",\"valueRequired\":true,\"valueName\":\"search_term_string\"}}],\"inLanguage\":\"en-CA\"},{\"@type\":\"Person\",\"@id\":\"https:\\\/\\\/www.yorku.ca\\\/yfile\\\/#\\\/schema\\\/person\\\/21f3dffe794363be5ece4ec7f538a0c0\",\"name\":\"phalfert\",\"image\":{\"@type\":\"ImageObject\",\"inLanguage\":\"en-CA\",\"@id\":\"https:\\\/\\\/secure.gravatar.com\\\/avatar\\\/9e3ac8a4ede7f72dd695c074c5291e11739705deae1422de177298d5aad6d559?s=96&d=mm&r=g\",\"url\":\"https:\\\/\\\/secure.gravatar.com\\\/avatar\\\/9e3ac8a4ede7f72dd695c074c5291e11739705deae1422de177298d5aad6d559?s=96&d=mm&r=g\",\"contentUrl\":\"https:\\\/\\\/secure.gravatar.com\\\/avatar\\\/9e3ac8a4ede7f72dd695c074c5291e11739705deae1422de177298d5aad6d559?s=96&d=mm&r=g\",\"caption\":\"phalfert\"},\"url\":\"https:\\\/\\\/www.yorku.ca\\\/yfile\\\/author\\\/phalfert\\\/\"}]}<\/script>\n<!-- \/ Yoast SEO plugin. -->","yoast_head_json":{"title":"Schulich to help develop national curriculum in global trade - YFile","robots":{"index":"index","follow":"follow","max-snippet":"max-snippet:-1","max-image-preview":"max-image-preview:large","max-video-preview":"max-video-preview:-1"},"canonical":"https:\/\/www.yorku.ca\/yfile\/2011\/02\/10\/schulich-to-help-develop-national-curriculum-in-global-trade\/","og_locale":"en_US","og_type":"article","og_title":"Schulich to help develop national curriculum in global trade - YFile","og_description":"Schulich and Export Development Canada will create learning modules for business undergrads across the country...","og_url":"https:\/\/www.yorku.ca\/yfile\/2011\/02\/10\/schulich-to-help-develop-national-curriculum-in-global-trade\/","og_site_name":"YFile","article_published_time":"2011-02-10T04:00:00+00:00","article_modified_time":"2025-04-01T19:09:35+00:00","og_image":[{"url":"http:\/\/www.yorku.ca\/yfile\/photos\/20110210\/cropped_Schulich.jpg","type":"","width":"","height":""}],"author":"phalfert","twitter_card":"summary_large_image","twitter_misc":{"Written by":"phalfert","Est. reading time":"3 minutes"},"schema":{"@context":"https:\/\/schema.org","@graph":[{"@type":"Article","@id":"https:\/\/www.yorku.ca\/yfile\/2011\/02\/10\/schulich-to-help-develop-national-curriculum-in-global-trade\/#article","isPartOf":{"@id":"https:\/\/www.yorku.ca\/yfile\/2011\/02\/10\/schulich-to-help-develop-national-curriculum-in-global-trade\/"},"author":{"name":"phalfert","@id":"https:\/\/www.yorku.ca\/yfile\/#\/schema\/person\/21f3dffe794363be5ece4ec7f538a0c0"},"headline":"Schulich to help develop national curriculum in global trade","datePublished":"2011-02-10T04:00:00+00:00","dateModified":"2025-04-01T19:09:35+00:00","mainEntityOfPage":{"@id":"https:\/\/www.yorku.ca\/yfile\/2011\/02\/10\/schulich-to-help-develop-national-curriculum-in-global-trade\/"},"wordCount":615,"commentCount":0,"image":{"@id":"https:\/\/www.yorku.ca\/yfile\/2011\/02\/10\/schulich-to-help-develop-national-curriculum-in-global-trade\/#primaryimage"},"thumbnailUrl":"http:\/\/www.yorku.ca\/yfile\/photos\/20110210\/cropped_Schulich.jpg","keywords":["Schulich"],"articleSection":["Editor's Picks"],"inLanguage":"en-CA","potentialAction":[{"@type":"CommentAction","name":"Comment","target":["https:\/\/www.yorku.ca\/yfile\/2011\/02\/10\/schulich-to-help-develop-national-curriculum-in-global-trade\/#respond"]}],"copyrightYear":"2011","copyrightHolder":{"@id":"https:\/\/www.yorku.ca\/yfile\/#organization"}},{"@type":"WebPage","@id":"https:\/\/www.yorku.ca\/yfile\/2011\/02\/10\/schulich-to-help-develop-national-curriculum-in-global-trade\/","url":"https:\/\/www.yorku.ca\/yfile\/2011\/02\/10\/schulich-to-help-develop-national-curriculum-in-global-trade\/","name":"Schulich to help develop national curriculum in global trade - YFile","isPartOf":{"@id":"https:\/\/www.yorku.ca\/yfile\/#website"},"primaryImageOfPage":{"@id":"https:\/\/www.yorku.ca\/yfile\/2011\/02\/10\/schulich-to-help-develop-national-curriculum-in-global-trade\/#primaryimage"},"image":{"@id":"https:\/\/www.yorku.ca\/yfile\/2011\/02\/10\/schulich-to-help-develop-national-curriculum-in-global-trade\/#primaryimage"},"thumbnailUrl":"http:\/\/www.yorku.ca\/yfile\/photos\/20110210\/cropped_Schulich.jpg","datePublished":"2011-02-10T04:00:00+00:00","dateModified":"2025-04-01T19:09:35+00:00","author":{"@id":"https:\/\/www.yorku.ca\/yfile\/#\/schema\/person\/21f3dffe794363be5ece4ec7f538a0c0"},"breadcrumb":{"@id":"https:\/\/www.yorku.ca\/yfile\/2011\/02\/10\/schulich-to-help-develop-national-curriculum-in-global-trade\/#breadcrumb"},"inLanguage":"en-CA","potentialAction":[{"@type":"ReadAction","target":["https:\/\/www.yorku.ca\/yfile\/2011\/02\/10\/schulich-to-help-develop-national-curriculum-in-global-trade\/"]}]},{"@type":"ImageObject","inLanguage":"en-CA","@id":"https:\/\/www.yorku.ca\/yfile\/2011\/02\/10\/schulich-to-help-develop-national-curriculum-in-global-trade\/#primaryimage","url":"http:\/\/www.yorku.ca\/yfile\/photos\/20110210\/cropped_Schulich.jpg","contentUrl":"http:\/\/www.yorku.ca\/yfile\/photos\/20110210\/cropped_Schulich.jpg"},{"@type":"BreadcrumbList","@id":"https:\/\/www.yorku.ca\/yfile\/2011\/02\/10\/schulich-to-help-develop-national-curriculum-in-global-trade\/#breadcrumb","itemListElement":[{"@type":"ListItem","position":1,"name":"Home","item":"https:\/\/www.yorku.ca\/yfile\/"},{"@type":"ListItem","position":2,"name":"Schulich to help develop national curriculum in global trade"}]},{"@type":"WebSite","@id":"https:\/\/www.yorku.ca\/yfile\/#website","url":"https:\/\/www.yorku.ca\/yfile\/","name":"YFile","description":"","potentialAction":[{"@type":"SearchAction","target":{"@type":"EntryPoint","urlTemplate":"https:\/\/www.yorku.ca\/yfile\/?s={search_term_string}"},"query-input":{"@type":"PropertyValueSpecification","valueRequired":true,"valueName":"search_term_string"}}],"inLanguage":"en-CA"},{"@type":"Person","@id":"https:\/\/www.yorku.ca\/yfile\/#\/schema\/person\/21f3dffe794363be5ece4ec7f538a0c0","name":"phalfert","image":{"@type":"ImageObject","inLanguage":"en-CA","@id":"https:\/\/secure.gravatar.com\/avatar\/9e3ac8a4ede7f72dd695c074c5291e11739705deae1422de177298d5aad6d559?s=96&d=mm&r=g","url":"https:\/\/secure.gravatar.com\/avatar\/9e3ac8a4ede7f72dd695c074c5291e11739705deae1422de177298d5aad6d559?s=96&d=mm&r=g","contentUrl":"https:\/\/secure.gravatar.com\/avatar\/9e3ac8a4ede7f72dd695c074c5291e11739705deae1422de177298d5aad6d559?s=96&d=mm&r=g","caption":"phalfert"},"url":"https:\/\/www.yorku.ca\/yfile\/author\/phalfert\/"}]}},"taxonomy_info":{"category":[{"value":25,"label":"Editor's Picks"}],"post_tag":[{"value":46,"label":"Schulich"}],"tags-to-show":[{"value":165,"label":"Schulich"}]},"featured_image_src_large":false,"author_info":{"display_name":"phalfert","author_link":"https:\/\/www.yorku.ca\/yfile\/author\/phalfert\/"},"comment_info":0,"category_info":[{"term_id":25,"name":"Editor's Picks","slug":"editors-picks","term_group":0,"term_taxonomy_id":25,"taxonomy":"category","description":"","parent":0,"count":6272,"filter":"raw","cat_ID":25,"category_count":6272,"category_description":"","cat_name":"Editor's Picks","category_nicename":"editors-picks","category_parent":0}],"tag_info":[{"term_id":46,"name":"Schulich","slug":"schulich","term_group":0,"term_taxonomy_id":46,"taxonomy":"post_tag","description":"","parent":0,"count":417,"filter":"raw"}],"_links":{"self":[{"href":"https:\/\/www.yorku.ca\/yfile\/wp-json\/wp\/v2\/posts\/16424","targetHints":{"allow":["GET"]}}],"collection":[{"href":"https:\/\/www.yorku.ca\/yfile\/wp-json\/wp\/v2\/posts"}],"about":[{"href":"https:\/\/www.yorku.ca\/yfile\/wp-json\/wp\/v2\/types\/post"}],"author":[{"embeddable":true,"href":"https:\/\/www.yorku.ca\/yfile\/wp-json\/wp\/v2\/users\/5"}],"replies":[{"embeddable":true,"href":"https:\/\/www.yorku.ca\/yfile\/wp-json\/wp\/v2\/comments?post=16424"}],"version-history":[{"count":1,"href":"https:\/\/www.yorku.ca\/yfile\/wp-json\/wp\/v2\/posts\/16424\/revisions"}],"predecessor-version":[{"id":360087,"href":"https:\/\/www.yorku.ca\/yfile\/wp-json\/wp\/v2\/posts\/16424\/revisions\/360087"}],"wp:attachment":[{"href":"https:\/\/www.yorku.ca\/yfile\/wp-json\/wp\/v2\/media?parent=16424"}],"wp:term":[{"taxonomy":"category","embeddable":true,"href":"https:\/\/www.yorku.ca\/yfile\/wp-json\/wp\/v2\/categories?post=16424"},{"taxonomy":"post_tag","embeddable":true,"href":"https:\/\/www.yorku.ca\/yfile\/wp-json\/wp\/v2\/tags?post=16424"},{"taxonomy":"yfileauthor","embeddable":true,"href":"https:\/\/www.yorku.ca\/yfile\/wp-json\/wp\/v2\/yfileauthor?post=16424"},{"taxonomy":"qualifier","embeddable":true,"href":"https:\/\/www.yorku.ca\/yfile\/wp-json\/wp\/v2\/qualifier?post=16424"},{"taxonomy":"yfile-author","embeddable":true,"href":"https:\/\/www.yorku.ca\/yfile\/wp-json\/wp\/v2\/yfile-author?post=16424"},{"taxonomy":"tags-to-show","embeddable":true,"href":"https:\/\/www.yorku.ca\/yfile\/wp-json\/wp\/v2\/tags-to-show?post=16424"},{"taxonomy":"workflow","embeddable":true,"href":"https:\/\/www.yorku.ca\/yfile\/wp-json\/wp\/v2\/workflow?post=16424"}],"curies":[{"name":"wp","href":"https:\/\/api.w.org\/{rel}","templated":true}]}}