{"id":16853,"date":"2011-04-15T00:00:00","date_gmt":"2011-04-15T04:00:00","guid":{"rendered":"https:\/\/yfiledev.uit.yorku.ca\/2011\/04\/15\/prof-awarded-chevalier-of-the-ordre-des-palmes-academiques\/"},"modified":"2025-04-02T08:43:32","modified_gmt":"2025-04-02T12:43:32","slug":"prof-awarded-chevalier-of-the-ordre-des-palmes-academiques","status":"publish","type":"post","link":"https:\/\/www.yorku.ca\/yfile\/2011\/04\/15\/prof-awarded-chevalier-of-the-ordre-des-palmes-academiques\/","title":{"rendered":"Prof awarded Chevalier of the Ordre des Palmes Acad\u00e9miques"},"content":{"rendered":"<p>Louise Lewin (BA Spec. Hons. \u201974), director of the Ontario Rhone-Alpes Student\u00a0Exchange Program situated at York, was recently awarded the Chevalier\u00a0(knight) of the Ordre des Palmes Acad\u00e9miques by the government of France.<\/p>\n<p>Lewin, the former associate principal student services at Glendon, was one of three recipients to receive the <a href=\"http:\/\/en.wikipedia.org\/wiki\/Ordre_des_Palmes_Acad%C3%A9miques\" target=\"_blank\" rel=\"noopener\">Ordre des Palmes Acad\u00e9miques<\/a> this year at a celebration held at the home of J\u00e9r\u00f4me Cauchard, the consul general of France in Toronto, on April 7.<\/p>\n<p><strong><img loading=\"lazy\" decoding=\"async\" class=\"alignnone\" src=\"http:\/\/www.yorku.ca\/yfile\/photos\/20110415\/\/Palmes.jpg\" alt=\"Glendon's Louise Lewin receiving the Ordre des Palmes Acad\u00e9miques from J\u00e9r\u00f4me Cauchard, the consul general of France in Toronto\" width=\"300\" height=\"258\" align=\"right\" hspace=\"8\" vspace=\"8\" \/>Right: Glendon's Louise Lewin receiving the Ordre des Palmes Acad\u00e9miques from J\u00e9r\u00f4me Cauchard, the consul general of France in Toronto<\/strong><\/p>\n<p>\u201cI was completely taken by surprise when I learned that I would receive this great honour,\u201d said <a href=\"http:\/\/gl.yorku.ca\/monglendon.nsf\/e3601b9ee83d44c1852577c300675487\/0088d4d4e0cb5e3f8525759100697ff5?OpenDocument\" target=\"_blank\" rel=\"noopener\">Lewin<\/a>. \u201cIt is the highlight of my career. The reasons for according me this award \u2013 the new programs, the collaborations with France and other activities \u2013 were simply a result of my passion for the French language and culture. It was my great good luck to immigrate to a province of Canada which believes in bilingualism and French culture.\u201d<\/p>\n<p>Glendon Principal Kenneth McRoberts, Fran\u00e7oise Mougeon, asssociate principal academic &amp; research, Glendon French studies Professor Christine Besnard and Glendon sociology Professor Fran\u00e7oise Boudreau, the former acting principal, were in attendance at the celebration, as were members of Lewin\u2019s family.<\/p>\n<p><strong><img loading=\"lazy\" decoding=\"async\" class=\"alignnone\" src=\"http:\/\/www.yorku.ca\/yfile\/photos\/20110415\/PalmesMcRoberts_Lewin.jpg\" alt=\"Kenneth McRoberts (left) and Louise Lewin\" width=\"300\" height=\"274\" align=\"left\" hspace=\"8\" vspace=\"8\" \/>Left: Kenneth McRoberts (left)\u00a0and Louise Lewin<\/strong><\/p>\n<p>\u201cAs academic director of the Ontario Rh\u00f4ne-Alpes Student Exchange Program, you have achieved a brilliant career,\u201d said Cauchard. \u201cYour PhD thesis from the University of Toronto\u2019s Faculty of Education, which focused on teaching French as a second language, reflects your numerous involvements [in this field] from the beginning.\u201d<\/p>\n<p>Lewin came to York University in 1970, and has filled a variety of positions in the academic field and in leadership and administrative roles. Cauchard said Lewin was \u201cpraised by all concerned, as much for the remarkable exchanges established [in a 14-year collaboration with York International], as for the encouragement you demonstrated for the campus\u2019 vibrant cultural life.\u201d<\/p>\n<p>He added that the medal also honours Lewin\u2019s team, those who accomplished the day-to-day activities that led to such success, as well as Glendon\u2019s faculty. \u201cThe teaching excellence provided [at Glendon], as well as the outstanding environment benefitting those students who wish to pursue their studies in the two official languages, are recognized by all concerned, and you have played an important part in its excellence.\u201d<\/p>\n<p><strong><img loading=\"lazy\" decoding=\"async\" class=\"alignnone\" src=\"http:\/\/www.yorku.ca\/yfile\/photos\/20110415\/PalmesBoudreau_Lewin_Mougeo.jpg\" alt=\"From left, Fran\u00e7oise Boudreau, Louise Lewin and Fran\u00e7oise Mougeon\" width=\"350\" height=\"218\" align=\"right\" hspace=\"8\" vspace=\"8\" \/>Right: From left, Fran\u00e7oise Boudreau, Louise Lewin and Fran\u00e7oise Mougeon<\/strong><\/p>\n<p>In her\u00a0current role\u00a0since 2009,\u00a0Lewin's\u00a0\u201cdynamism has significantly enhanced and enlarged this program,\u201d said Cauchard.\u00a0It was recently announced that the exchange program will\u00a0receive additional funding.<\/p>\n<p>\u201cToday, the Ontario\/Rh\u00f4ne-Alpes Student Exchange Program boasts 75 students per year in both directions. I have just created new branches in this program, including a summer internship component in the fields of engineering, science and the health sciences, and a new language program, which will be offered in August in Rh\u00f4ne-Alpes, France,\u201d said Lewin.<\/p>\n<p>\u201cThis award is a most fitting recognition of the many years that Louise Lewin devoted to developing Glendon's Student Services operation, whose success is clearly illustrated in both the high levels of satisfaction reported by our students and the transformation of Glendon's international exchange program,\u201d said McRoberts.<\/p>\n<p>Originally founded in 1808 by Emperor Napol\u00e9on to honour eminent teachers and professors of the University of Paris, the Ordre des Palmes Acad\u00e9miques was formally established as a chivalric order in 1955. Today, it recognizes the accomplishments of individuals in France and elsewhere, working in the fields of education, research and technology, who have distinguished themselves by their significant contributions to one of society\u2019s most essential missions, that of educating the young, and to those making major contributions to the expansion of French language and\u00a0culture.<\/p>\n<p><em>Submitted by Marika Kemeny, Glendon communications officer<\/em><\/p>\n","protected":false},"excerpt":{"rendered":"<p>Glendon's Louise Lewin received the prestigious honour for her contribution to French education and culture...<\/p>\n","protected":false},"author":5,"featured_media":0,"comment_status":"open","ping_status":"open","sticky":false,"template":"","format":"standard","meta":{"_acf_changed":false,"_kad_blocks_custom_css":"","_kad_blocks_head_custom_js":"","_kad_blocks_body_custom_js":"","_kad_blocks_footer_custom_js":"","footnotes":""},"categories":[25,13],"tags":[80,14],"yfileauthor":[],"qualifier":[],"yfile-author":[],"tags-to-show":[169],"workflow":[],"class_list":["post-16853","post","type-post","status-publish","format-standard","hentry","category-editors-picks","category-teaching-learning","tag-glendon","tag-teaching-and-learning","tags-to-show-teaching-and-learning"],"acf":{"internal_publish_date":null,"original_image":null},"yoast_head":"<!-- This site is optimized with the Yoast SEO plugin v27.4 - https:\/\/yoast.com\/product\/yoast-seo-wordpress\/ -->\n<title>Prof awarded Chevalier of the Ordre des Palmes Acad\u00e9miques - YFile<\/title>\n<meta name=\"robots\" content=\"index, follow, max-snippet:-1, max-image-preview:large, max-video-preview:-1\" \/>\n<link rel=\"canonical\" href=\"https:\/\/www.yorku.ca\/yfile\/2011\/04\/15\/prof-awarded-chevalier-of-the-ordre-des-palmes-academiques\/\" \/>\n<meta property=\"og:locale\" content=\"en_US\" \/>\n<meta property=\"og:type\" content=\"article\" \/>\n<meta property=\"og:title\" content=\"Prof awarded Chevalier of the Ordre des Palmes Acad\u00e9miques - YFile\" \/>\n<meta property=\"og:description\" content=\"Glendon&#039;s Louise Lewin received the prestigious honour for her contribution to French education and culture...\" \/>\n<meta property=\"og:url\" content=\"https:\/\/www.yorku.ca\/yfile\/2011\/04\/15\/prof-awarded-chevalier-of-the-ordre-des-palmes-academiques\/\" \/>\n<meta property=\"og:site_name\" content=\"YFile\" \/>\n<meta property=\"article:published_time\" content=\"2011-04-15T04:00:00+00:00\" \/>\n<meta property=\"article:modified_time\" content=\"2025-04-02T12:43:32+00:00\" \/>\n<meta property=\"og:image\" content=\"http:\/\/www.yorku.ca\/yfile\/photos\/20110415\/\/Palmes.jpg\" \/>\n<meta name=\"author\" content=\"phalfert\" \/>\n<meta name=\"twitter:card\" content=\"summary_large_image\" \/>\n<meta name=\"twitter:label1\" content=\"Written by\" \/>\n\t<meta name=\"twitter:data1\" content=\"phalfert\" \/>\n\t<meta name=\"twitter:label2\" content=\"Est. reading time\" \/>\n\t<meta name=\"twitter:data2\" content=\"3 minutes\" \/>\n<script type=\"application\/ld+json\" class=\"yoast-schema-graph\">{\"@context\":\"https:\\\/\\\/schema.org\",\"@graph\":[{\"@type\":\"Article\",\"@id\":\"https:\\\/\\\/www.yorku.ca\\\/yfile\\\/2011\\\/04\\\/15\\\/prof-awarded-chevalier-of-the-ordre-des-palmes-academiques\\\/#article\",\"isPartOf\":{\"@id\":\"https:\\\/\\\/www.yorku.ca\\\/yfile\\\/2011\\\/04\\\/15\\\/prof-awarded-chevalier-of-the-ordre-des-palmes-academiques\\\/\"},\"author\":{\"name\":\"phalfert\",\"@id\":\"https:\\\/\\\/www.yorku.ca\\\/yfile\\\/#\\\/schema\\\/person\\\/21f3dffe794363be5ece4ec7f538a0c0\"},\"headline\":\"Prof awarded Chevalier of the Ordre des Palmes Acad\u00e9miques\",\"datePublished\":\"2011-04-15T04:00:00+00:00\",\"dateModified\":\"2025-04-02T12:43:32+00:00\",\"mainEntityOfPage\":{\"@id\":\"https:\\\/\\\/www.yorku.ca\\\/yfile\\\/2011\\\/04\\\/15\\\/prof-awarded-chevalier-of-the-ordre-des-palmes-academiques\\\/\"},\"wordCount\":652,\"commentCount\":0,\"image\":{\"@id\":\"https:\\\/\\\/www.yorku.ca\\\/yfile\\\/2011\\\/04\\\/15\\\/prof-awarded-chevalier-of-the-ordre-des-palmes-academiques\\\/#primaryimage\"},\"thumbnailUrl\":\"http:\\\/\\\/www.yorku.ca\\\/yfile\\\/photos\\\/20110415\\\/\\\/Palmes.jpg\",\"keywords\":[\"Glendon\",\"Teaching and Learning\"],\"articleSection\":[\"Editor's Picks\",\"Teaching &amp; Learning\"],\"inLanguage\":\"en-CA\",\"potentialAction\":[{\"@type\":\"CommentAction\",\"name\":\"Comment\",\"target\":[\"https:\\\/\\\/www.yorku.ca\\\/yfile\\\/2011\\\/04\\\/15\\\/prof-awarded-chevalier-of-the-ordre-des-palmes-academiques\\\/#respond\"]}],\"copyrightYear\":\"2011\",\"copyrightHolder\":{\"@id\":\"https:\\\/\\\/www.yorku.ca\\\/yfile\\\/#organization\"}},{\"@type\":\"WebPage\",\"@id\":\"https:\\\/\\\/www.yorku.ca\\\/yfile\\\/2011\\\/04\\\/15\\\/prof-awarded-chevalier-of-the-ordre-des-palmes-academiques\\\/\",\"url\":\"https:\\\/\\\/www.yorku.ca\\\/yfile\\\/2011\\\/04\\\/15\\\/prof-awarded-chevalier-of-the-ordre-des-palmes-academiques\\\/\",\"name\":\"Prof awarded Chevalier of the Ordre des Palmes Acad\u00e9miques - YFile\",\"isPartOf\":{\"@id\":\"https:\\\/\\\/www.yorku.ca\\\/yfile\\\/#website\"},\"primaryImageOfPage\":{\"@id\":\"https:\\\/\\\/www.yorku.ca\\\/yfile\\\/2011\\\/04\\\/15\\\/prof-awarded-chevalier-of-the-ordre-des-palmes-academiques\\\/#primaryimage\"},\"image\":{\"@id\":\"https:\\\/\\\/www.yorku.ca\\\/yfile\\\/2011\\\/04\\\/15\\\/prof-awarded-chevalier-of-the-ordre-des-palmes-academiques\\\/#primaryimage\"},\"thumbnailUrl\":\"http:\\\/\\\/www.yorku.ca\\\/yfile\\\/photos\\\/20110415\\\/\\\/Palmes.jpg\",\"datePublished\":\"2011-04-15T04:00:00+00:00\",\"dateModified\":\"2025-04-02T12:43:32+00:00\",\"author\":{\"@id\":\"https:\\\/\\\/www.yorku.ca\\\/yfile\\\/#\\\/schema\\\/person\\\/21f3dffe794363be5ece4ec7f538a0c0\"},\"breadcrumb\":{\"@id\":\"https:\\\/\\\/www.yorku.ca\\\/yfile\\\/2011\\\/04\\\/15\\\/prof-awarded-chevalier-of-the-ordre-des-palmes-academiques\\\/#breadcrumb\"},\"inLanguage\":\"en-CA\",\"potentialAction\":[{\"@type\":\"ReadAction\",\"target\":[\"https:\\\/\\\/www.yorku.ca\\\/yfile\\\/2011\\\/04\\\/15\\\/prof-awarded-chevalier-of-the-ordre-des-palmes-academiques\\\/\"]}]},{\"@type\":\"ImageObject\",\"inLanguage\":\"en-CA\",\"@id\":\"https:\\\/\\\/www.yorku.ca\\\/yfile\\\/2011\\\/04\\\/15\\\/prof-awarded-chevalier-of-the-ordre-des-palmes-academiques\\\/#primaryimage\",\"url\":\"http:\\\/\\\/www.yorku.ca\\\/yfile\\\/photos\\\/20110415\\\/\\\/Palmes.jpg\",\"contentUrl\":\"http:\\\/\\\/www.yorku.ca\\\/yfile\\\/photos\\\/20110415\\\/\\\/Palmes.jpg\"},{\"@type\":\"BreadcrumbList\",\"@id\":\"https:\\\/\\\/www.yorku.ca\\\/yfile\\\/2011\\\/04\\\/15\\\/prof-awarded-chevalier-of-the-ordre-des-palmes-academiques\\\/#breadcrumb\",\"itemListElement\":[{\"@type\":\"ListItem\",\"position\":1,\"name\":\"Home\",\"item\":\"https:\\\/\\\/www.yorku.ca\\\/yfile\\\/\"},{\"@type\":\"ListItem\",\"position\":2,\"name\":\"Prof awarded Chevalier of the Ordre des Palmes Acad\u00e9miques\"}]},{\"@type\":\"WebSite\",\"@id\":\"https:\\\/\\\/www.yorku.ca\\\/yfile\\\/#website\",\"url\":\"https:\\\/\\\/www.yorku.ca\\\/yfile\\\/\",\"name\":\"YFile\",\"description\":\"\",\"potentialAction\":[{\"@type\":\"SearchAction\",\"target\":{\"@type\":\"EntryPoint\",\"urlTemplate\":\"https:\\\/\\\/www.yorku.ca\\\/yfile\\\/?s={search_term_string}\"},\"query-input\":{\"@type\":\"PropertyValueSpecification\",\"valueRequired\":true,\"valueName\":\"search_term_string\"}}],\"inLanguage\":\"en-CA\"},{\"@type\":\"Person\",\"@id\":\"https:\\\/\\\/www.yorku.ca\\\/yfile\\\/#\\\/schema\\\/person\\\/21f3dffe794363be5ece4ec7f538a0c0\",\"name\":\"phalfert\",\"image\":{\"@type\":\"ImageObject\",\"inLanguage\":\"en-CA\",\"@id\":\"https:\\\/\\\/secure.gravatar.com\\\/avatar\\\/9e3ac8a4ede7f72dd695c074c5291e11739705deae1422de177298d5aad6d559?s=96&d=mm&r=g\",\"url\":\"https:\\\/\\\/secure.gravatar.com\\\/avatar\\\/9e3ac8a4ede7f72dd695c074c5291e11739705deae1422de177298d5aad6d559?s=96&d=mm&r=g\",\"contentUrl\":\"https:\\\/\\\/secure.gravatar.com\\\/avatar\\\/9e3ac8a4ede7f72dd695c074c5291e11739705deae1422de177298d5aad6d559?s=96&d=mm&r=g\",\"caption\":\"phalfert\"},\"url\":\"https:\\\/\\\/www.yorku.ca\\\/yfile\\\/author\\\/phalfert\\\/\"}]}<\/script>\n<!-- \/ Yoast SEO plugin. -->","yoast_head_json":{"title":"Prof awarded Chevalier of the Ordre des Palmes Acad\u00e9miques - YFile","robots":{"index":"index","follow":"follow","max-snippet":"max-snippet:-1","max-image-preview":"max-image-preview:large","max-video-preview":"max-video-preview:-1"},"canonical":"https:\/\/www.yorku.ca\/yfile\/2011\/04\/15\/prof-awarded-chevalier-of-the-ordre-des-palmes-academiques\/","og_locale":"en_US","og_type":"article","og_title":"Prof awarded Chevalier of the Ordre des Palmes Acad\u00e9miques - YFile","og_description":"Glendon's Louise Lewin received the prestigious honour for her contribution to French education and culture...","og_url":"https:\/\/www.yorku.ca\/yfile\/2011\/04\/15\/prof-awarded-chevalier-of-the-ordre-des-palmes-academiques\/","og_site_name":"YFile","article_published_time":"2011-04-15T04:00:00+00:00","article_modified_time":"2025-04-02T12:43:32+00:00","og_image":[{"url":"http:\/\/www.yorku.ca\/yfile\/photos\/20110415\/\/Palmes.jpg","type":"","width":"","height":""}],"author":"phalfert","twitter_card":"summary_large_image","twitter_misc":{"Written by":"phalfert","Est. reading time":"3 minutes"},"schema":{"@context":"https:\/\/schema.org","@graph":[{"@type":"Article","@id":"https:\/\/www.yorku.ca\/yfile\/2011\/04\/15\/prof-awarded-chevalier-of-the-ordre-des-palmes-academiques\/#article","isPartOf":{"@id":"https:\/\/www.yorku.ca\/yfile\/2011\/04\/15\/prof-awarded-chevalier-of-the-ordre-des-palmes-academiques\/"},"author":{"name":"phalfert","@id":"https:\/\/www.yorku.ca\/yfile\/#\/schema\/person\/21f3dffe794363be5ece4ec7f538a0c0"},"headline":"Prof awarded Chevalier of the Ordre des Palmes Acad\u00e9miques","datePublished":"2011-04-15T04:00:00+00:00","dateModified":"2025-04-02T12:43:32+00:00","mainEntityOfPage":{"@id":"https:\/\/www.yorku.ca\/yfile\/2011\/04\/15\/prof-awarded-chevalier-of-the-ordre-des-palmes-academiques\/"},"wordCount":652,"commentCount":0,"image":{"@id":"https:\/\/www.yorku.ca\/yfile\/2011\/04\/15\/prof-awarded-chevalier-of-the-ordre-des-palmes-academiques\/#primaryimage"},"thumbnailUrl":"http:\/\/www.yorku.ca\/yfile\/photos\/20110415\/\/Palmes.jpg","keywords":["Glendon","Teaching and Learning"],"articleSection":["Editor's Picks","Teaching &amp; Learning"],"inLanguage":"en-CA","potentialAction":[{"@type":"CommentAction","name":"Comment","target":["https:\/\/www.yorku.ca\/yfile\/2011\/04\/15\/prof-awarded-chevalier-of-the-ordre-des-palmes-academiques\/#respond"]}],"copyrightYear":"2011","copyrightHolder":{"@id":"https:\/\/www.yorku.ca\/yfile\/#organization"}},{"@type":"WebPage","@id":"https:\/\/www.yorku.ca\/yfile\/2011\/04\/15\/prof-awarded-chevalier-of-the-ordre-des-palmes-academiques\/","url":"https:\/\/www.yorku.ca\/yfile\/2011\/04\/15\/prof-awarded-chevalier-of-the-ordre-des-palmes-academiques\/","name":"Prof awarded Chevalier of the Ordre des Palmes Acad\u00e9miques - YFile","isPartOf":{"@id":"https:\/\/www.yorku.ca\/yfile\/#website"},"primaryImageOfPage":{"@id":"https:\/\/www.yorku.ca\/yfile\/2011\/04\/15\/prof-awarded-chevalier-of-the-ordre-des-palmes-academiques\/#primaryimage"},"image":{"@id":"https:\/\/www.yorku.ca\/yfile\/2011\/04\/15\/prof-awarded-chevalier-of-the-ordre-des-palmes-academiques\/#primaryimage"},"thumbnailUrl":"http:\/\/www.yorku.ca\/yfile\/photos\/20110415\/\/Palmes.jpg","datePublished":"2011-04-15T04:00:00+00:00","dateModified":"2025-04-02T12:43:32+00:00","author":{"@id":"https:\/\/www.yorku.ca\/yfile\/#\/schema\/person\/21f3dffe794363be5ece4ec7f538a0c0"},"breadcrumb":{"@id":"https:\/\/www.yorku.ca\/yfile\/2011\/04\/15\/prof-awarded-chevalier-of-the-ordre-des-palmes-academiques\/#breadcrumb"},"inLanguage":"en-CA","potentialAction":[{"@type":"ReadAction","target":["https:\/\/www.yorku.ca\/yfile\/2011\/04\/15\/prof-awarded-chevalier-of-the-ordre-des-palmes-academiques\/"]}]},{"@type":"ImageObject","inLanguage":"en-CA","@id":"https:\/\/www.yorku.ca\/yfile\/2011\/04\/15\/prof-awarded-chevalier-of-the-ordre-des-palmes-academiques\/#primaryimage","url":"http:\/\/www.yorku.ca\/yfile\/photos\/20110415\/\/Palmes.jpg","contentUrl":"http:\/\/www.yorku.ca\/yfile\/photos\/20110415\/\/Palmes.jpg"},{"@type":"BreadcrumbList","@id":"https:\/\/www.yorku.ca\/yfile\/2011\/04\/15\/prof-awarded-chevalier-of-the-ordre-des-palmes-academiques\/#breadcrumb","itemListElement":[{"@type":"ListItem","position":1,"name":"Home","item":"https:\/\/www.yorku.ca\/yfile\/"},{"@type":"ListItem","position":2,"name":"Prof awarded Chevalier of the Ordre des Palmes Acad\u00e9miques"}]},{"@type":"WebSite","@id":"https:\/\/www.yorku.ca\/yfile\/#website","url":"https:\/\/www.yorku.ca\/yfile\/","name":"YFile","description":"","potentialAction":[{"@type":"SearchAction","target":{"@type":"EntryPoint","urlTemplate":"https:\/\/www.yorku.ca\/yfile\/?s={search_term_string}"},"query-input":{"@type":"PropertyValueSpecification","valueRequired":true,"valueName":"search_term_string"}}],"inLanguage":"en-CA"},{"@type":"Person","@id":"https:\/\/www.yorku.ca\/yfile\/#\/schema\/person\/21f3dffe794363be5ece4ec7f538a0c0","name":"phalfert","image":{"@type":"ImageObject","inLanguage":"en-CA","@id":"https:\/\/secure.gravatar.com\/avatar\/9e3ac8a4ede7f72dd695c074c5291e11739705deae1422de177298d5aad6d559?s=96&d=mm&r=g","url":"https:\/\/secure.gravatar.com\/avatar\/9e3ac8a4ede7f72dd695c074c5291e11739705deae1422de177298d5aad6d559?s=96&d=mm&r=g","contentUrl":"https:\/\/secure.gravatar.com\/avatar\/9e3ac8a4ede7f72dd695c074c5291e11739705deae1422de177298d5aad6d559?s=96&d=mm&r=g","caption":"phalfert"},"url":"https:\/\/www.yorku.ca\/yfile\/author\/phalfert\/"}]}},"taxonomy_info":{"category":[{"value":25,"label":"Editor's Picks"},{"value":13,"label":"Teaching &amp; Learning"}],"post_tag":[{"value":80,"label":"Glendon"},{"value":14,"label":"Teaching and Learning"}],"tags-to-show":[{"value":169,"label":"Teaching and Learning"}]},"featured_image_src_large":false,"author_info":{"display_name":"phalfert","author_link":"https:\/\/www.yorku.ca\/yfile\/author\/phalfert\/"},"comment_info":0,"category_info":[{"term_id":25,"name":"Editor's Picks","slug":"editors-picks","term_group":0,"term_taxonomy_id":25,"taxonomy":"category","description":"","parent":0,"count":6272,"filter":"raw","cat_ID":25,"category_count":6272,"category_description":"","cat_name":"Editor's Picks","category_nicename":"editors-picks","category_parent":0},{"term_id":13,"name":"Teaching &amp; Learning","slug":"teaching-learning","term_group":0,"term_taxonomy_id":13,"taxonomy":"category","description":"","parent":0,"count":740,"filter":"raw","cat_ID":13,"category_count":740,"category_description":"","cat_name":"Teaching &amp; Learning","category_nicename":"teaching-learning","category_parent":0}],"tag_info":[{"term_id":80,"name":"Glendon","slug":"glendon","term_group":0,"term_taxonomy_id":80,"taxonomy":"post_tag","description":"","parent":0,"count":312,"filter":"raw"},{"term_id":14,"name":"Teaching and Learning","slug":"teaching-and-learning","term_group":0,"term_taxonomy_id":14,"taxonomy":"post_tag","description":"","parent":0,"count":769,"filter":"raw"}],"_links":{"self":[{"href":"https:\/\/www.yorku.ca\/yfile\/wp-json\/wp\/v2\/posts\/16853","targetHints":{"allow":["GET"]}}],"collection":[{"href":"https:\/\/www.yorku.ca\/yfile\/wp-json\/wp\/v2\/posts"}],"about":[{"href":"https:\/\/www.yorku.ca\/yfile\/wp-json\/wp\/v2\/types\/post"}],"author":[{"embeddable":true,"href":"https:\/\/www.yorku.ca\/yfile\/wp-json\/wp\/v2\/users\/5"}],"replies":[{"embeddable":true,"href":"https:\/\/www.yorku.ca\/yfile\/wp-json\/wp\/v2\/comments?post=16853"}],"version-history":[{"count":1,"href":"https:\/\/www.yorku.ca\/yfile\/wp-json\/wp\/v2\/posts\/16853\/revisions"}],"predecessor-version":[{"id":360236,"href":"https:\/\/www.yorku.ca\/yfile\/wp-json\/wp\/v2\/posts\/16853\/revisions\/360236"}],"wp:attachment":[{"href":"https:\/\/www.yorku.ca\/yfile\/wp-json\/wp\/v2\/media?parent=16853"}],"wp:term":[{"taxonomy":"category","embeddable":true,"href":"https:\/\/www.yorku.ca\/yfile\/wp-json\/wp\/v2\/categories?post=16853"},{"taxonomy":"post_tag","embeddable":true,"href":"https:\/\/www.yorku.ca\/yfile\/wp-json\/wp\/v2\/tags?post=16853"},{"taxonomy":"yfileauthor","embeddable":true,"href":"https:\/\/www.yorku.ca\/yfile\/wp-json\/wp\/v2\/yfileauthor?post=16853"},{"taxonomy":"qualifier","embeddable":true,"href":"https:\/\/www.yorku.ca\/yfile\/wp-json\/wp\/v2\/qualifier?post=16853"},{"taxonomy":"yfile-author","embeddable":true,"href":"https:\/\/www.yorku.ca\/yfile\/wp-json\/wp\/v2\/yfile-author?post=16853"},{"taxonomy":"tags-to-show","embeddable":true,"href":"https:\/\/www.yorku.ca\/yfile\/wp-json\/wp\/v2\/tags-to-show?post=16853"},{"taxonomy":"workflow","embeddable":true,"href":"https:\/\/www.yorku.ca\/yfile\/wp-json\/wp\/v2\/workflow?post=16853"}],"curies":[{"name":"wp","href":"https:\/\/api.w.org\/{rel}","templated":true}]}}