{"id":17052,"date":"2011-05-20T00:00:00","date_gmt":"2011-05-20T04:00:00","guid":{"rendered":"https:\/\/yfiledev.uit.yorku.ca\/2011\/05\/20\/glendon-professor-awarded-medal-of-chevalier-de-l%e2%80%99ordre-de-la-pleiade\/"},"modified":"2025-04-02T08:44:29","modified_gmt":"2025-04-02T12:44:29","slug":"glendon-professor-awarded-medal-of-chevalier-de-lordre-de-la-pleiade","status":"publish","type":"post","link":"https:\/\/www.yorku.ca\/yfile\/2011\/05\/20\/glendon-professor-awarded-medal-of-chevalier-de-lordre-de-la-pleiade\/","title":{"rendered":"Glendon professor awarded medal of Chevalier de L\u2019Ordre de la Pl\u00e9iade"},"content":{"rendered":"<p><img loading=\"lazy\" decoding=\"async\" class=\"alignnone\" src=\"http:\/\/www.yorku.ca\/yfile\/photos\/20110520\/AlainBaudotOfficierdeOrdred(1).jpg\" alt=\"Blue and silver medal\" width=\"150\" height=\"303\" align=\"right\" hspace=\"8\" vspace=\"8\" \/>Glendon humanities Professor Emeritus Alain Baudot was one of six individuals to be awarded the medal of Chevalier de L\u2019Ordre de la Pl\u00e9iade on May 12 during a ceremony at the residence of Ontario Lieutenant-Governor David Onley.<\/p>\n<p>Onley presented the six medals together with MPP Jean-Marc Lalonde, president of the Ontario section of the <em><a href=\"http:\/\/www.francophonie.org\/L-Assemblee-parlementaire-de-la.html\">Assembl\u00e9e parlementaire de la Francophonie<\/a><\/em> (APF). The APF created the <a href=\"http:\/\/www.bonjour-hello.ca\/en\/?prov=PE&amp;cat=100&amp;pg=27\">Ordre de la Pl\u00e9iade<\/a> in 1976 as an international award to recognize the exceptional merits and contributions of individuals who have promoted cooperation and friendship among members of the Francophonie in significant ways.<\/p>\n<p>Baudot is an outstanding example of such an individual and a pioneer of francophone studies. He has published over a hundred learned articles and has created a set of teaching tools for universities in Ontario, Quebec, Europe and the United States. His work has been disseminated at numerous conferences and he is the founder of Glendon\u2019s Research Group in Francophone Studies (<em>Groupe de recherche en \u00e9tudes francophones<\/em> \u2013 <a href=\"http:\/\/www.livres-disques.ca\/editions_gref\/home\/dynamic.cfm?id=78\">GREF<\/a>) in 1984, as well as Les \u00c9ditions du GREF, which publishes important works of francophone literature and the French language. Les \u00c9ditions du GREF has given voice to numerous francophone authors living in Ontario, enabling residents to read local works in French.<\/p>\n<p><img loading=\"lazy\" decoding=\"async\" class=\"alignnone\" src=\"http:\/\/www.yorku.ca\/yfile\/photos\/20110520\/\/AlainBaudotLalonde_Baudot_O.jpg\" alt=\"From left, MPP Jean-Marc Lalonde, Professor Emeritus Alain Baudot and Lieutenant-Governor David Onley\" width=\"350\" height=\"333\" align=\"left\" hspace=\"8\" vspace=\"8\" \/><\/p>\n<p><strong>Left: From left, MPP Jean-Marc Lalonde, Professor Emeritus\u00a0Alain Baudot and\u00a0Lieutenant-Governor\u00a0David Onley<\/strong><\/p>\n<p>He called the ceremony \u201cunforgettable\u201d and \u201ca highlight\u201d of his career. \u201cIt was all the more moving, since six individuals were honoured from Ontario among only 40 across the whole world,\u201d said Baudot.<\/p>\n<p>During the award ceremony, Baudot was praised for his editorial work, for being a guiding light for many writers, for his dynamism and professionalism, and for enriching the Franco-Ontarian literary scene.<\/p>\n<p>As founder and former director of the Department of Multidisciplinary Studies, Baudot has created several courses offered in French at Glendon. He has also been an active participant in the Association of Fully or Partially French-language Universities (<a href=\"http:\/\/www.refer.mg\/general\/histoire.htm#1\">AUPELF<\/a>), as well as in the <a href=\"http:\/\/www.biennale-lf.org\/\">Biennial Conference<\/a> on the French Language. In 1988, he was one of a six-member scientific committee under the aegis of the Francophone Literature Network of UREF (University of French-Language Networks), a worldwide network of the francophone in the field of science. Through his research, his social engagement and his work as publisher, Baudot has contributed significantly to the dialogue between the two cultures and has played an essential role in the blossoming of Ontario\u2019s Francophonie<\/p>\n<p><strong><img loading=\"lazy\" decoding=\"async\" class=\"alignnone\" src=\"http:\/\/www.yorku.ca\/yfile\/photos\/20110520\/AlainBaudotwinners.jpg\" alt=\"This year's Ontario winners of the Ordre de la Pl\u00e9iade. Baudot is on the left in the back row and Onley is centre front\" width=\"350\" height=\"293\" align=\"right\" hspace=\"8\" vspace=\"8\" \/>Right: This year's Ontario winners of the Ordre de la Pl\u00e9iade. Baudot is on the left in the back row and Onley is centre front<\/strong><\/p>\n<p>Baudot has also been a music critic for Radio-Canada and CJBC, Toronto\u2019s French-language radio station; educational adviser and host of TFO \u2013 Ontario\u2019s French-language television station; and founder and director of the Glendon Symphony Orchestra.<\/p>\n<p>Baudot\u2019s honours include being a member of the Royal Society of Canada, an officer of the Crown of Belgium, an officer of the Ordre des Palmes acad\u00e9miques and the Toronto Alliance Fran\u00e7aise award. In addition, he holds a M\u00e9daille d\u2019honneur from the Soci\u00e9t\u00e9s musicales et chorales de France, an award of distinction for volunteer services to the Ministry of Citizenship &amp; Cultural Affairs of Ontario and a M\u00e9daille d\u2019honneur of the city of Bayeux. He was the president of the Salon du livre de Toronto, the annual French-language book fair, from 1998 to 2005.<\/p>\n<p><em>Submitted by Marika Kemeny, Glendon communications officer<\/em><\/p>\n","protected":false},"excerpt":{"rendered":"<p>Humanities Professor Emeritus Alain Baudot was awarded the medal for his exceptional merits and contributions to the Francophonie community...<\/p>\n","protected":false},"author":5,"featured_media":0,"comment_status":"open","ping_status":"open","sticky":false,"template":"","format":"standard","meta":{"_acf_changed":false,"_kad_blocks_custom_css":"","_kad_blocks_head_custom_js":"","_kad_blocks_body_custom_js":"","_kad_blocks_footer_custom_js":"","footnotes":""},"categories":[11,13],"tags":[80,14],"yfileauthor":[],"qualifier":[],"yfile-author":[],"tags-to-show":[169],"workflow":[],"class_list":["post-17052","post","type-post","status-publish","format-standard","hentry","category-latest-news","category-teaching-learning","tag-glendon","tag-teaching-and-learning","tags-to-show-teaching-and-learning"],"acf":{"internal_publish_date":null,"original_image":null},"yoast_head":"<!-- This site is optimized with the Yoast SEO plugin v27.4 - https:\/\/yoast.com\/product\/yoast-seo-wordpress\/ -->\n<title>Glendon professor awarded medal of Chevalier de L\u2019Ordre de la Pl\u00e9iade - YFile<\/title>\n<meta name=\"robots\" content=\"index, follow, max-snippet:-1, max-image-preview:large, max-video-preview:-1\" \/>\n<link rel=\"canonical\" href=\"https:\/\/www.yorku.ca\/yfile\/2011\/05\/20\/glendon-professor-awarded-medal-of-chevalier-de-lordre-de-la-pleiade\/\" \/>\n<meta property=\"og:locale\" content=\"en_US\" \/>\n<meta property=\"og:type\" content=\"article\" \/>\n<meta property=\"og:title\" content=\"Glendon professor awarded medal of Chevalier de L\u2019Ordre de la Pl\u00e9iade - YFile\" \/>\n<meta property=\"og:description\" content=\"Humanities Professor Emeritus Alain Baudot was awarded the medal for his exceptional merits and contributions to the Francophonie community...\" \/>\n<meta property=\"og:url\" content=\"https:\/\/www.yorku.ca\/yfile\/2011\/05\/20\/glendon-professor-awarded-medal-of-chevalier-de-lordre-de-la-pleiade\/\" \/>\n<meta property=\"og:site_name\" content=\"YFile\" \/>\n<meta property=\"article:published_time\" content=\"2011-05-20T04:00:00+00:00\" \/>\n<meta property=\"article:modified_time\" content=\"2025-04-02T12:44:29+00:00\" \/>\n<meta property=\"og:image\" content=\"http:\/\/www.yorku.ca\/yfile\/photos\/20110520\/AlainBaudotOfficierdeOrdred(1).jpg\" \/>\n<meta name=\"author\" content=\"phalfert\" \/>\n<meta name=\"twitter:card\" content=\"summary_large_image\" \/>\n<meta name=\"twitter:label1\" content=\"Written by\" \/>\n\t<meta name=\"twitter:data1\" content=\"phalfert\" \/>\n\t<meta name=\"twitter:label2\" content=\"Est. reading time\" \/>\n\t<meta name=\"twitter:data2\" content=\"3 minutes\" \/>\n<script type=\"application\/ld+json\" class=\"yoast-schema-graph\">{\"@context\":\"https:\\\/\\\/schema.org\",\"@graph\":[{\"@type\":\"Article\",\"@id\":\"https:\\\/\\\/www.yorku.ca\\\/yfile\\\/2011\\\/05\\\/20\\\/glendon-professor-awarded-medal-of-chevalier-de-lordre-de-la-pleiade\\\/#article\",\"isPartOf\":{\"@id\":\"https:\\\/\\\/www.yorku.ca\\\/yfile\\\/2011\\\/05\\\/20\\\/glendon-professor-awarded-medal-of-chevalier-de-lordre-de-la-pleiade\\\/\"},\"author\":{\"name\":\"phalfert\",\"@id\":\"https:\\\/\\\/www.yorku.ca\\\/yfile\\\/#\\\/schema\\\/person\\\/21f3dffe794363be5ece4ec7f538a0c0\"},\"headline\":\"Glendon professor awarded medal of Chevalier de L\u2019Ordre de la Pl\u00e9iade\",\"datePublished\":\"2011-05-20T04:00:00+00:00\",\"dateModified\":\"2025-04-02T12:44:29+00:00\",\"mainEntityOfPage\":{\"@id\":\"https:\\\/\\\/www.yorku.ca\\\/yfile\\\/2011\\\/05\\\/20\\\/glendon-professor-awarded-medal-of-chevalier-de-lordre-de-la-pleiade\\\/\"},\"wordCount\":588,\"commentCount\":0,\"image\":{\"@id\":\"https:\\\/\\\/www.yorku.ca\\\/yfile\\\/2011\\\/05\\\/20\\\/glendon-professor-awarded-medal-of-chevalier-de-lordre-de-la-pleiade\\\/#primaryimage\"},\"thumbnailUrl\":\"http:\\\/\\\/www.yorku.ca\\\/yfile\\\/photos\\\/20110520\\\/AlainBaudotOfficierdeOrdred(1).jpg\",\"keywords\":[\"Glendon\",\"Teaching and Learning\"],\"articleSection\":[\"Latest News\",\"Teaching &amp; Learning\"],\"inLanguage\":\"en-CA\",\"potentialAction\":[{\"@type\":\"CommentAction\",\"name\":\"Comment\",\"target\":[\"https:\\\/\\\/www.yorku.ca\\\/yfile\\\/2011\\\/05\\\/20\\\/glendon-professor-awarded-medal-of-chevalier-de-lordre-de-la-pleiade\\\/#respond\"]}],\"copyrightYear\":\"2011\",\"copyrightHolder\":{\"@id\":\"https:\\\/\\\/www.yorku.ca\\\/yfile\\\/#organization\"}},{\"@type\":\"WebPage\",\"@id\":\"https:\\\/\\\/www.yorku.ca\\\/yfile\\\/2011\\\/05\\\/20\\\/glendon-professor-awarded-medal-of-chevalier-de-lordre-de-la-pleiade\\\/\",\"url\":\"https:\\\/\\\/www.yorku.ca\\\/yfile\\\/2011\\\/05\\\/20\\\/glendon-professor-awarded-medal-of-chevalier-de-lordre-de-la-pleiade\\\/\",\"name\":\"Glendon professor awarded medal of Chevalier de L\u2019Ordre de la Pl\u00e9iade - YFile\",\"isPartOf\":{\"@id\":\"https:\\\/\\\/www.yorku.ca\\\/yfile\\\/#website\"},\"primaryImageOfPage\":{\"@id\":\"https:\\\/\\\/www.yorku.ca\\\/yfile\\\/2011\\\/05\\\/20\\\/glendon-professor-awarded-medal-of-chevalier-de-lordre-de-la-pleiade\\\/#primaryimage\"},\"image\":{\"@id\":\"https:\\\/\\\/www.yorku.ca\\\/yfile\\\/2011\\\/05\\\/20\\\/glendon-professor-awarded-medal-of-chevalier-de-lordre-de-la-pleiade\\\/#primaryimage\"},\"thumbnailUrl\":\"http:\\\/\\\/www.yorku.ca\\\/yfile\\\/photos\\\/20110520\\\/AlainBaudotOfficierdeOrdred(1).jpg\",\"datePublished\":\"2011-05-20T04:00:00+00:00\",\"dateModified\":\"2025-04-02T12:44:29+00:00\",\"author\":{\"@id\":\"https:\\\/\\\/www.yorku.ca\\\/yfile\\\/#\\\/schema\\\/person\\\/21f3dffe794363be5ece4ec7f538a0c0\"},\"breadcrumb\":{\"@id\":\"https:\\\/\\\/www.yorku.ca\\\/yfile\\\/2011\\\/05\\\/20\\\/glendon-professor-awarded-medal-of-chevalier-de-lordre-de-la-pleiade\\\/#breadcrumb\"},\"inLanguage\":\"en-CA\",\"potentialAction\":[{\"@type\":\"ReadAction\",\"target\":[\"https:\\\/\\\/www.yorku.ca\\\/yfile\\\/2011\\\/05\\\/20\\\/glendon-professor-awarded-medal-of-chevalier-de-lordre-de-la-pleiade\\\/\"]}]},{\"@type\":\"ImageObject\",\"inLanguage\":\"en-CA\",\"@id\":\"https:\\\/\\\/www.yorku.ca\\\/yfile\\\/2011\\\/05\\\/20\\\/glendon-professor-awarded-medal-of-chevalier-de-lordre-de-la-pleiade\\\/#primaryimage\",\"url\":\"http:\\\/\\\/www.yorku.ca\\\/yfile\\\/photos\\\/20110520\\\/AlainBaudotOfficierdeOrdred(1).jpg\",\"contentUrl\":\"http:\\\/\\\/www.yorku.ca\\\/yfile\\\/photos\\\/20110520\\\/AlainBaudotOfficierdeOrdred(1).jpg\"},{\"@type\":\"BreadcrumbList\",\"@id\":\"https:\\\/\\\/www.yorku.ca\\\/yfile\\\/2011\\\/05\\\/20\\\/glendon-professor-awarded-medal-of-chevalier-de-lordre-de-la-pleiade\\\/#breadcrumb\",\"itemListElement\":[{\"@type\":\"ListItem\",\"position\":1,\"name\":\"Home\",\"item\":\"https:\\\/\\\/www.yorku.ca\\\/yfile\\\/\"},{\"@type\":\"ListItem\",\"position\":2,\"name\":\"Glendon professor awarded medal of Chevalier de L\u2019Ordre de la Pl\u00e9iade\"}]},{\"@type\":\"WebSite\",\"@id\":\"https:\\\/\\\/www.yorku.ca\\\/yfile\\\/#website\",\"url\":\"https:\\\/\\\/www.yorku.ca\\\/yfile\\\/\",\"name\":\"YFile\",\"description\":\"\",\"potentialAction\":[{\"@type\":\"SearchAction\",\"target\":{\"@type\":\"EntryPoint\",\"urlTemplate\":\"https:\\\/\\\/www.yorku.ca\\\/yfile\\\/?s={search_term_string}\"},\"query-input\":{\"@type\":\"PropertyValueSpecification\",\"valueRequired\":true,\"valueName\":\"search_term_string\"}}],\"inLanguage\":\"en-CA\"},{\"@type\":\"Person\",\"@id\":\"https:\\\/\\\/www.yorku.ca\\\/yfile\\\/#\\\/schema\\\/person\\\/21f3dffe794363be5ece4ec7f538a0c0\",\"name\":\"phalfert\",\"image\":{\"@type\":\"ImageObject\",\"inLanguage\":\"en-CA\",\"@id\":\"https:\\\/\\\/secure.gravatar.com\\\/avatar\\\/9e3ac8a4ede7f72dd695c074c5291e11739705deae1422de177298d5aad6d559?s=96&d=mm&r=g\",\"url\":\"https:\\\/\\\/secure.gravatar.com\\\/avatar\\\/9e3ac8a4ede7f72dd695c074c5291e11739705deae1422de177298d5aad6d559?s=96&d=mm&r=g\",\"contentUrl\":\"https:\\\/\\\/secure.gravatar.com\\\/avatar\\\/9e3ac8a4ede7f72dd695c074c5291e11739705deae1422de177298d5aad6d559?s=96&d=mm&r=g\",\"caption\":\"phalfert\"},\"url\":\"https:\\\/\\\/www.yorku.ca\\\/yfile\\\/author\\\/phalfert\\\/\"}]}<\/script>\n<!-- \/ Yoast SEO plugin. -->","yoast_head_json":{"title":"Glendon professor awarded medal of Chevalier de L\u2019Ordre de la Pl\u00e9iade - YFile","robots":{"index":"index","follow":"follow","max-snippet":"max-snippet:-1","max-image-preview":"max-image-preview:large","max-video-preview":"max-video-preview:-1"},"canonical":"https:\/\/www.yorku.ca\/yfile\/2011\/05\/20\/glendon-professor-awarded-medal-of-chevalier-de-lordre-de-la-pleiade\/","og_locale":"en_US","og_type":"article","og_title":"Glendon professor awarded medal of Chevalier de L\u2019Ordre de la Pl\u00e9iade - YFile","og_description":"Humanities Professor Emeritus Alain Baudot was awarded the medal for his exceptional merits and contributions to the Francophonie community...","og_url":"https:\/\/www.yorku.ca\/yfile\/2011\/05\/20\/glendon-professor-awarded-medal-of-chevalier-de-lordre-de-la-pleiade\/","og_site_name":"YFile","article_published_time":"2011-05-20T04:00:00+00:00","article_modified_time":"2025-04-02T12:44:29+00:00","og_image":[{"url":"http:\/\/www.yorku.ca\/yfile\/photos\/20110520\/AlainBaudotOfficierdeOrdred(1).jpg","type":"","width":"","height":""}],"author":"phalfert","twitter_card":"summary_large_image","twitter_misc":{"Written by":"phalfert","Est. reading time":"3 minutes"},"schema":{"@context":"https:\/\/schema.org","@graph":[{"@type":"Article","@id":"https:\/\/www.yorku.ca\/yfile\/2011\/05\/20\/glendon-professor-awarded-medal-of-chevalier-de-lordre-de-la-pleiade\/#article","isPartOf":{"@id":"https:\/\/www.yorku.ca\/yfile\/2011\/05\/20\/glendon-professor-awarded-medal-of-chevalier-de-lordre-de-la-pleiade\/"},"author":{"name":"phalfert","@id":"https:\/\/www.yorku.ca\/yfile\/#\/schema\/person\/21f3dffe794363be5ece4ec7f538a0c0"},"headline":"Glendon professor awarded medal of Chevalier de L\u2019Ordre de la Pl\u00e9iade","datePublished":"2011-05-20T04:00:00+00:00","dateModified":"2025-04-02T12:44:29+00:00","mainEntityOfPage":{"@id":"https:\/\/www.yorku.ca\/yfile\/2011\/05\/20\/glendon-professor-awarded-medal-of-chevalier-de-lordre-de-la-pleiade\/"},"wordCount":588,"commentCount":0,"image":{"@id":"https:\/\/www.yorku.ca\/yfile\/2011\/05\/20\/glendon-professor-awarded-medal-of-chevalier-de-lordre-de-la-pleiade\/#primaryimage"},"thumbnailUrl":"http:\/\/www.yorku.ca\/yfile\/photos\/20110520\/AlainBaudotOfficierdeOrdred(1).jpg","keywords":["Glendon","Teaching and Learning"],"articleSection":["Latest News","Teaching &amp; Learning"],"inLanguage":"en-CA","potentialAction":[{"@type":"CommentAction","name":"Comment","target":["https:\/\/www.yorku.ca\/yfile\/2011\/05\/20\/glendon-professor-awarded-medal-of-chevalier-de-lordre-de-la-pleiade\/#respond"]}],"copyrightYear":"2011","copyrightHolder":{"@id":"https:\/\/www.yorku.ca\/yfile\/#organization"}},{"@type":"WebPage","@id":"https:\/\/www.yorku.ca\/yfile\/2011\/05\/20\/glendon-professor-awarded-medal-of-chevalier-de-lordre-de-la-pleiade\/","url":"https:\/\/www.yorku.ca\/yfile\/2011\/05\/20\/glendon-professor-awarded-medal-of-chevalier-de-lordre-de-la-pleiade\/","name":"Glendon professor awarded medal of Chevalier de L\u2019Ordre de la Pl\u00e9iade - YFile","isPartOf":{"@id":"https:\/\/www.yorku.ca\/yfile\/#website"},"primaryImageOfPage":{"@id":"https:\/\/www.yorku.ca\/yfile\/2011\/05\/20\/glendon-professor-awarded-medal-of-chevalier-de-lordre-de-la-pleiade\/#primaryimage"},"image":{"@id":"https:\/\/www.yorku.ca\/yfile\/2011\/05\/20\/glendon-professor-awarded-medal-of-chevalier-de-lordre-de-la-pleiade\/#primaryimage"},"thumbnailUrl":"http:\/\/www.yorku.ca\/yfile\/photos\/20110520\/AlainBaudotOfficierdeOrdred(1).jpg","datePublished":"2011-05-20T04:00:00+00:00","dateModified":"2025-04-02T12:44:29+00:00","author":{"@id":"https:\/\/www.yorku.ca\/yfile\/#\/schema\/person\/21f3dffe794363be5ece4ec7f538a0c0"},"breadcrumb":{"@id":"https:\/\/www.yorku.ca\/yfile\/2011\/05\/20\/glendon-professor-awarded-medal-of-chevalier-de-lordre-de-la-pleiade\/#breadcrumb"},"inLanguage":"en-CA","potentialAction":[{"@type":"ReadAction","target":["https:\/\/www.yorku.ca\/yfile\/2011\/05\/20\/glendon-professor-awarded-medal-of-chevalier-de-lordre-de-la-pleiade\/"]}]},{"@type":"ImageObject","inLanguage":"en-CA","@id":"https:\/\/www.yorku.ca\/yfile\/2011\/05\/20\/glendon-professor-awarded-medal-of-chevalier-de-lordre-de-la-pleiade\/#primaryimage","url":"http:\/\/www.yorku.ca\/yfile\/photos\/20110520\/AlainBaudotOfficierdeOrdred(1).jpg","contentUrl":"http:\/\/www.yorku.ca\/yfile\/photos\/20110520\/AlainBaudotOfficierdeOrdred(1).jpg"},{"@type":"BreadcrumbList","@id":"https:\/\/www.yorku.ca\/yfile\/2011\/05\/20\/glendon-professor-awarded-medal-of-chevalier-de-lordre-de-la-pleiade\/#breadcrumb","itemListElement":[{"@type":"ListItem","position":1,"name":"Home","item":"https:\/\/www.yorku.ca\/yfile\/"},{"@type":"ListItem","position":2,"name":"Glendon professor awarded medal of Chevalier de L\u2019Ordre de la Pl\u00e9iade"}]},{"@type":"WebSite","@id":"https:\/\/www.yorku.ca\/yfile\/#website","url":"https:\/\/www.yorku.ca\/yfile\/","name":"YFile","description":"","potentialAction":[{"@type":"SearchAction","target":{"@type":"EntryPoint","urlTemplate":"https:\/\/www.yorku.ca\/yfile\/?s={search_term_string}"},"query-input":{"@type":"PropertyValueSpecification","valueRequired":true,"valueName":"search_term_string"}}],"inLanguage":"en-CA"},{"@type":"Person","@id":"https:\/\/www.yorku.ca\/yfile\/#\/schema\/person\/21f3dffe794363be5ece4ec7f538a0c0","name":"phalfert","image":{"@type":"ImageObject","inLanguage":"en-CA","@id":"https:\/\/secure.gravatar.com\/avatar\/9e3ac8a4ede7f72dd695c074c5291e11739705deae1422de177298d5aad6d559?s=96&d=mm&r=g","url":"https:\/\/secure.gravatar.com\/avatar\/9e3ac8a4ede7f72dd695c074c5291e11739705deae1422de177298d5aad6d559?s=96&d=mm&r=g","contentUrl":"https:\/\/secure.gravatar.com\/avatar\/9e3ac8a4ede7f72dd695c074c5291e11739705deae1422de177298d5aad6d559?s=96&d=mm&r=g","caption":"phalfert"},"url":"https:\/\/www.yorku.ca\/yfile\/author\/phalfert\/"}]}},"taxonomy_info":{"category":[{"value":11,"label":"Latest News"},{"value":13,"label":"Teaching &amp; Learning"}],"post_tag":[{"value":80,"label":"Glendon"},{"value":14,"label":"Teaching and Learning"}],"tags-to-show":[{"value":169,"label":"Teaching and Learning"}]},"featured_image_src_large":false,"author_info":{"display_name":"phalfert","author_link":"https:\/\/www.yorku.ca\/yfile\/author\/phalfert\/"},"comment_info":0,"category_info":[{"term_id":11,"name":"Latest News","slug":"latest-news","term_group":0,"term_taxonomy_id":11,"taxonomy":"category","description":"","parent":0,"count":12682,"filter":"raw","cat_ID":11,"category_count":12682,"category_description":"","cat_name":"Latest News","category_nicename":"latest-news","category_parent":0},{"term_id":13,"name":"Teaching &amp; Learning","slug":"teaching-learning","term_group":0,"term_taxonomy_id":13,"taxonomy":"category","description":"","parent":0,"count":740,"filter":"raw","cat_ID":13,"category_count":740,"category_description":"","cat_name":"Teaching &amp; Learning","category_nicename":"teaching-learning","category_parent":0}],"tag_info":[{"term_id":80,"name":"Glendon","slug":"glendon","term_group":0,"term_taxonomy_id":80,"taxonomy":"post_tag","description":"","parent":0,"count":312,"filter":"raw"},{"term_id":14,"name":"Teaching and Learning","slug":"teaching-and-learning","term_group":0,"term_taxonomy_id":14,"taxonomy":"post_tag","description":"","parent":0,"count":769,"filter":"raw"}],"_links":{"self":[{"href":"https:\/\/www.yorku.ca\/yfile\/wp-json\/wp\/v2\/posts\/17052","targetHints":{"allow":["GET"]}}],"collection":[{"href":"https:\/\/www.yorku.ca\/yfile\/wp-json\/wp\/v2\/posts"}],"about":[{"href":"https:\/\/www.yorku.ca\/yfile\/wp-json\/wp\/v2\/types\/post"}],"author":[{"embeddable":true,"href":"https:\/\/www.yorku.ca\/yfile\/wp-json\/wp\/v2\/users\/5"}],"replies":[{"embeddable":true,"href":"https:\/\/www.yorku.ca\/yfile\/wp-json\/wp\/v2\/comments?post=17052"}],"version-history":[{"count":1,"href":"https:\/\/www.yorku.ca\/yfile\/wp-json\/wp\/v2\/posts\/17052\/revisions"}],"predecessor-version":[{"id":360305,"href":"https:\/\/www.yorku.ca\/yfile\/wp-json\/wp\/v2\/posts\/17052\/revisions\/360305"}],"wp:attachment":[{"href":"https:\/\/www.yorku.ca\/yfile\/wp-json\/wp\/v2\/media?parent=17052"}],"wp:term":[{"taxonomy":"category","embeddable":true,"href":"https:\/\/www.yorku.ca\/yfile\/wp-json\/wp\/v2\/categories?post=17052"},{"taxonomy":"post_tag","embeddable":true,"href":"https:\/\/www.yorku.ca\/yfile\/wp-json\/wp\/v2\/tags?post=17052"},{"taxonomy":"yfileauthor","embeddable":true,"href":"https:\/\/www.yorku.ca\/yfile\/wp-json\/wp\/v2\/yfileauthor?post=17052"},{"taxonomy":"qualifier","embeddable":true,"href":"https:\/\/www.yorku.ca\/yfile\/wp-json\/wp\/v2\/qualifier?post=17052"},{"taxonomy":"yfile-author","embeddable":true,"href":"https:\/\/www.yorku.ca\/yfile\/wp-json\/wp\/v2\/yfile-author?post=17052"},{"taxonomy":"tags-to-show","embeddable":true,"href":"https:\/\/www.yorku.ca\/yfile\/wp-json\/wp\/v2\/tags-to-show?post=17052"},{"taxonomy":"workflow","embeddable":true,"href":"https:\/\/www.yorku.ca\/yfile\/wp-json\/wp\/v2\/workflow?post=17052"}],"curies":[{"name":"wp","href":"https:\/\/api.w.org\/{rel}","templated":true}]}}