{"id":194071,"date":"2013-10-24T16:57:34","date_gmt":"2013-10-24T20:57:34","guid":{"rendered":"https:\/\/yfiledev.uit.yorku.ca\/?p=194071"},"modified":"2025-04-02T09:48:31","modified_gmt":"2025-04-02T13:48:31","slug":"government-announces-funding-to-expand-french-language-programs","status":"publish","type":"post","link":"https:\/\/www.yorku.ca\/yfile\/2013\/10\/24\/government-announces-funding-to-expand-french-language-programs\/","title":{"rendered":"Government announces funding to expand French language programs"},"content":{"rendered":"<p>The provincial government announced Thursday at York\u2019s Glendon campus that it plans to provide $16.5 million to help universities and colleges expand French language programs and services,\u00a0which includes $1.5 million awarded to Glendon for that purpose.<\/p>\n<p>Glendon is using the funds to expand French programing in its communications, foundations of law and psychology, <img loading=\"lazy\" decoding=\"async\" class=\"alignleft  wp-image-194092\" style=\"margin: 8px\" alt=\"Brad Duguid\" src=\"https:\/\/yfile.news.yorku.ca\/files\/2013\/10\/Brad-Duguid.jpg\" width=\"358\" height=\"333\" srcset=\"https:\/\/www.yorku.ca\/yfile\/wp-content\/uploads\/sites\/889\/2013\/10\/Brad-Duguid.jpg 852w, https:\/\/www.yorku.ca\/yfile\/wp-content\/uploads\/sites\/889\/2013\/10\/Brad-Duguid-400x371.jpg 400w\" sizes=\"auto, (max-width: 358px) 100vw, 358px\" \/>and business and biology programs, as well as the Language Training Centre.<\/p>\n<p><strong>Brad Duguid, minister of training, colleges and universities<\/strong><\/p>\n<p>Thursday\u2019s announcement also included news of a review of Glendon College\u2019s capacity to deliver even more French-language programs, as part of the Ministry of Training, Colleges and Universities, Action Plan for French-language Postsecondary Education.<\/p>\n<p>\u201cYork University is proud to partner with the Ontario government in expanding and enhancing programs and services to support French and bilingual education in the province,\u201d said York President &amp; Vice-Chancellor Mamdouh Shoukri. \u201cWe appreciate the ministry's expression of confidence in supporting curricular development at Glendon College, which ensures we are well-positioned to continue educating Canada's future leaders.\u201d<\/p>\n<p>The Action Plan will increase access to French-language postsecondary education and services in central and southwestern Ontario, giving college and university students more opportunities to study in French and prepare for future jobs. It will allow all francophone institutions, including the University of Ottawa and Laurentian University, to <img loading=\"lazy\" decoding=\"async\" class=\"alignright  wp-image-194093\" style=\"margin: 8px\" alt=\"Madeleine Meilleur\" src=\"https:\/\/yfile.news.yorku.ca\/files\/2013\/10\/Madeleine-Meilleur.jpg\" width=\"371\" height=\"331\" srcset=\"https:\/\/www.yorku.ca\/yfile\/wp-content\/uploads\/sites\/889\/2013\/10\/Madeleine-Meilleur.jpg 884w, https:\/\/www.yorku.ca\/yfile\/wp-content\/uploads\/sites\/889\/2013\/10\/Madeleine-Meilleur-400x357.jpg 400w\" sizes=\"auto, (max-width: 371px) 100vw, 371px\" \/>be eligible for funding to deliver French-language programs in central and southwestern Ontario with a partner college or university located there.<\/p>\n<p style=\"text-align: right\"><strong>Madeleine Meilleur, minister responsible for francophone affairs<\/strong><\/p>\n<p>\u201cWorking with our education partners, we want to ensure that all our youth have access to the same opportunities,\u201d said Brad Duguid, minister of training, colleges and universities. \u201cHelping francophone students succeed in their own language means greater access to the training and education needed to land good jobs, diversify our workforce, and create a stronger economy.\u201d<\/p>\n<p>The plan will also encourage partnerships among bilingual postsecondary institutions and employment and training services organizations to further increase French-language programs and establish an advisory body on French-language education.<\/p>\n<p>\u201cThe action plan will create more options for francophone students, apprentices and other learners, and increase the <img loading=\"lazy\" decoding=\"async\" class=\"alignleft  wp-image-194098\" style=\"margin: 8px\" alt=\"GlendonGroupShot\" src=\"https:\/\/yfile.news.yorku.ca\/files\/2013\/10\/GlendonGroupShot1.jpg\" width=\"341\" height=\"372\" srcset=\"https:\/\/www.yorku.ca\/yfile\/wp-content\/uploads\/sites\/889\/2013\/10\/GlendonGroupShot1.jpg 568w, https:\/\/www.yorku.ca\/yfile\/wp-content\/uploads\/sites\/889\/2013\/10\/GlendonGroupShot1-366x400.jpg 366w\" sizes=\"auto, (max-width: 341px) 100vw, 341px\" \/>vitality of Ontario\u2019s French-language postsecondary education and training network,\u201d added Madeleine Meilleur, minister responsible for francophone affairs.<\/p>\n<p><strong>Glendon Principal Kenneth McRoberts (second from left), Brad Duguid, Mamdouh Shoukri and Madeleine Meilleur (far right) at Glendon College for the government's announcement<\/strong><\/p>\n<p>The announcement included program expansions that are already underway, not only at Glendon College, but also Coll\u00e8ge Bor\u00e9al and La Cit\u00e9 coll\u00e9giale.<\/p>\n<p>Ontario is home to more than 600,000 francophones \u2013 the largest francophone population in Canada outside of Quebec \u2013 with more than one-third of them living in central and southwestern Ontario. By 2020, more than half of the Ontario francophone population will reside in those regions.<\/p>\n","protected":false},"excerpt":{"rendered":"<p>The provincial government announced Thursday at York's Glendon campus that it plans to provide $16.5 million to help universities and colleges expand French language programs and services, which includes $1.5 million awarded to Glendon for that purpose.<\/p>\n","protected":false},"author":5,"featured_media":194091,"comment_status":"closed","ping_status":"closed","sticky":false,"template":"","format":"standard","meta":{"_acf_changed":false,"_kad_blocks_custom_css":"","_kad_blocks_head_custom_js":"","_kad_blocks_body_custom_js":"","_kad_blocks_footer_custom_js":"","footnotes":""},"categories":[25],"tags":[80],"yfileauthor":[],"qualifier":[],"yfile-author":[],"tags-to-show":[171],"workflow":[],"class_list":["post-194071","post","type-post","status-publish","format-standard","has-post-thumbnail","hentry","category-editors-picks","tag-glendon","tags-to-show-glendon"],"acf":{"internal_publish_date":null,"original_image":null},"yoast_head":"<!-- This site is optimized with the Yoast SEO plugin v27.4 - https:\/\/yoast.com\/product\/yoast-seo-wordpress\/ -->\n<title>Government announces funding to expand French language programs - YFile<\/title>\n<meta name=\"robots\" content=\"index, follow, max-snippet:-1, max-image-preview:large, max-video-preview:-1\" \/>\n<link rel=\"canonical\" href=\"https:\/\/www.yorku.ca\/yfile\/2013\/10\/24\/government-announces-funding-to-expand-french-language-programs\/\" \/>\n<meta property=\"og:locale\" content=\"en_US\" \/>\n<meta property=\"og:type\" content=\"article\" \/>\n<meta property=\"og:title\" content=\"Government announces funding to expand French language programs - YFile\" \/>\n<meta property=\"og:description\" content=\"The provincial government announced Thursday at York&#039;s Glendon campus that it plans to provide $16.5 million to help universities and colleges expand French language programs and services, which includes $1.5 million awarded to Glendon for that purpose.\" \/>\n<meta property=\"og:url\" content=\"https:\/\/www.yorku.ca\/yfile\/2013\/10\/24\/government-announces-funding-to-expand-french-language-programs\/\" \/>\n<meta property=\"og:site_name\" content=\"YFile\" \/>\n<meta property=\"article:published_time\" content=\"2013-10-24T20:57:34+00:00\" \/>\n<meta property=\"article:modified_time\" content=\"2025-04-02T13:48:31+00:00\" \/>\n<meta property=\"og:image\" content=\"https:\/\/www.yorku.ca\/yfile\/wp-content\/uploads\/sites\/889\/2013\/10\/Glendon2-V.jpg\" \/>\n\t<meta property=\"og:image:width\" content=\"335\" \/>\n\t<meta property=\"og:image:height\" content=\"464\" \/>\n\t<meta property=\"og:image:type\" content=\"image\/jpeg\" \/>\n<meta name=\"author\" content=\"phalfert\" \/>\n<meta name=\"twitter:card\" content=\"summary_large_image\" \/>\n<meta name=\"twitter:label1\" content=\"Written by\" \/>\n\t<meta name=\"twitter:data1\" content=\"phalfert\" \/>\n\t<meta name=\"twitter:label2\" content=\"Est. reading time\" \/>\n\t<meta name=\"twitter:data2\" content=\"2 minutes\" \/>\n<script type=\"application\/ld+json\" class=\"yoast-schema-graph\">{\"@context\":\"https:\\\/\\\/schema.org\",\"@graph\":[{\"@type\":\"Article\",\"@id\":\"https:\\\/\\\/www.yorku.ca\\\/yfile\\\/2013\\\/10\\\/24\\\/government-announces-funding-to-expand-french-language-programs\\\/#article\",\"isPartOf\":{\"@id\":\"https:\\\/\\\/www.yorku.ca\\\/yfile\\\/2013\\\/10\\\/24\\\/government-announces-funding-to-expand-french-language-programs\\\/\"},\"author\":{\"name\":\"phalfert\",\"@id\":\"https:\\\/\\\/www.yorku.ca\\\/yfile\\\/#\\\/schema\\\/person\\\/21f3dffe794363be5ece4ec7f538a0c0\"},\"headline\":\"Government announces funding to expand French language programs\",\"datePublished\":\"2013-10-24T20:57:34+00:00\",\"dateModified\":\"2025-04-02T13:48:31+00:00\",\"mainEntityOfPage\":{\"@id\":\"https:\\\/\\\/www.yorku.ca\\\/yfile\\\/2013\\\/10\\\/24\\\/government-announces-funding-to-expand-french-language-programs\\\/\"},\"wordCount\":465,\"image\":{\"@id\":\"https:\\\/\\\/www.yorku.ca\\\/yfile\\\/2013\\\/10\\\/24\\\/government-announces-funding-to-expand-french-language-programs\\\/#primaryimage\"},\"thumbnailUrl\":\"https:\\\/\\\/www.yorku.ca\\\/yfile\\\/wp-content\\\/uploads\\\/sites\\\/889\\\/2013\\\/10\\\/Glendon2-V.jpg\",\"keywords\":[\"Glendon\"],\"articleSection\":[\"Editor's Picks\"],\"inLanguage\":\"en-CA\",\"copyrightYear\":\"2013\",\"copyrightHolder\":{\"@id\":\"https:\\\/\\\/www.yorku.ca\\\/yfile\\\/#organization\"}},{\"@type\":\"WebPage\",\"@id\":\"https:\\\/\\\/www.yorku.ca\\\/yfile\\\/2013\\\/10\\\/24\\\/government-announces-funding-to-expand-french-language-programs\\\/\",\"url\":\"https:\\\/\\\/www.yorku.ca\\\/yfile\\\/2013\\\/10\\\/24\\\/government-announces-funding-to-expand-french-language-programs\\\/\",\"name\":\"Government announces funding to expand French language programs - YFile\",\"isPartOf\":{\"@id\":\"https:\\\/\\\/www.yorku.ca\\\/yfile\\\/#website\"},\"primaryImageOfPage\":{\"@id\":\"https:\\\/\\\/www.yorku.ca\\\/yfile\\\/2013\\\/10\\\/24\\\/government-announces-funding-to-expand-french-language-programs\\\/#primaryimage\"},\"image\":{\"@id\":\"https:\\\/\\\/www.yorku.ca\\\/yfile\\\/2013\\\/10\\\/24\\\/government-announces-funding-to-expand-french-language-programs\\\/#primaryimage\"},\"thumbnailUrl\":\"https:\\\/\\\/www.yorku.ca\\\/yfile\\\/wp-content\\\/uploads\\\/sites\\\/889\\\/2013\\\/10\\\/Glendon2-V.jpg\",\"datePublished\":\"2013-10-24T20:57:34+00:00\",\"dateModified\":\"2025-04-02T13:48:31+00:00\",\"author\":{\"@id\":\"https:\\\/\\\/www.yorku.ca\\\/yfile\\\/#\\\/schema\\\/person\\\/21f3dffe794363be5ece4ec7f538a0c0\"},\"breadcrumb\":{\"@id\":\"https:\\\/\\\/www.yorku.ca\\\/yfile\\\/2013\\\/10\\\/24\\\/government-announces-funding-to-expand-french-language-programs\\\/#breadcrumb\"},\"inLanguage\":\"en-CA\",\"potentialAction\":[{\"@type\":\"ReadAction\",\"target\":[\"https:\\\/\\\/www.yorku.ca\\\/yfile\\\/2013\\\/10\\\/24\\\/government-announces-funding-to-expand-french-language-programs\\\/\"]}]},{\"@type\":\"ImageObject\",\"inLanguage\":\"en-CA\",\"@id\":\"https:\\\/\\\/www.yorku.ca\\\/yfile\\\/2013\\\/10\\\/24\\\/government-announces-funding-to-expand-french-language-programs\\\/#primaryimage\",\"url\":\"https:\\\/\\\/www.yorku.ca\\\/yfile\\\/wp-content\\\/uploads\\\/sites\\\/889\\\/2013\\\/10\\\/Glendon2-V.jpg\",\"contentUrl\":\"https:\\\/\\\/www.yorku.ca\\\/yfile\\\/wp-content\\\/uploads\\\/sites\\\/889\\\/2013\\\/10\\\/Glendon2-V.jpg\",\"width\":335,\"height\":464},{\"@type\":\"BreadcrumbList\",\"@id\":\"https:\\\/\\\/www.yorku.ca\\\/yfile\\\/2013\\\/10\\\/24\\\/government-announces-funding-to-expand-french-language-programs\\\/#breadcrumb\",\"itemListElement\":[{\"@type\":\"ListItem\",\"position\":1,\"name\":\"Home\",\"item\":\"https:\\\/\\\/www.yorku.ca\\\/yfile\\\/\"},{\"@type\":\"ListItem\",\"position\":2,\"name\":\"Government announces funding to expand French language programs\"}]},{\"@type\":\"WebSite\",\"@id\":\"https:\\\/\\\/www.yorku.ca\\\/yfile\\\/#website\",\"url\":\"https:\\\/\\\/www.yorku.ca\\\/yfile\\\/\",\"name\":\"YFile\",\"description\":\"\",\"potentialAction\":[{\"@type\":\"SearchAction\",\"target\":{\"@type\":\"EntryPoint\",\"urlTemplate\":\"https:\\\/\\\/www.yorku.ca\\\/yfile\\\/?s={search_term_string}\"},\"query-input\":{\"@type\":\"PropertyValueSpecification\",\"valueRequired\":true,\"valueName\":\"search_term_string\"}}],\"inLanguage\":\"en-CA\"},{\"@type\":\"Person\",\"@id\":\"https:\\\/\\\/www.yorku.ca\\\/yfile\\\/#\\\/schema\\\/person\\\/21f3dffe794363be5ece4ec7f538a0c0\",\"name\":\"phalfert\",\"image\":{\"@type\":\"ImageObject\",\"inLanguage\":\"en-CA\",\"@id\":\"https:\\\/\\\/secure.gravatar.com\\\/avatar\\\/9e3ac8a4ede7f72dd695c074c5291e11739705deae1422de177298d5aad6d559?s=96&d=mm&r=g\",\"url\":\"https:\\\/\\\/secure.gravatar.com\\\/avatar\\\/9e3ac8a4ede7f72dd695c074c5291e11739705deae1422de177298d5aad6d559?s=96&d=mm&r=g\",\"contentUrl\":\"https:\\\/\\\/secure.gravatar.com\\\/avatar\\\/9e3ac8a4ede7f72dd695c074c5291e11739705deae1422de177298d5aad6d559?s=96&d=mm&r=g\",\"caption\":\"phalfert\"},\"url\":\"https:\\\/\\\/www.yorku.ca\\\/yfile\\\/author\\\/phalfert\\\/\"}]}<\/script>\n<!-- \/ Yoast SEO plugin. -->","yoast_head_json":{"title":"Government announces funding to expand French language programs - YFile","robots":{"index":"index","follow":"follow","max-snippet":"max-snippet:-1","max-image-preview":"max-image-preview:large","max-video-preview":"max-video-preview:-1"},"canonical":"https:\/\/www.yorku.ca\/yfile\/2013\/10\/24\/government-announces-funding-to-expand-french-language-programs\/","og_locale":"en_US","og_type":"article","og_title":"Government announces funding to expand French language programs - YFile","og_description":"The provincial government announced Thursday at York's Glendon campus that it plans to provide $16.5 million to help universities and colleges expand French language programs and services, which includes $1.5 million awarded to Glendon for that purpose.","og_url":"https:\/\/www.yorku.ca\/yfile\/2013\/10\/24\/government-announces-funding-to-expand-french-language-programs\/","og_site_name":"YFile","article_published_time":"2013-10-24T20:57:34+00:00","article_modified_time":"2025-04-02T13:48:31+00:00","og_image":[{"width":335,"height":464,"url":"https:\/\/www.yorku.ca\/yfile\/wp-content\/uploads\/sites\/889\/2013\/10\/Glendon2-V.jpg","type":"image\/jpeg"}],"author":"phalfert","twitter_card":"summary_large_image","twitter_misc":{"Written by":"phalfert","Est. reading time":"2 minutes"},"schema":{"@context":"https:\/\/schema.org","@graph":[{"@type":"Article","@id":"https:\/\/www.yorku.ca\/yfile\/2013\/10\/24\/government-announces-funding-to-expand-french-language-programs\/#article","isPartOf":{"@id":"https:\/\/www.yorku.ca\/yfile\/2013\/10\/24\/government-announces-funding-to-expand-french-language-programs\/"},"author":{"name":"phalfert","@id":"https:\/\/www.yorku.ca\/yfile\/#\/schema\/person\/21f3dffe794363be5ece4ec7f538a0c0"},"headline":"Government announces funding to expand French language programs","datePublished":"2013-10-24T20:57:34+00:00","dateModified":"2025-04-02T13:48:31+00:00","mainEntityOfPage":{"@id":"https:\/\/www.yorku.ca\/yfile\/2013\/10\/24\/government-announces-funding-to-expand-french-language-programs\/"},"wordCount":465,"image":{"@id":"https:\/\/www.yorku.ca\/yfile\/2013\/10\/24\/government-announces-funding-to-expand-french-language-programs\/#primaryimage"},"thumbnailUrl":"https:\/\/www.yorku.ca\/yfile\/wp-content\/uploads\/sites\/889\/2013\/10\/Glendon2-V.jpg","keywords":["Glendon"],"articleSection":["Editor's Picks"],"inLanguage":"en-CA","copyrightYear":"2013","copyrightHolder":{"@id":"https:\/\/www.yorku.ca\/yfile\/#organization"}},{"@type":"WebPage","@id":"https:\/\/www.yorku.ca\/yfile\/2013\/10\/24\/government-announces-funding-to-expand-french-language-programs\/","url":"https:\/\/www.yorku.ca\/yfile\/2013\/10\/24\/government-announces-funding-to-expand-french-language-programs\/","name":"Government announces funding to expand French language programs - YFile","isPartOf":{"@id":"https:\/\/www.yorku.ca\/yfile\/#website"},"primaryImageOfPage":{"@id":"https:\/\/www.yorku.ca\/yfile\/2013\/10\/24\/government-announces-funding-to-expand-french-language-programs\/#primaryimage"},"image":{"@id":"https:\/\/www.yorku.ca\/yfile\/2013\/10\/24\/government-announces-funding-to-expand-french-language-programs\/#primaryimage"},"thumbnailUrl":"https:\/\/www.yorku.ca\/yfile\/wp-content\/uploads\/sites\/889\/2013\/10\/Glendon2-V.jpg","datePublished":"2013-10-24T20:57:34+00:00","dateModified":"2025-04-02T13:48:31+00:00","author":{"@id":"https:\/\/www.yorku.ca\/yfile\/#\/schema\/person\/21f3dffe794363be5ece4ec7f538a0c0"},"breadcrumb":{"@id":"https:\/\/www.yorku.ca\/yfile\/2013\/10\/24\/government-announces-funding-to-expand-french-language-programs\/#breadcrumb"},"inLanguage":"en-CA","potentialAction":[{"@type":"ReadAction","target":["https:\/\/www.yorku.ca\/yfile\/2013\/10\/24\/government-announces-funding-to-expand-french-language-programs\/"]}]},{"@type":"ImageObject","inLanguage":"en-CA","@id":"https:\/\/www.yorku.ca\/yfile\/2013\/10\/24\/government-announces-funding-to-expand-french-language-programs\/#primaryimage","url":"https:\/\/www.yorku.ca\/yfile\/wp-content\/uploads\/sites\/889\/2013\/10\/Glendon2-V.jpg","contentUrl":"https:\/\/www.yorku.ca\/yfile\/wp-content\/uploads\/sites\/889\/2013\/10\/Glendon2-V.jpg","width":335,"height":464},{"@type":"BreadcrumbList","@id":"https:\/\/www.yorku.ca\/yfile\/2013\/10\/24\/government-announces-funding-to-expand-french-language-programs\/#breadcrumb","itemListElement":[{"@type":"ListItem","position":1,"name":"Home","item":"https:\/\/www.yorku.ca\/yfile\/"},{"@type":"ListItem","position":2,"name":"Government announces funding to expand French language programs"}]},{"@type":"WebSite","@id":"https:\/\/www.yorku.ca\/yfile\/#website","url":"https:\/\/www.yorku.ca\/yfile\/","name":"YFile","description":"","potentialAction":[{"@type":"SearchAction","target":{"@type":"EntryPoint","urlTemplate":"https:\/\/www.yorku.ca\/yfile\/?s={search_term_string}"},"query-input":{"@type":"PropertyValueSpecification","valueRequired":true,"valueName":"search_term_string"}}],"inLanguage":"en-CA"},{"@type":"Person","@id":"https:\/\/www.yorku.ca\/yfile\/#\/schema\/person\/21f3dffe794363be5ece4ec7f538a0c0","name":"phalfert","image":{"@type":"ImageObject","inLanguage":"en-CA","@id":"https:\/\/secure.gravatar.com\/avatar\/9e3ac8a4ede7f72dd695c074c5291e11739705deae1422de177298d5aad6d559?s=96&d=mm&r=g","url":"https:\/\/secure.gravatar.com\/avatar\/9e3ac8a4ede7f72dd695c074c5291e11739705deae1422de177298d5aad6d559?s=96&d=mm&r=g","contentUrl":"https:\/\/secure.gravatar.com\/avatar\/9e3ac8a4ede7f72dd695c074c5291e11739705deae1422de177298d5aad6d559?s=96&d=mm&r=g","caption":"phalfert"},"url":"https:\/\/www.yorku.ca\/yfile\/author\/phalfert\/"}]}},"taxonomy_info":{"category":[{"value":25,"label":"Editor's Picks"}],"post_tag":[{"value":80,"label":"Glendon"}],"tags-to-show":[{"value":171,"label":"Glendon"}]},"featured_image_src_large":["https:\/\/www.yorku.ca\/yfile\/wp-content\/uploads\/sites\/889\/2013\/10\/Glendon2-V.jpg",335,464,false],"author_info":{"display_name":"phalfert","author_link":"https:\/\/www.yorku.ca\/yfile\/author\/phalfert\/"},"comment_info":0,"category_info":[{"term_id":25,"name":"Editor's Picks","slug":"editors-picks","term_group":0,"term_taxonomy_id":25,"taxonomy":"category","description":"","parent":0,"count":6272,"filter":"raw","cat_ID":25,"category_count":6272,"category_description":"","cat_name":"Editor's Picks","category_nicename":"editors-picks","category_parent":0}],"tag_info":[{"term_id":80,"name":"Glendon","slug":"glendon","term_group":0,"term_taxonomy_id":80,"taxonomy":"post_tag","description":"","parent":0,"count":312,"filter":"raw"}],"_links":{"self":[{"href":"https:\/\/www.yorku.ca\/yfile\/wp-json\/wp\/v2\/posts\/194071","targetHints":{"allow":["GET"]}}],"collection":[{"href":"https:\/\/www.yorku.ca\/yfile\/wp-json\/wp\/v2\/posts"}],"about":[{"href":"https:\/\/www.yorku.ca\/yfile\/wp-json\/wp\/v2\/types\/post"}],"author":[{"embeddable":true,"href":"https:\/\/www.yorku.ca\/yfile\/wp-json\/wp\/v2\/users\/5"}],"replies":[{"embeddable":true,"href":"https:\/\/www.yorku.ca\/yfile\/wp-json\/wp\/v2\/comments?post=194071"}],"version-history":[{"count":1,"href":"https:\/\/www.yorku.ca\/yfile\/wp-json\/wp\/v2\/posts\/194071\/revisions"}],"predecessor-version":[{"id":361388,"href":"https:\/\/www.yorku.ca\/yfile\/wp-json\/wp\/v2\/posts\/194071\/revisions\/361388"}],"wp:featuredmedia":[{"embeddable":true,"href":"https:\/\/www.yorku.ca\/yfile\/wp-json\/wp\/v2\/media\/194091"}],"wp:attachment":[{"href":"https:\/\/www.yorku.ca\/yfile\/wp-json\/wp\/v2\/media?parent=194071"}],"wp:term":[{"taxonomy":"category","embeddable":true,"href":"https:\/\/www.yorku.ca\/yfile\/wp-json\/wp\/v2\/categories?post=194071"},{"taxonomy":"post_tag","embeddable":true,"href":"https:\/\/www.yorku.ca\/yfile\/wp-json\/wp\/v2\/tags?post=194071"},{"taxonomy":"yfileauthor","embeddable":true,"href":"https:\/\/www.yorku.ca\/yfile\/wp-json\/wp\/v2\/yfileauthor?post=194071"},{"taxonomy":"qualifier","embeddable":true,"href":"https:\/\/www.yorku.ca\/yfile\/wp-json\/wp\/v2\/qualifier?post=194071"},{"taxonomy":"yfile-author","embeddable":true,"href":"https:\/\/www.yorku.ca\/yfile\/wp-json\/wp\/v2\/yfile-author?post=194071"},{"taxonomy":"tags-to-show","embeddable":true,"href":"https:\/\/www.yorku.ca\/yfile\/wp-json\/wp\/v2\/tags-to-show?post=194071"},{"taxonomy":"workflow","embeddable":true,"href":"https:\/\/www.yorku.ca\/yfile\/wp-json\/wp\/v2\/workflow?post=194071"}],"curies":[{"name":"wp","href":"https:\/\/api.w.org\/{rel}","templated":true}]}}