{"id":198391,"date":"2014-02-03T16:35:12","date_gmt":"2014-02-03T21:35:12","guid":{"rendered":"https:\/\/yfiledev.uit.yorku.ca\/?p=198391"},"modified":"2025-04-02T09:53:57","modified_gmt":"2025-04-02T13:53:57","slug":"colombian-human-rights-experts-discuss-indigenous-rights","status":"publish","type":"post","link":"https:\/\/www.yorku.ca\/yfile\/2014\/02\/03\/colombian-human-rights-experts-discuss-indigenous-rights\/","title":{"rendered":"Colombian human rights experts discuss indigenous rights"},"content":{"rendered":"<p>Two prominent Colombian indigenous human rights experts will discuss Friday the growing state of emergency in that country, especially as it relates to indigenous peoples.<\/p>\n<p><b>Mar\u00eda Patricia Tob\u00f3n Yagar\u00ed<\/b>, a respected indigenous lawyer, and\u00a0<b>Deputy Justice Federico Guzm\u00e1n Duque<\/b>, who has extensive experience working to prevent the disproportionate impact of armed conflict and forced displacement on indigenous peoples in Colombia, will talk about indigenous rights in Colombia.<\/p>\n<div id=\"attachment_198396\" style=\"width: 180px\" class=\"wp-caption alignright\"><img loading=\"lazy\" decoding=\"async\" aria-describedby=\"caption-attachment-198396\" class=\"size-full wp-image-198396\" alt=\"Maria Patricia Tobon Yaga, photo courtesy Amnesty International\" src=\"https:\/\/yfile.news.yorku.ca\/files\/2014\/02\/Maria-Patricia-Tobon-Yagari.jpg\" width=\"170\" height=\"211\" \/><p id=\"caption-attachment-198396\" class=\"wp-caption-text\">Maria Patricia Tobon Yaga, photo by the Inter-American Commission on Human Rights<\/p><\/div>\n<p>The talk will take place Friday,\u00a0Feb. 7 at 2pm, at Osgoode Hall Law School, 1001 Ignat Kaneff Building, Keele campus. Refreshments will be provided. The talk is presented by <a href=\"http:\/\/www.yorku.ca\/cerlac\/\">Centre for Research on Latin America &amp; the Caribbean<\/a>, the York Centre for Public Policy &amp; Law, the Aboriginal Intensive and Amnesty International.<\/p>\n<p><span style=\"line-height: 1.5em\">The two speakers will discuss the human rights emergency for indigenous peoples in Colombia amidst ongoing armed conflict and increasing resource extraction demands. They will also look at the role of the international community and Canada in protecting indigenous rights.<\/span><\/p>\n<p>The event will be an opportunity for students to engage with pressing issues regarding the protection of indigenous rights in Colombia, and extractive industries.<\/p>\n<p><b>Mar\u00eda Patricia Tob\u00f3n Yagar\u00ed<\/b>\u00a0has expertise in constitutional law, implementation of indigenous rights and conflicts involving mining and energy projects in Colombia. She currently works with the National Indigenous Organization of Colombia. She has led work to monitor the impacts of resource extraction on indigenous communities, and address violations resulting from forced displacement.<\/p>\n<div id=\"attachment_198399\" style=\"width: 173px\" class=\"wp-caption alignleft\"><img loading=\"lazy\" decoding=\"async\" aria-describedby=\"caption-attachment-198399\" class=\"size-full wp-image-198399\" alt=\"Frederico Guzman Duque\" src=\"https:\/\/yfile.news.yorku.ca\/files\/2014\/02\/Frederico-Guzman-Duque.jpg\" width=\"163\" height=\"209\" \/><p id=\"caption-attachment-198399\" class=\"wp-caption-text\">Frederico Guzman Duque<\/p><\/div>\n<p>In 2012, she contributed to a study published by the International Work Group for Indigenous Affairs that analyzes factors which have given rise to increasing numbers of suicides by indigenous girls in Colombia.<\/p>\n<p><b>Federico Guzm\u00e1n Duque\u00a0<\/b>was responsible for writing a landmark decision of Colombia\u2019s Constitutional Court that awarded special measures to protect 34 distinct Indigenous nations determined to be at risk of \u201cphysical and cultural extermination\u201d. He has worked at the Inter-American Commission on Human Rights in the Office of the Rapporteur on the Rights of Indigenous Peoples and currently works in the Council of State.<\/p>\n","protected":false},"excerpt":{"rendered":"<p>Maria Patricia Tobon Yagari, a respected indigenous lawyer, and Deputy Justice Federico Guzman Duque, who has extensive experience working to prevent the disproportionate impact of armed conflict and forced displacement on indigenous peoples in Colombia, will talk about indigenous rights in Colombia Friday at York.<\/p>\n","protected":false},"author":5,"featured_media":198402,"comment_status":"closed","ping_status":"closed","sticky":false,"template":"","format":"standard","meta":{"_acf_changed":false,"_kad_blocks_custom_css":"","_kad_blocks_head_custom_js":"","_kad_blocks_body_custom_js":"","_kad_blocks_footer_custom_js":"","footnotes":""},"categories":[11],"tags":[38],"yfileauthor":[],"qualifier":[],"yfile-author":[],"tags-to-show":[164],"workflow":[],"class_list":["post-198391","post","type-post","status-publish","format-standard","has-post-thumbnail","hentry","category-latest-news","tag-osgoode","tags-to-show-osgoode"],"acf":{"internal_publish_date":null,"original_image":null},"yoast_head":"<!-- This site is optimized with the Yoast SEO plugin v27.4 - https:\/\/yoast.com\/product\/yoast-seo-wordpress\/ -->\n<title>Colombian human rights experts discuss indigenous rights - YFile<\/title>\n<meta name=\"robots\" content=\"index, follow, max-snippet:-1, max-image-preview:large, max-video-preview:-1\" \/>\n<link rel=\"canonical\" href=\"https:\/\/www.yorku.ca\/yfile\/2014\/02\/03\/colombian-human-rights-experts-discuss-indigenous-rights\/\" \/>\n<meta property=\"og:locale\" content=\"en_US\" \/>\n<meta property=\"og:type\" content=\"article\" \/>\n<meta property=\"og:title\" content=\"Colombian human rights experts discuss indigenous rights - YFile\" \/>\n<meta property=\"og:description\" content=\"Maria Patricia Tobon Yagari, a respected indigenous lawyer, and Deputy Justice Federico Guzman Duque, who has extensive experience working to prevent the disproportionate impact of armed conflict and forced displacement on indigenous peoples in Colombia, will talk about indigenous rights in Colombia Friday at York.\" \/>\n<meta property=\"og:url\" content=\"https:\/\/www.yorku.ca\/yfile\/2014\/02\/03\/colombian-human-rights-experts-discuss-indigenous-rights\/\" \/>\n<meta property=\"og:site_name\" content=\"YFile\" \/>\n<meta property=\"article:published_time\" content=\"2014-02-03T21:35:12+00:00\" \/>\n<meta property=\"article:modified_time\" content=\"2025-04-02T13:53:57+00:00\" \/>\n<meta property=\"og:image\" content=\"https:\/\/www.yorku.ca\/yfile\/wp-content\/uploads\/sites\/889\/2014\/02\/CERLAC-Speakers.jpg\" \/>\n\t<meta property=\"og:image:width\" content=\"200\" \/>\n\t<meta property=\"og:image:height\" content=\"128\" \/>\n\t<meta property=\"og:image:type\" content=\"image\/jpeg\" \/>\n<meta name=\"author\" content=\"phalfert\" \/>\n<meta name=\"twitter:card\" content=\"summary_large_image\" \/>\n<meta name=\"twitter:label1\" content=\"Written by\" \/>\n\t<meta name=\"twitter:data1\" content=\"phalfert\" \/>\n\t<meta name=\"twitter:label2\" content=\"Est. reading time\" \/>\n\t<meta name=\"twitter:data2\" content=\"2 minutes\" \/>\n<script type=\"application\/ld+json\" class=\"yoast-schema-graph\">{\"@context\":\"https:\\\/\\\/schema.org\",\"@graph\":[{\"@type\":\"Article\",\"@id\":\"https:\\\/\\\/www.yorku.ca\\\/yfile\\\/2014\\\/02\\\/03\\\/colombian-human-rights-experts-discuss-indigenous-rights\\\/#article\",\"isPartOf\":{\"@id\":\"https:\\\/\\\/www.yorku.ca\\\/yfile\\\/2014\\\/02\\\/03\\\/colombian-human-rights-experts-discuss-indigenous-rights\\\/\"},\"author\":{\"name\":\"phalfert\",\"@id\":\"https:\\\/\\\/www.yorku.ca\\\/yfile\\\/#\\\/schema\\\/person\\\/21f3dffe794363be5ece4ec7f538a0c0\"},\"headline\":\"Colombian human rights experts discuss indigenous rights\",\"datePublished\":\"2014-02-03T21:35:12+00:00\",\"dateModified\":\"2025-04-02T13:53:57+00:00\",\"mainEntityOfPage\":{\"@id\":\"https:\\\/\\\/www.yorku.ca\\\/yfile\\\/2014\\\/02\\\/03\\\/colombian-human-rights-experts-discuss-indigenous-rights\\\/\"},\"wordCount\":373,\"image\":{\"@id\":\"https:\\\/\\\/www.yorku.ca\\\/yfile\\\/2014\\\/02\\\/03\\\/colombian-human-rights-experts-discuss-indigenous-rights\\\/#primaryimage\"},\"thumbnailUrl\":\"https:\\\/\\\/www.yorku.ca\\\/yfile\\\/wp-content\\\/uploads\\\/sites\\\/889\\\/2014\\\/02\\\/CERLAC-Speakers.jpg\",\"keywords\":[\"Osgoode\"],\"articleSection\":[\"Latest News\"],\"inLanguage\":\"en-CA\",\"copyrightYear\":\"2014\",\"copyrightHolder\":{\"@id\":\"https:\\\/\\\/www.yorku.ca\\\/yfile\\\/#organization\"}},{\"@type\":\"WebPage\",\"@id\":\"https:\\\/\\\/www.yorku.ca\\\/yfile\\\/2014\\\/02\\\/03\\\/colombian-human-rights-experts-discuss-indigenous-rights\\\/\",\"url\":\"https:\\\/\\\/www.yorku.ca\\\/yfile\\\/2014\\\/02\\\/03\\\/colombian-human-rights-experts-discuss-indigenous-rights\\\/\",\"name\":\"Colombian human rights experts discuss indigenous rights - YFile\",\"isPartOf\":{\"@id\":\"https:\\\/\\\/www.yorku.ca\\\/yfile\\\/#website\"},\"primaryImageOfPage\":{\"@id\":\"https:\\\/\\\/www.yorku.ca\\\/yfile\\\/2014\\\/02\\\/03\\\/colombian-human-rights-experts-discuss-indigenous-rights\\\/#primaryimage\"},\"image\":{\"@id\":\"https:\\\/\\\/www.yorku.ca\\\/yfile\\\/2014\\\/02\\\/03\\\/colombian-human-rights-experts-discuss-indigenous-rights\\\/#primaryimage\"},\"thumbnailUrl\":\"https:\\\/\\\/www.yorku.ca\\\/yfile\\\/wp-content\\\/uploads\\\/sites\\\/889\\\/2014\\\/02\\\/CERLAC-Speakers.jpg\",\"datePublished\":\"2014-02-03T21:35:12+00:00\",\"dateModified\":\"2025-04-02T13:53:57+00:00\",\"author\":{\"@id\":\"https:\\\/\\\/www.yorku.ca\\\/yfile\\\/#\\\/schema\\\/person\\\/21f3dffe794363be5ece4ec7f538a0c0\"},\"breadcrumb\":{\"@id\":\"https:\\\/\\\/www.yorku.ca\\\/yfile\\\/2014\\\/02\\\/03\\\/colombian-human-rights-experts-discuss-indigenous-rights\\\/#breadcrumb\"},\"inLanguage\":\"en-CA\",\"potentialAction\":[{\"@type\":\"ReadAction\",\"target\":[\"https:\\\/\\\/www.yorku.ca\\\/yfile\\\/2014\\\/02\\\/03\\\/colombian-human-rights-experts-discuss-indigenous-rights\\\/\"]}]},{\"@type\":\"ImageObject\",\"inLanguage\":\"en-CA\",\"@id\":\"https:\\\/\\\/www.yorku.ca\\\/yfile\\\/2014\\\/02\\\/03\\\/colombian-human-rights-experts-discuss-indigenous-rights\\\/#primaryimage\",\"url\":\"https:\\\/\\\/www.yorku.ca\\\/yfile\\\/wp-content\\\/uploads\\\/sites\\\/889\\\/2014\\\/02\\\/CERLAC-Speakers.jpg\",\"contentUrl\":\"https:\\\/\\\/www.yorku.ca\\\/yfile\\\/wp-content\\\/uploads\\\/sites\\\/889\\\/2014\\\/02\\\/CERLAC-Speakers.jpg\",\"width\":200,\"height\":128,\"caption\":\"CERLAC Speakers\"},{\"@type\":\"BreadcrumbList\",\"@id\":\"https:\\\/\\\/www.yorku.ca\\\/yfile\\\/2014\\\/02\\\/03\\\/colombian-human-rights-experts-discuss-indigenous-rights\\\/#breadcrumb\",\"itemListElement\":[{\"@type\":\"ListItem\",\"position\":1,\"name\":\"Home\",\"item\":\"https:\\\/\\\/www.yorku.ca\\\/yfile\\\/\"},{\"@type\":\"ListItem\",\"position\":2,\"name\":\"Colombian human rights experts discuss indigenous rights\"}]},{\"@type\":\"WebSite\",\"@id\":\"https:\\\/\\\/www.yorku.ca\\\/yfile\\\/#website\",\"url\":\"https:\\\/\\\/www.yorku.ca\\\/yfile\\\/\",\"name\":\"YFile\",\"description\":\"\",\"potentialAction\":[{\"@type\":\"SearchAction\",\"target\":{\"@type\":\"EntryPoint\",\"urlTemplate\":\"https:\\\/\\\/www.yorku.ca\\\/yfile\\\/?s={search_term_string}\"},\"query-input\":{\"@type\":\"PropertyValueSpecification\",\"valueRequired\":true,\"valueName\":\"search_term_string\"}}],\"inLanguage\":\"en-CA\"},{\"@type\":\"Person\",\"@id\":\"https:\\\/\\\/www.yorku.ca\\\/yfile\\\/#\\\/schema\\\/person\\\/21f3dffe794363be5ece4ec7f538a0c0\",\"name\":\"phalfert\",\"image\":{\"@type\":\"ImageObject\",\"inLanguage\":\"en-CA\",\"@id\":\"https:\\\/\\\/secure.gravatar.com\\\/avatar\\\/9e3ac8a4ede7f72dd695c074c5291e11739705deae1422de177298d5aad6d559?s=96&d=mm&r=g\",\"url\":\"https:\\\/\\\/secure.gravatar.com\\\/avatar\\\/9e3ac8a4ede7f72dd695c074c5291e11739705deae1422de177298d5aad6d559?s=96&d=mm&r=g\",\"contentUrl\":\"https:\\\/\\\/secure.gravatar.com\\\/avatar\\\/9e3ac8a4ede7f72dd695c074c5291e11739705deae1422de177298d5aad6d559?s=96&d=mm&r=g\",\"caption\":\"phalfert\"},\"url\":\"https:\\\/\\\/www.yorku.ca\\\/yfile\\\/author\\\/phalfert\\\/\"}]}<\/script>\n<!-- \/ Yoast SEO plugin. -->","yoast_head_json":{"title":"Colombian human rights experts discuss indigenous rights - YFile","robots":{"index":"index","follow":"follow","max-snippet":"max-snippet:-1","max-image-preview":"max-image-preview:large","max-video-preview":"max-video-preview:-1"},"canonical":"https:\/\/www.yorku.ca\/yfile\/2014\/02\/03\/colombian-human-rights-experts-discuss-indigenous-rights\/","og_locale":"en_US","og_type":"article","og_title":"Colombian human rights experts discuss indigenous rights - YFile","og_description":"Maria Patricia Tobon Yagari, a respected indigenous lawyer, and Deputy Justice Federico Guzman Duque, who has extensive experience working to prevent the disproportionate impact of armed conflict and forced displacement on indigenous peoples in Colombia, will talk about indigenous rights in Colombia Friday at York.","og_url":"https:\/\/www.yorku.ca\/yfile\/2014\/02\/03\/colombian-human-rights-experts-discuss-indigenous-rights\/","og_site_name":"YFile","article_published_time":"2014-02-03T21:35:12+00:00","article_modified_time":"2025-04-02T13:53:57+00:00","og_image":[{"width":200,"height":128,"url":"https:\/\/www.yorku.ca\/yfile\/wp-content\/uploads\/sites\/889\/2014\/02\/CERLAC-Speakers.jpg","type":"image\/jpeg"}],"author":"phalfert","twitter_card":"summary_large_image","twitter_misc":{"Written by":"phalfert","Est. reading time":"2 minutes"},"schema":{"@context":"https:\/\/schema.org","@graph":[{"@type":"Article","@id":"https:\/\/www.yorku.ca\/yfile\/2014\/02\/03\/colombian-human-rights-experts-discuss-indigenous-rights\/#article","isPartOf":{"@id":"https:\/\/www.yorku.ca\/yfile\/2014\/02\/03\/colombian-human-rights-experts-discuss-indigenous-rights\/"},"author":{"name":"phalfert","@id":"https:\/\/www.yorku.ca\/yfile\/#\/schema\/person\/21f3dffe794363be5ece4ec7f538a0c0"},"headline":"Colombian human rights experts discuss indigenous rights","datePublished":"2014-02-03T21:35:12+00:00","dateModified":"2025-04-02T13:53:57+00:00","mainEntityOfPage":{"@id":"https:\/\/www.yorku.ca\/yfile\/2014\/02\/03\/colombian-human-rights-experts-discuss-indigenous-rights\/"},"wordCount":373,"image":{"@id":"https:\/\/www.yorku.ca\/yfile\/2014\/02\/03\/colombian-human-rights-experts-discuss-indigenous-rights\/#primaryimage"},"thumbnailUrl":"https:\/\/www.yorku.ca\/yfile\/wp-content\/uploads\/sites\/889\/2014\/02\/CERLAC-Speakers.jpg","keywords":["Osgoode"],"articleSection":["Latest News"],"inLanguage":"en-CA","copyrightYear":"2014","copyrightHolder":{"@id":"https:\/\/www.yorku.ca\/yfile\/#organization"}},{"@type":"WebPage","@id":"https:\/\/www.yorku.ca\/yfile\/2014\/02\/03\/colombian-human-rights-experts-discuss-indigenous-rights\/","url":"https:\/\/www.yorku.ca\/yfile\/2014\/02\/03\/colombian-human-rights-experts-discuss-indigenous-rights\/","name":"Colombian human rights experts discuss indigenous rights - YFile","isPartOf":{"@id":"https:\/\/www.yorku.ca\/yfile\/#website"},"primaryImageOfPage":{"@id":"https:\/\/www.yorku.ca\/yfile\/2014\/02\/03\/colombian-human-rights-experts-discuss-indigenous-rights\/#primaryimage"},"image":{"@id":"https:\/\/www.yorku.ca\/yfile\/2014\/02\/03\/colombian-human-rights-experts-discuss-indigenous-rights\/#primaryimage"},"thumbnailUrl":"https:\/\/www.yorku.ca\/yfile\/wp-content\/uploads\/sites\/889\/2014\/02\/CERLAC-Speakers.jpg","datePublished":"2014-02-03T21:35:12+00:00","dateModified":"2025-04-02T13:53:57+00:00","author":{"@id":"https:\/\/www.yorku.ca\/yfile\/#\/schema\/person\/21f3dffe794363be5ece4ec7f538a0c0"},"breadcrumb":{"@id":"https:\/\/www.yorku.ca\/yfile\/2014\/02\/03\/colombian-human-rights-experts-discuss-indigenous-rights\/#breadcrumb"},"inLanguage":"en-CA","potentialAction":[{"@type":"ReadAction","target":["https:\/\/www.yorku.ca\/yfile\/2014\/02\/03\/colombian-human-rights-experts-discuss-indigenous-rights\/"]}]},{"@type":"ImageObject","inLanguage":"en-CA","@id":"https:\/\/www.yorku.ca\/yfile\/2014\/02\/03\/colombian-human-rights-experts-discuss-indigenous-rights\/#primaryimage","url":"https:\/\/www.yorku.ca\/yfile\/wp-content\/uploads\/sites\/889\/2014\/02\/CERLAC-Speakers.jpg","contentUrl":"https:\/\/www.yorku.ca\/yfile\/wp-content\/uploads\/sites\/889\/2014\/02\/CERLAC-Speakers.jpg","width":200,"height":128,"caption":"CERLAC Speakers"},{"@type":"BreadcrumbList","@id":"https:\/\/www.yorku.ca\/yfile\/2014\/02\/03\/colombian-human-rights-experts-discuss-indigenous-rights\/#breadcrumb","itemListElement":[{"@type":"ListItem","position":1,"name":"Home","item":"https:\/\/www.yorku.ca\/yfile\/"},{"@type":"ListItem","position":2,"name":"Colombian human rights experts discuss indigenous rights"}]},{"@type":"WebSite","@id":"https:\/\/www.yorku.ca\/yfile\/#website","url":"https:\/\/www.yorku.ca\/yfile\/","name":"YFile","description":"","potentialAction":[{"@type":"SearchAction","target":{"@type":"EntryPoint","urlTemplate":"https:\/\/www.yorku.ca\/yfile\/?s={search_term_string}"},"query-input":{"@type":"PropertyValueSpecification","valueRequired":true,"valueName":"search_term_string"}}],"inLanguage":"en-CA"},{"@type":"Person","@id":"https:\/\/www.yorku.ca\/yfile\/#\/schema\/person\/21f3dffe794363be5ece4ec7f538a0c0","name":"phalfert","image":{"@type":"ImageObject","inLanguage":"en-CA","@id":"https:\/\/secure.gravatar.com\/avatar\/9e3ac8a4ede7f72dd695c074c5291e11739705deae1422de177298d5aad6d559?s=96&d=mm&r=g","url":"https:\/\/secure.gravatar.com\/avatar\/9e3ac8a4ede7f72dd695c074c5291e11739705deae1422de177298d5aad6d559?s=96&d=mm&r=g","contentUrl":"https:\/\/secure.gravatar.com\/avatar\/9e3ac8a4ede7f72dd695c074c5291e11739705deae1422de177298d5aad6d559?s=96&d=mm&r=g","caption":"phalfert"},"url":"https:\/\/www.yorku.ca\/yfile\/author\/phalfert\/"}]}},"taxonomy_info":{"category":[{"value":11,"label":"Latest News"}],"post_tag":[{"value":38,"label":"Osgoode"}],"tags-to-show":[{"value":164,"label":"Osgoode"}]},"featured_image_src_large":["https:\/\/www.yorku.ca\/yfile\/wp-content\/uploads\/sites\/889\/2014\/02\/CERLAC-Speakers.jpg",200,128,false],"author_info":{"display_name":"phalfert","author_link":"https:\/\/www.yorku.ca\/yfile\/author\/phalfert\/"},"comment_info":0,"category_info":[{"term_id":11,"name":"Latest News","slug":"latest-news","term_group":0,"term_taxonomy_id":11,"taxonomy":"category","description":"","parent":0,"count":12682,"filter":"raw","cat_ID":11,"category_count":12682,"category_description":"","cat_name":"Latest News","category_nicename":"latest-news","category_parent":0}],"tag_info":[{"term_id":38,"name":"Osgoode","slug":"osgoode","term_group":0,"term_taxonomy_id":38,"taxonomy":"post_tag","description":"","parent":0,"count":413,"filter":"raw"}],"_links":{"self":[{"href":"https:\/\/www.yorku.ca\/yfile\/wp-json\/wp\/v2\/posts\/198391","targetHints":{"allow":["GET"]}}],"collection":[{"href":"https:\/\/www.yorku.ca\/yfile\/wp-json\/wp\/v2\/posts"}],"about":[{"href":"https:\/\/www.yorku.ca\/yfile\/wp-json\/wp\/v2\/types\/post"}],"author":[{"embeddable":true,"href":"https:\/\/www.yorku.ca\/yfile\/wp-json\/wp\/v2\/users\/5"}],"replies":[{"embeddable":true,"href":"https:\/\/www.yorku.ca\/yfile\/wp-json\/wp\/v2\/comments?post=198391"}],"version-history":[{"count":1,"href":"https:\/\/www.yorku.ca\/yfile\/wp-json\/wp\/v2\/posts\/198391\/revisions"}],"predecessor-version":[{"id":361565,"href":"https:\/\/www.yorku.ca\/yfile\/wp-json\/wp\/v2\/posts\/198391\/revisions\/361565"}],"wp:featuredmedia":[{"embeddable":true,"href":"https:\/\/www.yorku.ca\/yfile\/wp-json\/wp\/v2\/media\/198402"}],"wp:attachment":[{"href":"https:\/\/www.yorku.ca\/yfile\/wp-json\/wp\/v2\/media?parent=198391"}],"wp:term":[{"taxonomy":"category","embeddable":true,"href":"https:\/\/www.yorku.ca\/yfile\/wp-json\/wp\/v2\/categories?post=198391"},{"taxonomy":"post_tag","embeddable":true,"href":"https:\/\/www.yorku.ca\/yfile\/wp-json\/wp\/v2\/tags?post=198391"},{"taxonomy":"yfileauthor","embeddable":true,"href":"https:\/\/www.yorku.ca\/yfile\/wp-json\/wp\/v2\/yfileauthor?post=198391"},{"taxonomy":"qualifier","embeddable":true,"href":"https:\/\/www.yorku.ca\/yfile\/wp-json\/wp\/v2\/qualifier?post=198391"},{"taxonomy":"yfile-author","embeddable":true,"href":"https:\/\/www.yorku.ca\/yfile\/wp-json\/wp\/v2\/yfile-author?post=198391"},{"taxonomy":"tags-to-show","embeddable":true,"href":"https:\/\/www.yorku.ca\/yfile\/wp-json\/wp\/v2\/tags-to-show?post=198391"},{"taxonomy":"workflow","embeddable":true,"href":"https:\/\/www.yorku.ca\/yfile\/wp-json\/wp\/v2\/workflow?post=198391"}],"curies":[{"name":"wp","href":"https:\/\/api.w.org\/{rel}","templated":true}]}}