{"id":213580,"date":"2015-01-27T15:59:44","date_gmt":"2015-01-27T20:59:44","guid":{"rendered":"https:\/\/yfiledev.uit.yorku.ca\/?p=213580"},"modified":"2025-04-02T10:10:55","modified_gmt":"2025-04-02T14:10:55","slug":"sustainable-energy-initiative-hosts-panel-on-inter-provincial-energy-agreements","status":"publish","type":"post","link":"https:\/\/www.yorku.ca\/yfile\/2015\/01\/27\/sustainable-energy-initiative-hosts-panel-on-inter-provincial-energy-agreements\/","title":{"rendered":"Sustainable Energy Initiative hosts panel on interprovincial energy agreements"},"content":{"rendered":"<div id=\"attachment_213734\" style=\"width: 610px\" class=\"wp-caption aligncenter\"><img loading=\"lazy\" decoding=\"async\" aria-describedby=\"caption-attachment-213734\" class=\"wp-image-213734\" src=\"https:\/\/yfile.news.yorku.ca\/files\/2015\/01\/From-left-Globe-and-Mail-environmental-and-national-affairs-columnist-Jeffrey-Simpson-Normand-Mousseau-professor-Universite-de-Montreal-and-co-president-Pierre-Olivier-Pineau-Colleen-Kaiser-and-Mark-Winfield.jpg\" alt=\"From left, Globe and Mail environmental and national affairs columnist Jeffrey Simpson; Normand Mousseau, professor, Universite de Montreal and co-president, Quebec Commission on Energy Issues; Pierre-Olivier Pineauchair in energy sector management, H\u00c9C Montr\u00e9al , Faculty of Environmental Studies PhD Candidate, Colleen Kaiser and F aculty of Environmental Studies Professor and Sustainable Energy Initiative Co-Chair, MarkWinfield\" width=\"600\" height=\"224\" \/><p id=\"caption-attachment-213734\" class=\"wp-caption-text\">From left: Globe and Mail environmental and national affairs columnist Jeffrey Simpson; Normand Mousseau, professor, Universit\u00e9 de Montr\u00e9al, and co-president, Quebec Commission on Energy Issues; Pierre-Olivier Pineau, chair in energy sector management, H\u00c9C Montreal; Faculty of Environmental Studies PhD candidate Colleen Kaiser; and Faculty of Environmental Studies Professor and Sustainable Energy Initiative Co-Chair Mark Winfield<\/p><\/div>\n<p>Canada has often been plagued by its tenuous relationship with Quebec. If, however, Canada is to engage in meaningful climate change mitigation measures, <em>la belle province <\/em>may present a unique opportunity to transition Ontario and Quebec energy consumption to more sustainable alternatives.<\/p>\n<div id=\"attachment_213735\" style=\"width: 240px\" class=\"wp-caption alignright\"><img loading=\"lazy\" decoding=\"async\" aria-describedby=\"caption-attachment-213735\" class=\"wp-image-213735\" src=\"https:\/\/yfile.news.yorku.ca\/files\/2015\/01\/Mark-Winfield-300x223.jpg\" alt=\"Mark Winfield\" width=\"230\" height=\"171\" \/><p id=\"caption-attachment-213735\" class=\"wp-caption-text\">Faculty of Environmental Studies Professor and Sustainable Energy Initiative Co-Chair Mark Winfield<\/p><\/div>\n<p>Students and faculty members from York University and abroad gathered at Osgoode Hall Law School\u2019s Professional Development Centre at Yonge-Dundas Square Jan. 9 to discuss the possibility of creating interprovincial energy agreements, particularly between Quebec and Ontario.<\/p>\n<p>The workshop was aimed at bringing a <em>Qu\u00e9becois<\/em> perspective to Ontario scholars. Normand Mousseau,\u00a0professor, Universit\u00e9 de Montr\u00e9al, and co-president, Quebec Commission on Energy Issues, and Pierre-Olivier Pineau, chair in energy sector management, H\u00c9C Montreal, were enlisted to discuss the state of Qu\u00e9bec\u2019s power consumption and needs, and to suggest contexts in which Qu\u00e9bec and Ontario mergers might find solid footing.<\/p>\n<div id=\"attachment_213737\" style=\"width: 210px\" class=\"wp-caption alignleft\"><img loading=\"lazy\" decoding=\"async\" aria-describedby=\"caption-attachment-213737\" class=\"wp-image-213737\" src=\"https:\/\/yfile.news.yorku.ca\/files\/2015\/01\/Normand-Mousseau-296x300.jpg\" alt=\"Normand Mousseau, professor, Universit\u00e9 de Montreal and co-president, Quebec Commission on Energy Issues \" width=\"200\" height=\"203\" \/><p id=\"caption-attachment-213737\" class=\"wp-caption-text\">Normand Mousseau, professor, Universit\u00e9 de Montr\u00e9al and co-president, Quebec Commission on Energy Issues<\/p><\/div>\n<p>Faculty of Environmental Studies (FES) PhD Candidate Colleen Kaiser and <em>The Globe and Mail<\/em> environmental and national affairs columnist, Jeffrey Simpson, were also invited to discuss the political and institutional backgrounds of both provinces and the feasibility of joining the two power grids. FES Professor and Sustainable Energy Initiative Co-Chair Mark Winfield presided as moderator of the dialogue.<\/p>\n<p>Kaiser opened the discussion arguing that climate change mitigation strategies must come from sub-national actors and, considering the environmental policy of the current Canadian federal administration, sub-national actors such as provinces may represent the only possible avenue to implement these strategies. Quebec is currently engaged in a \u201ccap and trade\u201d carbon economy linked to California, however, no other provinces, territories or states have signed such an agreement.<\/p>\n<div id=\"attachment_213736\" style=\"width: 210px\" class=\"wp-caption alignright\"><img loading=\"lazy\" decoding=\"async\" aria-describedby=\"caption-attachment-213736\" class=\"wp-image-213736\" src=\"https:\/\/yfile.news.yorku.ca\/files\/2015\/01\/Colleen-Kaiser-274x300.jpg\" alt=\"Colleen Kaiser\" width=\"200\" height=\"219\" \/><p id=\"caption-attachment-213736\" class=\"wp-caption-text\">Faculty of Environmental Studies PhD Candidate Colleen Kaiser<\/p><\/div>\n<p>Simpson shared insights regarding the political topography of energy markets in central and Eastern Canada. These discussions were followed by presentations from the <em>Qu\u00e9becois<\/em> panellists. Pineau presented a comparative analysis of Quebec and Ontario power consumption, arguing for the benefits of linking these two economies through the trade of Quebec energy surplus to Ontario (particularly during the summer months). Mousseau provided a synopsis of his co-authored overview of the state of Quebec energy and recommendations for its future.<\/p>\n<div id=\"attachment_213742\" style=\"width: 210px\" class=\"wp-caption alignleft\"><img loading=\"lazy\" decoding=\"async\" aria-describedby=\"caption-attachment-213742\" class=\"wp-image-213742\" src=\"https:\/\/yfile.news.yorku.ca\/files\/2015\/01\/Globe-and-Mail-environmental-and-national-affairs-columnist-Jeffrey-Simpson-300x282.jpg\" alt=\"Globe and Mail environmental and national affairs columnist Jeffrey Simpson\" width=\"200\" height=\"188\" \/><p id=\"caption-attachment-213742\" class=\"wp-caption-text\">Globe and Mail environmental and national affairs columnist Jeffrey Simpson<\/p><\/div>\n<p>Running central to all of these discussions was the role that an inter-provincial agreement between these two parties might have in helping to mitigate climate change. While initially, particularly with Kaiser\u2019s presentation, this was the explicit thrust of the discussion, panellists turned a large amount of focus to the political economy of the issue. They agreed that, if a Quebec-Ontario energy agreement was to be made, political leg-work on all levels of government would be required to promote a sustainable partnership and convince the public of the merit of such a project.<\/p>\n<div id=\"attachment_213743\" style=\"width: 210px\" class=\"wp-caption alignright\"><img loading=\"lazy\" decoding=\"async\" aria-describedby=\"caption-attachment-213743\" class=\"wp-image-213743\" src=\"https:\/\/yfile.news.yorku.ca\/files\/2015\/01\/Pierre-Olivier-Pineau-chair-in-energy-sector-management-H--C-Montreal-290x300.jpg\" alt=\"Pierre-Olivier Pineau, chair in energy sector management, H\u00c9C Montreal\" width=\"200\" height=\"207\" \/><p id=\"caption-attachment-213743\" class=\"wp-caption-text\">Pierre-Olivier Pineau, chair in energy sector management, H\u00c9C Montreal<\/p><\/div>\n<p>These discussions will continue in Montreal in April as part of the Sustainable Energy Initiative\u2019s ongoing attempt to promote progressive energy policies in a time of sustained threats to the environment.<\/p>\n<p><em>By Dylan McMahon, Faculty of Environmental Studies graduate assistant<\/em><\/p>\n","protected":false},"excerpt":{"rendered":"<p>Students and faculty members from York University and abroad gathered at Osgoode Hall Law School's Professional Development Centre at Yonge-Dundas Square recently to discuss the possibility of creating interprovincial energy agreements, particularly between Quebec and Ontario.<\/p>\n","protected":false},"author":5,"featured_media":213746,"comment_status":"closed","ping_status":"open","sticky":false,"template":"","format":"standard","meta":{"_acf_changed":false,"_kad_blocks_custom_css":"","_kad_blocks_head_custom_js":"","_kad_blocks_body_custom_js":"","_kad_blocks_footer_custom_js":"","footnotes":""},"categories":[11],"tags":[36],"yfileauthor":[],"qualifier":[],"yfile-author":[],"tags-to-show":[157],"workflow":[],"class_list":["post-213580","post","type-post","status-publish","format-standard","has-post-thumbnail","hentry","category-latest-news","tag-sustainability","tags-to-show-sustainability"],"acf":{"internal_publish_date":null,"original_image":null},"yoast_head":"<!-- This site is optimized with the Yoast SEO plugin v27.4 - https:\/\/yoast.com\/product\/yoast-seo-wordpress\/ -->\n<title>Sustainable Energy Initiative hosts panel on interprovincial energy agreements - YFile<\/title>\n<meta name=\"robots\" content=\"index, follow, max-snippet:-1, max-image-preview:large, max-video-preview:-1\" \/>\n<link rel=\"canonical\" href=\"https:\/\/www.yorku.ca\/yfile\/2015\/01\/27\/sustainable-energy-initiative-hosts-panel-on-inter-provincial-energy-agreements\/\" \/>\n<meta property=\"og:locale\" content=\"en_US\" \/>\n<meta property=\"og:type\" content=\"article\" \/>\n<meta property=\"og:title\" content=\"Sustainable Energy Initiative hosts panel on interprovincial energy agreements - YFile\" \/>\n<meta property=\"og:description\" content=\"Students and faculty members from York University and abroad gathered at Osgoode Hall Law School&#039;s Professional Development Centre at Yonge-Dundas Square recently to discuss the possibility of creating interprovincial energy agreements, particularly between Quebec and Ontario.\" \/>\n<meta property=\"og:url\" content=\"https:\/\/www.yorku.ca\/yfile\/2015\/01\/27\/sustainable-energy-initiative-hosts-panel-on-inter-provincial-energy-agreements\/\" \/>\n<meta property=\"og:site_name\" content=\"YFile\" \/>\n<meta property=\"article:published_time\" content=\"2015-01-27T20:59:44+00:00\" \/>\n<meta property=\"article:modified_time\" content=\"2025-04-02T14:10:55+00:00\" \/>\n<meta property=\"og:image\" content=\"https:\/\/www.yorku.ca\/yfile\/wp-content\/uploads\/sites\/889\/2015\/01\/SEI-Panel.jpg\" \/>\n\t<meta property=\"og:image:width\" content=\"200\" \/>\n\t<meta property=\"og:image:height\" content=\"128\" \/>\n\t<meta property=\"og:image:type\" content=\"image\/jpeg\" \/>\n<meta name=\"author\" content=\"phalfert\" \/>\n<meta name=\"twitter:card\" content=\"summary_large_image\" \/>\n<meta name=\"twitter:label1\" content=\"Written by\" \/>\n\t<meta name=\"twitter:data1\" content=\"phalfert\" \/>\n\t<meta name=\"twitter:label2\" content=\"Est. reading time\" \/>\n\t<meta name=\"twitter:data2\" content=\"3 minutes\" \/>\n<script type=\"application\/ld+json\" class=\"yoast-schema-graph\">{\"@context\":\"https:\\\/\\\/schema.org\",\"@graph\":[{\"@type\":\"Article\",\"@id\":\"https:\\\/\\\/www.yorku.ca\\\/yfile\\\/2015\\\/01\\\/27\\\/sustainable-energy-initiative-hosts-panel-on-inter-provincial-energy-agreements\\\/#article\",\"isPartOf\":{\"@id\":\"https:\\\/\\\/www.yorku.ca\\\/yfile\\\/2015\\\/01\\\/27\\\/sustainable-energy-initiative-hosts-panel-on-inter-provincial-energy-agreements\\\/\"},\"author\":{\"name\":\"phalfert\",\"@id\":\"https:\\\/\\\/www.yorku.ca\\\/yfile\\\/#\\\/schema\\\/person\\\/21f3dffe794363be5ece4ec7f538a0c0\"},\"headline\":\"Sustainable Energy Initiative hosts panel on interprovincial energy agreements\",\"datePublished\":\"2015-01-27T20:59:44+00:00\",\"dateModified\":\"2025-04-02T14:10:55+00:00\",\"mainEntityOfPage\":{\"@id\":\"https:\\\/\\\/www.yorku.ca\\\/yfile\\\/2015\\\/01\\\/27\\\/sustainable-energy-initiative-hosts-panel-on-inter-provincial-energy-agreements\\\/\"},\"wordCount\":646,\"image\":{\"@id\":\"https:\\\/\\\/www.yorku.ca\\\/yfile\\\/2015\\\/01\\\/27\\\/sustainable-energy-initiative-hosts-panel-on-inter-provincial-energy-agreements\\\/#primaryimage\"},\"thumbnailUrl\":\"https:\\\/\\\/www.yorku.ca\\\/yfile\\\/wp-content\\\/uploads\\\/sites\\\/889\\\/2015\\\/01\\\/SEI-Panel.jpg\",\"keywords\":[\"Sustainability\"],\"articleSection\":[\"Latest News\"],\"inLanguage\":\"en-CA\",\"copyrightYear\":\"2015\",\"copyrightHolder\":{\"@id\":\"https:\\\/\\\/www.yorku.ca\\\/yfile\\\/#organization\"}},{\"@type\":\"WebPage\",\"@id\":\"https:\\\/\\\/www.yorku.ca\\\/yfile\\\/2015\\\/01\\\/27\\\/sustainable-energy-initiative-hosts-panel-on-inter-provincial-energy-agreements\\\/\",\"url\":\"https:\\\/\\\/www.yorku.ca\\\/yfile\\\/2015\\\/01\\\/27\\\/sustainable-energy-initiative-hosts-panel-on-inter-provincial-energy-agreements\\\/\",\"name\":\"Sustainable Energy Initiative hosts panel on interprovincial energy agreements - YFile\",\"isPartOf\":{\"@id\":\"https:\\\/\\\/www.yorku.ca\\\/yfile\\\/#website\"},\"primaryImageOfPage\":{\"@id\":\"https:\\\/\\\/www.yorku.ca\\\/yfile\\\/2015\\\/01\\\/27\\\/sustainable-energy-initiative-hosts-panel-on-inter-provincial-energy-agreements\\\/#primaryimage\"},\"image\":{\"@id\":\"https:\\\/\\\/www.yorku.ca\\\/yfile\\\/2015\\\/01\\\/27\\\/sustainable-energy-initiative-hosts-panel-on-inter-provincial-energy-agreements\\\/#primaryimage\"},\"thumbnailUrl\":\"https:\\\/\\\/www.yorku.ca\\\/yfile\\\/wp-content\\\/uploads\\\/sites\\\/889\\\/2015\\\/01\\\/SEI-Panel.jpg\",\"datePublished\":\"2015-01-27T20:59:44+00:00\",\"dateModified\":\"2025-04-02T14:10:55+00:00\",\"author\":{\"@id\":\"https:\\\/\\\/www.yorku.ca\\\/yfile\\\/#\\\/schema\\\/person\\\/21f3dffe794363be5ece4ec7f538a0c0\"},\"breadcrumb\":{\"@id\":\"https:\\\/\\\/www.yorku.ca\\\/yfile\\\/2015\\\/01\\\/27\\\/sustainable-energy-initiative-hosts-panel-on-inter-provincial-energy-agreements\\\/#breadcrumb\"},\"inLanguage\":\"en-CA\",\"potentialAction\":[{\"@type\":\"ReadAction\",\"target\":[\"https:\\\/\\\/www.yorku.ca\\\/yfile\\\/2015\\\/01\\\/27\\\/sustainable-energy-initiative-hosts-panel-on-inter-provincial-energy-agreements\\\/\"]}]},{\"@type\":\"ImageObject\",\"inLanguage\":\"en-CA\",\"@id\":\"https:\\\/\\\/www.yorku.ca\\\/yfile\\\/2015\\\/01\\\/27\\\/sustainable-energy-initiative-hosts-panel-on-inter-provincial-energy-agreements\\\/#primaryimage\",\"url\":\"https:\\\/\\\/www.yorku.ca\\\/yfile\\\/wp-content\\\/uploads\\\/sites\\\/889\\\/2015\\\/01\\\/SEI-Panel.jpg\",\"contentUrl\":\"https:\\\/\\\/www.yorku.ca\\\/yfile\\\/wp-content\\\/uploads\\\/sites\\\/889\\\/2015\\\/01\\\/SEI-Panel.jpg\",\"width\":200,\"height\":128,\"caption\":\"SEI Panel\"},{\"@type\":\"BreadcrumbList\",\"@id\":\"https:\\\/\\\/www.yorku.ca\\\/yfile\\\/2015\\\/01\\\/27\\\/sustainable-energy-initiative-hosts-panel-on-inter-provincial-energy-agreements\\\/#breadcrumb\",\"itemListElement\":[{\"@type\":\"ListItem\",\"position\":1,\"name\":\"Home\",\"item\":\"https:\\\/\\\/www.yorku.ca\\\/yfile\\\/\"},{\"@type\":\"ListItem\",\"position\":2,\"name\":\"Sustainable Energy Initiative hosts panel on interprovincial energy agreements\"}]},{\"@type\":\"WebSite\",\"@id\":\"https:\\\/\\\/www.yorku.ca\\\/yfile\\\/#website\",\"url\":\"https:\\\/\\\/www.yorku.ca\\\/yfile\\\/\",\"name\":\"YFile\",\"description\":\"\",\"potentialAction\":[{\"@type\":\"SearchAction\",\"target\":{\"@type\":\"EntryPoint\",\"urlTemplate\":\"https:\\\/\\\/www.yorku.ca\\\/yfile\\\/?s={search_term_string}\"},\"query-input\":{\"@type\":\"PropertyValueSpecification\",\"valueRequired\":true,\"valueName\":\"search_term_string\"}}],\"inLanguage\":\"en-CA\"},{\"@type\":\"Person\",\"@id\":\"https:\\\/\\\/www.yorku.ca\\\/yfile\\\/#\\\/schema\\\/person\\\/21f3dffe794363be5ece4ec7f538a0c0\",\"name\":\"phalfert\",\"image\":{\"@type\":\"ImageObject\",\"inLanguage\":\"en-CA\",\"@id\":\"https:\\\/\\\/secure.gravatar.com\\\/avatar\\\/9e3ac8a4ede7f72dd695c074c5291e11739705deae1422de177298d5aad6d559?s=96&d=mm&r=g\",\"url\":\"https:\\\/\\\/secure.gravatar.com\\\/avatar\\\/9e3ac8a4ede7f72dd695c074c5291e11739705deae1422de177298d5aad6d559?s=96&d=mm&r=g\",\"contentUrl\":\"https:\\\/\\\/secure.gravatar.com\\\/avatar\\\/9e3ac8a4ede7f72dd695c074c5291e11739705deae1422de177298d5aad6d559?s=96&d=mm&r=g\",\"caption\":\"phalfert\"},\"url\":\"https:\\\/\\\/www.yorku.ca\\\/yfile\\\/author\\\/phalfert\\\/\"}]}<\/script>\n<!-- \/ Yoast SEO plugin. -->","yoast_head_json":{"title":"Sustainable Energy Initiative hosts panel on interprovincial energy agreements - YFile","robots":{"index":"index","follow":"follow","max-snippet":"max-snippet:-1","max-image-preview":"max-image-preview:large","max-video-preview":"max-video-preview:-1"},"canonical":"https:\/\/www.yorku.ca\/yfile\/2015\/01\/27\/sustainable-energy-initiative-hosts-panel-on-inter-provincial-energy-agreements\/","og_locale":"en_US","og_type":"article","og_title":"Sustainable Energy Initiative hosts panel on interprovincial energy agreements - YFile","og_description":"Students and faculty members from York University and abroad gathered at Osgoode Hall Law School's Professional Development Centre at Yonge-Dundas Square recently to discuss the possibility of creating interprovincial energy agreements, particularly between Quebec and Ontario.","og_url":"https:\/\/www.yorku.ca\/yfile\/2015\/01\/27\/sustainable-energy-initiative-hosts-panel-on-inter-provincial-energy-agreements\/","og_site_name":"YFile","article_published_time":"2015-01-27T20:59:44+00:00","article_modified_time":"2025-04-02T14:10:55+00:00","og_image":[{"width":200,"height":128,"url":"https:\/\/www.yorku.ca\/yfile\/wp-content\/uploads\/sites\/889\/2015\/01\/SEI-Panel.jpg","type":"image\/jpeg"}],"author":"phalfert","twitter_card":"summary_large_image","twitter_misc":{"Written by":"phalfert","Est. reading time":"3 minutes"},"schema":{"@context":"https:\/\/schema.org","@graph":[{"@type":"Article","@id":"https:\/\/www.yorku.ca\/yfile\/2015\/01\/27\/sustainable-energy-initiative-hosts-panel-on-inter-provincial-energy-agreements\/#article","isPartOf":{"@id":"https:\/\/www.yorku.ca\/yfile\/2015\/01\/27\/sustainable-energy-initiative-hosts-panel-on-inter-provincial-energy-agreements\/"},"author":{"name":"phalfert","@id":"https:\/\/www.yorku.ca\/yfile\/#\/schema\/person\/21f3dffe794363be5ece4ec7f538a0c0"},"headline":"Sustainable Energy Initiative hosts panel on interprovincial energy agreements","datePublished":"2015-01-27T20:59:44+00:00","dateModified":"2025-04-02T14:10:55+00:00","mainEntityOfPage":{"@id":"https:\/\/www.yorku.ca\/yfile\/2015\/01\/27\/sustainable-energy-initiative-hosts-panel-on-inter-provincial-energy-agreements\/"},"wordCount":646,"image":{"@id":"https:\/\/www.yorku.ca\/yfile\/2015\/01\/27\/sustainable-energy-initiative-hosts-panel-on-inter-provincial-energy-agreements\/#primaryimage"},"thumbnailUrl":"https:\/\/www.yorku.ca\/yfile\/wp-content\/uploads\/sites\/889\/2015\/01\/SEI-Panel.jpg","keywords":["Sustainability"],"articleSection":["Latest News"],"inLanguage":"en-CA","copyrightYear":"2015","copyrightHolder":{"@id":"https:\/\/www.yorku.ca\/yfile\/#organization"}},{"@type":"WebPage","@id":"https:\/\/www.yorku.ca\/yfile\/2015\/01\/27\/sustainable-energy-initiative-hosts-panel-on-inter-provincial-energy-agreements\/","url":"https:\/\/www.yorku.ca\/yfile\/2015\/01\/27\/sustainable-energy-initiative-hosts-panel-on-inter-provincial-energy-agreements\/","name":"Sustainable Energy Initiative hosts panel on interprovincial energy agreements - YFile","isPartOf":{"@id":"https:\/\/www.yorku.ca\/yfile\/#website"},"primaryImageOfPage":{"@id":"https:\/\/www.yorku.ca\/yfile\/2015\/01\/27\/sustainable-energy-initiative-hosts-panel-on-inter-provincial-energy-agreements\/#primaryimage"},"image":{"@id":"https:\/\/www.yorku.ca\/yfile\/2015\/01\/27\/sustainable-energy-initiative-hosts-panel-on-inter-provincial-energy-agreements\/#primaryimage"},"thumbnailUrl":"https:\/\/www.yorku.ca\/yfile\/wp-content\/uploads\/sites\/889\/2015\/01\/SEI-Panel.jpg","datePublished":"2015-01-27T20:59:44+00:00","dateModified":"2025-04-02T14:10:55+00:00","author":{"@id":"https:\/\/www.yorku.ca\/yfile\/#\/schema\/person\/21f3dffe794363be5ece4ec7f538a0c0"},"breadcrumb":{"@id":"https:\/\/www.yorku.ca\/yfile\/2015\/01\/27\/sustainable-energy-initiative-hosts-panel-on-inter-provincial-energy-agreements\/#breadcrumb"},"inLanguage":"en-CA","potentialAction":[{"@type":"ReadAction","target":["https:\/\/www.yorku.ca\/yfile\/2015\/01\/27\/sustainable-energy-initiative-hosts-panel-on-inter-provincial-energy-agreements\/"]}]},{"@type":"ImageObject","inLanguage":"en-CA","@id":"https:\/\/www.yorku.ca\/yfile\/2015\/01\/27\/sustainable-energy-initiative-hosts-panel-on-inter-provincial-energy-agreements\/#primaryimage","url":"https:\/\/www.yorku.ca\/yfile\/wp-content\/uploads\/sites\/889\/2015\/01\/SEI-Panel.jpg","contentUrl":"https:\/\/www.yorku.ca\/yfile\/wp-content\/uploads\/sites\/889\/2015\/01\/SEI-Panel.jpg","width":200,"height":128,"caption":"SEI Panel"},{"@type":"BreadcrumbList","@id":"https:\/\/www.yorku.ca\/yfile\/2015\/01\/27\/sustainable-energy-initiative-hosts-panel-on-inter-provincial-energy-agreements\/#breadcrumb","itemListElement":[{"@type":"ListItem","position":1,"name":"Home","item":"https:\/\/www.yorku.ca\/yfile\/"},{"@type":"ListItem","position":2,"name":"Sustainable Energy Initiative hosts panel on interprovincial energy agreements"}]},{"@type":"WebSite","@id":"https:\/\/www.yorku.ca\/yfile\/#website","url":"https:\/\/www.yorku.ca\/yfile\/","name":"YFile","description":"","potentialAction":[{"@type":"SearchAction","target":{"@type":"EntryPoint","urlTemplate":"https:\/\/www.yorku.ca\/yfile\/?s={search_term_string}"},"query-input":{"@type":"PropertyValueSpecification","valueRequired":true,"valueName":"search_term_string"}}],"inLanguage":"en-CA"},{"@type":"Person","@id":"https:\/\/www.yorku.ca\/yfile\/#\/schema\/person\/21f3dffe794363be5ece4ec7f538a0c0","name":"phalfert","image":{"@type":"ImageObject","inLanguage":"en-CA","@id":"https:\/\/secure.gravatar.com\/avatar\/9e3ac8a4ede7f72dd695c074c5291e11739705deae1422de177298d5aad6d559?s=96&d=mm&r=g","url":"https:\/\/secure.gravatar.com\/avatar\/9e3ac8a4ede7f72dd695c074c5291e11739705deae1422de177298d5aad6d559?s=96&d=mm&r=g","contentUrl":"https:\/\/secure.gravatar.com\/avatar\/9e3ac8a4ede7f72dd695c074c5291e11739705deae1422de177298d5aad6d559?s=96&d=mm&r=g","caption":"phalfert"},"url":"https:\/\/www.yorku.ca\/yfile\/author\/phalfert\/"}]}},"taxonomy_info":{"category":[{"value":11,"label":"Latest News"}],"post_tag":[{"value":36,"label":"Sustainability"}],"tags-to-show":[{"value":157,"label":"Sustainability"}]},"featured_image_src_large":["https:\/\/www.yorku.ca\/yfile\/wp-content\/uploads\/sites\/889\/2015\/01\/SEI-Panel.jpg",200,128,false],"author_info":{"display_name":"phalfert","author_link":"https:\/\/www.yorku.ca\/yfile\/author\/phalfert\/"},"comment_info":0,"category_info":[{"term_id":11,"name":"Latest News","slug":"latest-news","term_group":0,"term_taxonomy_id":11,"taxonomy":"category","description":"","parent":0,"count":12682,"filter":"raw","cat_ID":11,"category_count":12682,"category_description":"","cat_name":"Latest News","category_nicename":"latest-news","category_parent":0}],"tag_info":[{"term_id":36,"name":"Sustainability","slug":"sustainability","term_group":0,"term_taxonomy_id":36,"taxonomy":"post_tag","description":"","parent":0,"count":461,"filter":"raw"}],"_links":{"self":[{"href":"https:\/\/www.yorku.ca\/yfile\/wp-json\/wp\/v2\/posts\/213580","targetHints":{"allow":["GET"]}}],"collection":[{"href":"https:\/\/www.yorku.ca\/yfile\/wp-json\/wp\/v2\/posts"}],"about":[{"href":"https:\/\/www.yorku.ca\/yfile\/wp-json\/wp\/v2\/types\/post"}],"author":[{"embeddable":true,"href":"https:\/\/www.yorku.ca\/yfile\/wp-json\/wp\/v2\/users\/5"}],"replies":[{"embeddable":true,"href":"https:\/\/www.yorku.ca\/yfile\/wp-json\/wp\/v2\/comments?post=213580"}],"version-history":[{"count":1,"href":"https:\/\/www.yorku.ca\/yfile\/wp-json\/wp\/v2\/posts\/213580\/revisions"}],"predecessor-version":[{"id":362196,"href":"https:\/\/www.yorku.ca\/yfile\/wp-json\/wp\/v2\/posts\/213580\/revisions\/362196"}],"wp:featuredmedia":[{"embeddable":true,"href":"https:\/\/www.yorku.ca\/yfile\/wp-json\/wp\/v2\/media\/213746"}],"wp:attachment":[{"href":"https:\/\/www.yorku.ca\/yfile\/wp-json\/wp\/v2\/media?parent=213580"}],"wp:term":[{"taxonomy":"category","embeddable":true,"href":"https:\/\/www.yorku.ca\/yfile\/wp-json\/wp\/v2\/categories?post=213580"},{"taxonomy":"post_tag","embeddable":true,"href":"https:\/\/www.yorku.ca\/yfile\/wp-json\/wp\/v2\/tags?post=213580"},{"taxonomy":"yfileauthor","embeddable":true,"href":"https:\/\/www.yorku.ca\/yfile\/wp-json\/wp\/v2\/yfileauthor?post=213580"},{"taxonomy":"qualifier","embeddable":true,"href":"https:\/\/www.yorku.ca\/yfile\/wp-json\/wp\/v2\/qualifier?post=213580"},{"taxonomy":"yfile-author","embeddable":true,"href":"https:\/\/www.yorku.ca\/yfile\/wp-json\/wp\/v2\/yfile-author?post=213580"},{"taxonomy":"tags-to-show","embeddable":true,"href":"https:\/\/www.yorku.ca\/yfile\/wp-json\/wp\/v2\/tags-to-show?post=213580"},{"taxonomy":"workflow","embeddable":true,"href":"https:\/\/www.yorku.ca\/yfile\/wp-json\/wp\/v2\/workflow?post=213580"}],"curies":[{"name":"wp","href":"https:\/\/api.w.org\/{rel}","templated":true}]}}