{"id":247800,"date":"2017-11-07T19:12:02","date_gmt":"2017-11-08T00:12:02","guid":{"rendered":"https:\/\/yfiledev.uit.yorku.ca\/?p=247800"},"modified":"2025-04-03T13:35:15","modified_gmt":"2025-04-03T17:35:15","slug":"new-exhibit-at-scott-library-explores-portuguese-culture","status":"publish","type":"post","link":"https:\/\/www.yorku.ca\/yfile\/2017\/11\/07\/new-exhibit-at-scott-library-explores-portuguese-culture\/","title":{"rendered":"New exhibit at Scott Library explores Portuguese culture"},"content":{"rendered":"<p>A new exhibit running Nov. 6 to Dec. 6 will feature the work of Fernando Pessoa (1888-1935), a multifaceted poet and thinker from Portugal.<\/p>\n<p><img loading=\"lazy\" decoding=\"async\" class=\" wp-image-247809 alignright\" src=\"https:\/\/yfile.news.yorku.ca\/files\/2017\/11\/Pessoa4-1-745x1024.jpg\" alt=\"\" width=\"335\" height=\"460\" srcset=\"https:\/\/www.yorku.ca\/yfile\/wp-content\/uploads\/sites\/889\/2017\/11\/Pessoa4-1-745x1024.jpg 745w, https:\/\/www.yorku.ca\/yfile\/wp-content\/uploads\/sites\/889\/2017\/11\/Pessoa4-1-291x400.jpg 291w, https:\/\/www.yorku.ca\/yfile\/wp-content\/uploads\/sites\/889\/2017\/11\/Pessoa4-1-1117x1536.jpg 1117w, https:\/\/www.yorku.ca\/yfile\/wp-content\/uploads\/sites\/889\/2017\/11\/Pessoa4-1-1489x2048.jpg 1489w, https:\/\/www.yorku.ca\/yfile\/wp-content\/uploads\/sites\/889\/2017\/11\/Pessoa4-1-scaled.jpg 1861w\" sizes=\"auto, (max-width: 335px) 100vw, 335px\" \/>\"Pessoa Unveiled\/Pessoa Desdobrado\/Pessoa D\u00e9pli\u00e9e\" runs at the Scott Library, Art Walk, second floor leading to the Collaboratory. It was curated by Ib\u00e9rina Raquel Vilhena.<\/p>\n<p>This exhibition is a joint initiative between the Portuguese &amp; Luso-Brazilian Studies program, York University\u2019s Scott Library, the Walnut Contemporary Gallery and Cam\u00f5es \u2013 Instituto da Coopera\u00e7\u00e3o e da L\u00edngua, I. P., through the Coordination of Portuguese Language Teaching in Canada.<\/p>\n<p>The author of a vast body of work, Pessoa and his multiple heteronyms continue to captivate readers and critics worldwide. Pessoa\u2019s influence in Portuguese culture is widespread and diverse. This exhibition features Pessoa as leitmotif and inspiration in the art scene, namely in the works of several Portuguese illustrators.<\/p>\n<p>For more information on the exhibit, contact <a href=\"raquel@walnutcontemporary.com\" target=\"_blank\" rel=\"noopener\">Ib\u00e9rina Raquel Vilhena<\/a>, director and curator of Walnut Contemporary Gallery.<\/p>\n<p>Visit the <a href=\"http:\/\/portuguese.dlll.laps.yorku.ca\/\" target=\"_blank\" rel=\"noopener\">Portuguese &amp; Luso-Brazilian Studies<\/a> website for more information on the program at York U.<\/p>\n<p>Students who visit the exhibit have a chance to win a $100 YU Card by entering <a href=\"http:\/\/portuguese.dlll.laps.yorku.ca\/students\/pessoa-unveiled\/\" target=\"_blank\" rel=\"noopener\">this contest<\/a>.<\/p>\n","protected":false},"excerpt":{"rendered":"<p>A new exhibit running Nov. 6 to Dec. 6 will feature the work of Fernando Pessoa (1888-1935), a multifaceted poet and thinker from Portugal.<\/p>\n","protected":false},"author":5,"featured_media":247807,"comment_status":"closed","ping_status":"open","sticky":false,"template":"","format":"standard","meta":{"_acf_changed":false,"_kad_blocks_custom_css":"","_kad_blocks_head_custom_js":"","_kad_blocks_body_custom_js":"","_kad_blocks_footer_custom_js":"","footnotes":""},"categories":[11],"tags":[],"yfileauthor":[204],"qualifier":[],"yfile-author":[],"tags-to-show":[146],"workflow":[],"class_list":["post-247800","post","type-post","status-publish","format-standard","has-post-thumbnail","hentry","category-latest-news","yfileauthor-yfilestaff","tags-to-show-students"],"acf":{"internal_publish_date":null,"original_image":null},"yoast_head":"<!-- This site is optimized with the Yoast SEO plugin v27.4 - https:\/\/yoast.com\/product\/yoast-seo-wordpress\/ -->\n<title>New exhibit at Scott Library explores Portuguese culture - YFile<\/title>\n<meta name=\"robots\" content=\"index, follow, max-snippet:-1, max-image-preview:large, max-video-preview:-1\" \/>\n<link rel=\"canonical\" href=\"https:\/\/www.yorku.ca\/yfile\/2017\/11\/07\/new-exhibit-at-scott-library-explores-portuguese-culture\/\" \/>\n<meta property=\"og:locale\" content=\"en_US\" \/>\n<meta property=\"og:type\" content=\"article\" \/>\n<meta property=\"og:title\" content=\"New exhibit at Scott Library explores Portuguese culture - YFile\" \/>\n<meta property=\"og:description\" content=\"A new exhibit running Nov. 6 to Dec. 6 will feature the work of Fernando Pessoa (1888-1935), a multifaceted poet and thinker from Portugal.\" \/>\n<meta property=\"og:url\" content=\"https:\/\/www.yorku.ca\/yfile\/2017\/11\/07\/new-exhibit-at-scott-library-explores-portuguese-culture\/\" \/>\n<meta property=\"og:site_name\" content=\"YFile\" \/>\n<meta property=\"article:published_time\" content=\"2017-11-08T00:12:02+00:00\" \/>\n<meta property=\"article:modified_time\" content=\"2025-04-03T17:35:15+00:00\" \/>\n<meta property=\"og:image\" content=\"https:\/\/www.yorku.ca\/yfile\/wp-content\/uploads\/sites\/889\/2017\/11\/Pessoa4FEATURED.jpg\" \/>\n\t<meta property=\"og:image:width\" content=\"420\" \/>\n\t<meta property=\"og:image:height\" content=\"140\" \/>\n\t<meta property=\"og:image:type\" content=\"image\/jpeg\" \/>\n<meta name=\"author\" content=\"phalfert\" \/>\n<meta name=\"twitter:card\" content=\"summary_large_image\" \/>\n<meta name=\"twitter:label1\" content=\"Written by\" \/>\n\t<meta name=\"twitter:data1\" content=\"phalfert\" \/>\n\t<meta name=\"twitter:label2\" content=\"Est. reading time\" \/>\n\t<meta name=\"twitter:data2\" content=\"1 minute\" \/>\n<script type=\"application\/ld+json\" class=\"yoast-schema-graph\">{\"@context\":\"https:\\\/\\\/schema.org\",\"@graph\":[{\"@type\":\"Article\",\"@id\":\"https:\\\/\\\/www.yorku.ca\\\/yfile\\\/2017\\\/11\\\/07\\\/new-exhibit-at-scott-library-explores-portuguese-culture\\\/#article\",\"isPartOf\":{\"@id\":\"https:\\\/\\\/www.yorku.ca\\\/yfile\\\/2017\\\/11\\\/07\\\/new-exhibit-at-scott-library-explores-portuguese-culture\\\/\"},\"author\":{\"name\":\"phalfert\",\"@id\":\"https:\\\/\\\/www.yorku.ca\\\/yfile\\\/#\\\/schema\\\/person\\\/21f3dffe794363be5ece4ec7f538a0c0\"},\"headline\":\"New exhibit at Scott Library explores Portuguese culture\",\"datePublished\":\"2017-11-08T00:12:02+00:00\",\"dateModified\":\"2025-04-03T17:35:15+00:00\",\"mainEntityOfPage\":{\"@id\":\"https:\\\/\\\/www.yorku.ca\\\/yfile\\\/2017\\\/11\\\/07\\\/new-exhibit-at-scott-library-explores-portuguese-culture\\\/\"},\"wordCount\":204,\"image\":{\"@id\":\"https:\\\/\\\/www.yorku.ca\\\/yfile\\\/2017\\\/11\\\/07\\\/new-exhibit-at-scott-library-explores-portuguese-culture\\\/#primaryimage\"},\"thumbnailUrl\":\"https:\\\/\\\/www.yorku.ca\\\/yfile\\\/wp-content\\\/uploads\\\/sites\\\/889\\\/2017\\\/11\\\/Pessoa4FEATURED.jpg\",\"articleSection\":[\"Latest News\"],\"inLanguage\":\"en-CA\",\"copyrightYear\":\"2017\",\"copyrightHolder\":{\"@id\":\"https:\\\/\\\/www.yorku.ca\\\/yfile\\\/#organization\"}},{\"@type\":\"WebPage\",\"@id\":\"https:\\\/\\\/www.yorku.ca\\\/yfile\\\/2017\\\/11\\\/07\\\/new-exhibit-at-scott-library-explores-portuguese-culture\\\/\",\"url\":\"https:\\\/\\\/www.yorku.ca\\\/yfile\\\/2017\\\/11\\\/07\\\/new-exhibit-at-scott-library-explores-portuguese-culture\\\/\",\"name\":\"New exhibit at Scott Library explores Portuguese culture - YFile\",\"isPartOf\":{\"@id\":\"https:\\\/\\\/www.yorku.ca\\\/yfile\\\/#website\"},\"primaryImageOfPage\":{\"@id\":\"https:\\\/\\\/www.yorku.ca\\\/yfile\\\/2017\\\/11\\\/07\\\/new-exhibit-at-scott-library-explores-portuguese-culture\\\/#primaryimage\"},\"image\":{\"@id\":\"https:\\\/\\\/www.yorku.ca\\\/yfile\\\/2017\\\/11\\\/07\\\/new-exhibit-at-scott-library-explores-portuguese-culture\\\/#primaryimage\"},\"thumbnailUrl\":\"https:\\\/\\\/www.yorku.ca\\\/yfile\\\/wp-content\\\/uploads\\\/sites\\\/889\\\/2017\\\/11\\\/Pessoa4FEATURED.jpg\",\"datePublished\":\"2017-11-08T00:12:02+00:00\",\"dateModified\":\"2025-04-03T17:35:15+00:00\",\"author\":{\"@id\":\"https:\\\/\\\/www.yorku.ca\\\/yfile\\\/#\\\/schema\\\/person\\\/21f3dffe794363be5ece4ec7f538a0c0\"},\"breadcrumb\":{\"@id\":\"https:\\\/\\\/www.yorku.ca\\\/yfile\\\/2017\\\/11\\\/07\\\/new-exhibit-at-scott-library-explores-portuguese-culture\\\/#breadcrumb\"},\"inLanguage\":\"en-CA\",\"potentialAction\":[{\"@type\":\"ReadAction\",\"target\":[\"https:\\\/\\\/www.yorku.ca\\\/yfile\\\/2017\\\/11\\\/07\\\/new-exhibit-at-scott-library-explores-portuguese-culture\\\/\"]}]},{\"@type\":\"ImageObject\",\"inLanguage\":\"en-CA\",\"@id\":\"https:\\\/\\\/www.yorku.ca\\\/yfile\\\/2017\\\/11\\\/07\\\/new-exhibit-at-scott-library-explores-portuguese-culture\\\/#primaryimage\",\"url\":\"https:\\\/\\\/www.yorku.ca\\\/yfile\\\/wp-content\\\/uploads\\\/sites\\\/889\\\/2017\\\/11\\\/Pessoa4FEATURED.jpg\",\"contentUrl\":\"https:\\\/\\\/www.yorku.ca\\\/yfile\\\/wp-content\\\/uploads\\\/sites\\\/889\\\/2017\\\/11\\\/Pessoa4FEATURED.jpg\",\"width\":420,\"height\":140},{\"@type\":\"BreadcrumbList\",\"@id\":\"https:\\\/\\\/www.yorku.ca\\\/yfile\\\/2017\\\/11\\\/07\\\/new-exhibit-at-scott-library-explores-portuguese-culture\\\/#breadcrumb\",\"itemListElement\":[{\"@type\":\"ListItem\",\"position\":1,\"name\":\"Home\",\"item\":\"https:\\\/\\\/www.yorku.ca\\\/yfile\\\/\"},{\"@type\":\"ListItem\",\"position\":2,\"name\":\"New exhibit at Scott Library explores Portuguese culture\"}]},{\"@type\":\"WebSite\",\"@id\":\"https:\\\/\\\/www.yorku.ca\\\/yfile\\\/#website\",\"url\":\"https:\\\/\\\/www.yorku.ca\\\/yfile\\\/\",\"name\":\"YFile\",\"description\":\"\",\"potentialAction\":[{\"@type\":\"SearchAction\",\"target\":{\"@type\":\"EntryPoint\",\"urlTemplate\":\"https:\\\/\\\/www.yorku.ca\\\/yfile\\\/?s={search_term_string}\"},\"query-input\":{\"@type\":\"PropertyValueSpecification\",\"valueRequired\":true,\"valueName\":\"search_term_string\"}}],\"inLanguage\":\"en-CA\"},{\"@type\":\"Person\",\"@id\":\"https:\\\/\\\/www.yorku.ca\\\/yfile\\\/#\\\/schema\\\/person\\\/21f3dffe794363be5ece4ec7f538a0c0\",\"name\":\"phalfert\",\"image\":{\"@type\":\"ImageObject\",\"inLanguage\":\"en-CA\",\"@id\":\"https:\\\/\\\/secure.gravatar.com\\\/avatar\\\/9e3ac8a4ede7f72dd695c074c5291e11739705deae1422de177298d5aad6d559?s=96&d=mm&r=g\",\"url\":\"https:\\\/\\\/secure.gravatar.com\\\/avatar\\\/9e3ac8a4ede7f72dd695c074c5291e11739705deae1422de177298d5aad6d559?s=96&d=mm&r=g\",\"contentUrl\":\"https:\\\/\\\/secure.gravatar.com\\\/avatar\\\/9e3ac8a4ede7f72dd695c074c5291e11739705deae1422de177298d5aad6d559?s=96&d=mm&r=g\",\"caption\":\"phalfert\"},\"url\":\"https:\\\/\\\/www.yorku.ca\\\/yfile\\\/author\\\/phalfert\\\/\"}]}<\/script>\n<!-- \/ Yoast SEO plugin. -->","yoast_head_json":{"title":"New exhibit at Scott Library explores Portuguese culture - YFile","robots":{"index":"index","follow":"follow","max-snippet":"max-snippet:-1","max-image-preview":"max-image-preview:large","max-video-preview":"max-video-preview:-1"},"canonical":"https:\/\/www.yorku.ca\/yfile\/2017\/11\/07\/new-exhibit-at-scott-library-explores-portuguese-culture\/","og_locale":"en_US","og_type":"article","og_title":"New exhibit at Scott Library explores Portuguese culture - YFile","og_description":"A new exhibit running Nov. 6 to Dec. 6 will feature the work of Fernando Pessoa (1888-1935), a multifaceted poet and thinker from Portugal.","og_url":"https:\/\/www.yorku.ca\/yfile\/2017\/11\/07\/new-exhibit-at-scott-library-explores-portuguese-culture\/","og_site_name":"YFile","article_published_time":"2017-11-08T00:12:02+00:00","article_modified_time":"2025-04-03T17:35:15+00:00","og_image":[{"width":420,"height":140,"url":"https:\/\/www.yorku.ca\/yfile\/wp-content\/uploads\/sites\/889\/2017\/11\/Pessoa4FEATURED.jpg","type":"image\/jpeg"}],"author":"phalfert","twitter_card":"summary_large_image","twitter_misc":{"Written by":"phalfert","Est. reading time":"1 minute"},"schema":{"@context":"https:\/\/schema.org","@graph":[{"@type":"Article","@id":"https:\/\/www.yorku.ca\/yfile\/2017\/11\/07\/new-exhibit-at-scott-library-explores-portuguese-culture\/#article","isPartOf":{"@id":"https:\/\/www.yorku.ca\/yfile\/2017\/11\/07\/new-exhibit-at-scott-library-explores-portuguese-culture\/"},"author":{"name":"phalfert","@id":"https:\/\/www.yorku.ca\/yfile\/#\/schema\/person\/21f3dffe794363be5ece4ec7f538a0c0"},"headline":"New exhibit at Scott Library explores Portuguese culture","datePublished":"2017-11-08T00:12:02+00:00","dateModified":"2025-04-03T17:35:15+00:00","mainEntityOfPage":{"@id":"https:\/\/www.yorku.ca\/yfile\/2017\/11\/07\/new-exhibit-at-scott-library-explores-portuguese-culture\/"},"wordCount":204,"image":{"@id":"https:\/\/www.yorku.ca\/yfile\/2017\/11\/07\/new-exhibit-at-scott-library-explores-portuguese-culture\/#primaryimage"},"thumbnailUrl":"https:\/\/www.yorku.ca\/yfile\/wp-content\/uploads\/sites\/889\/2017\/11\/Pessoa4FEATURED.jpg","articleSection":["Latest News"],"inLanguage":"en-CA","copyrightYear":"2017","copyrightHolder":{"@id":"https:\/\/www.yorku.ca\/yfile\/#organization"}},{"@type":"WebPage","@id":"https:\/\/www.yorku.ca\/yfile\/2017\/11\/07\/new-exhibit-at-scott-library-explores-portuguese-culture\/","url":"https:\/\/www.yorku.ca\/yfile\/2017\/11\/07\/new-exhibit-at-scott-library-explores-portuguese-culture\/","name":"New exhibit at Scott Library explores Portuguese culture - YFile","isPartOf":{"@id":"https:\/\/www.yorku.ca\/yfile\/#website"},"primaryImageOfPage":{"@id":"https:\/\/www.yorku.ca\/yfile\/2017\/11\/07\/new-exhibit-at-scott-library-explores-portuguese-culture\/#primaryimage"},"image":{"@id":"https:\/\/www.yorku.ca\/yfile\/2017\/11\/07\/new-exhibit-at-scott-library-explores-portuguese-culture\/#primaryimage"},"thumbnailUrl":"https:\/\/www.yorku.ca\/yfile\/wp-content\/uploads\/sites\/889\/2017\/11\/Pessoa4FEATURED.jpg","datePublished":"2017-11-08T00:12:02+00:00","dateModified":"2025-04-03T17:35:15+00:00","author":{"@id":"https:\/\/www.yorku.ca\/yfile\/#\/schema\/person\/21f3dffe794363be5ece4ec7f538a0c0"},"breadcrumb":{"@id":"https:\/\/www.yorku.ca\/yfile\/2017\/11\/07\/new-exhibit-at-scott-library-explores-portuguese-culture\/#breadcrumb"},"inLanguage":"en-CA","potentialAction":[{"@type":"ReadAction","target":["https:\/\/www.yorku.ca\/yfile\/2017\/11\/07\/new-exhibit-at-scott-library-explores-portuguese-culture\/"]}]},{"@type":"ImageObject","inLanguage":"en-CA","@id":"https:\/\/www.yorku.ca\/yfile\/2017\/11\/07\/new-exhibit-at-scott-library-explores-portuguese-culture\/#primaryimage","url":"https:\/\/www.yorku.ca\/yfile\/wp-content\/uploads\/sites\/889\/2017\/11\/Pessoa4FEATURED.jpg","contentUrl":"https:\/\/www.yorku.ca\/yfile\/wp-content\/uploads\/sites\/889\/2017\/11\/Pessoa4FEATURED.jpg","width":420,"height":140},{"@type":"BreadcrumbList","@id":"https:\/\/www.yorku.ca\/yfile\/2017\/11\/07\/new-exhibit-at-scott-library-explores-portuguese-culture\/#breadcrumb","itemListElement":[{"@type":"ListItem","position":1,"name":"Home","item":"https:\/\/www.yorku.ca\/yfile\/"},{"@type":"ListItem","position":2,"name":"New exhibit at Scott Library explores Portuguese culture"}]},{"@type":"WebSite","@id":"https:\/\/www.yorku.ca\/yfile\/#website","url":"https:\/\/www.yorku.ca\/yfile\/","name":"YFile","description":"","potentialAction":[{"@type":"SearchAction","target":{"@type":"EntryPoint","urlTemplate":"https:\/\/www.yorku.ca\/yfile\/?s={search_term_string}"},"query-input":{"@type":"PropertyValueSpecification","valueRequired":true,"valueName":"search_term_string"}}],"inLanguage":"en-CA"},{"@type":"Person","@id":"https:\/\/www.yorku.ca\/yfile\/#\/schema\/person\/21f3dffe794363be5ece4ec7f538a0c0","name":"phalfert","image":{"@type":"ImageObject","inLanguage":"en-CA","@id":"https:\/\/secure.gravatar.com\/avatar\/9e3ac8a4ede7f72dd695c074c5291e11739705deae1422de177298d5aad6d559?s=96&d=mm&r=g","url":"https:\/\/secure.gravatar.com\/avatar\/9e3ac8a4ede7f72dd695c074c5291e11739705deae1422de177298d5aad6d559?s=96&d=mm&r=g","contentUrl":"https:\/\/secure.gravatar.com\/avatar\/9e3ac8a4ede7f72dd695c074c5291e11739705deae1422de177298d5aad6d559?s=96&d=mm&r=g","caption":"phalfert"},"url":"https:\/\/www.yorku.ca\/yfile\/author\/phalfert\/"}]}},"taxonomy_info":{"category":[{"value":11,"label":"Latest News"}],"yfileauthor":[{"value":204,"label":"YFile Staff"}],"tags-to-show":[{"value":146,"label":"Students"}]},"featured_image_src_large":["https:\/\/www.yorku.ca\/yfile\/wp-content\/uploads\/sites\/889\/2017\/11\/Pessoa4FEATURED.jpg",420,140,false],"author_info":{"display_name":"phalfert","author_link":"https:\/\/www.yorku.ca\/yfile\/author\/phalfert\/"},"comment_info":0,"category_info":[{"term_id":11,"name":"Latest News","slug":"latest-news","term_group":0,"term_taxonomy_id":11,"taxonomy":"category","description":"","parent":0,"count":12680,"filter":"raw","cat_ID":11,"category_count":12680,"category_description":"","cat_name":"Latest News","category_nicename":"latest-news","category_parent":0}],"tag_info":false,"_links":{"self":[{"href":"https:\/\/www.yorku.ca\/yfile\/wp-json\/wp\/v2\/posts\/247800","targetHints":{"allow":["GET"]}}],"collection":[{"href":"https:\/\/www.yorku.ca\/yfile\/wp-json\/wp\/v2\/posts"}],"about":[{"href":"https:\/\/www.yorku.ca\/yfile\/wp-json\/wp\/v2\/types\/post"}],"author":[{"embeddable":true,"href":"https:\/\/www.yorku.ca\/yfile\/wp-json\/wp\/v2\/users\/5"}],"replies":[{"embeddable":true,"href":"https:\/\/www.yorku.ca\/yfile\/wp-json\/wp\/v2\/comments?post=247800"}],"version-history":[{"count":1,"href":"https:\/\/www.yorku.ca\/yfile\/wp-json\/wp\/v2\/posts\/247800\/revisions"}],"predecessor-version":[{"id":364811,"href":"https:\/\/www.yorku.ca\/yfile\/wp-json\/wp\/v2\/posts\/247800\/revisions\/364811"}],"wp:featuredmedia":[{"embeddable":true,"href":"https:\/\/www.yorku.ca\/yfile\/wp-json\/wp\/v2\/media\/247807"}],"wp:attachment":[{"href":"https:\/\/www.yorku.ca\/yfile\/wp-json\/wp\/v2\/media?parent=247800"}],"wp:term":[{"taxonomy":"category","embeddable":true,"href":"https:\/\/www.yorku.ca\/yfile\/wp-json\/wp\/v2\/categories?post=247800"},{"taxonomy":"post_tag","embeddable":true,"href":"https:\/\/www.yorku.ca\/yfile\/wp-json\/wp\/v2\/tags?post=247800"},{"taxonomy":"yfileauthor","embeddable":true,"href":"https:\/\/www.yorku.ca\/yfile\/wp-json\/wp\/v2\/yfileauthor?post=247800"},{"taxonomy":"qualifier","embeddable":true,"href":"https:\/\/www.yorku.ca\/yfile\/wp-json\/wp\/v2\/qualifier?post=247800"},{"taxonomy":"yfile-author","embeddable":true,"href":"https:\/\/www.yorku.ca\/yfile\/wp-json\/wp\/v2\/yfile-author?post=247800"},{"taxonomy":"tags-to-show","embeddable":true,"href":"https:\/\/www.yorku.ca\/yfile\/wp-json\/wp\/v2\/tags-to-show?post=247800"},{"taxonomy":"workflow","embeddable":true,"href":"https:\/\/www.yorku.ca\/yfile\/wp-json\/wp\/v2\/workflow?post=247800"}],"curies":[{"name":"wp","href":"https:\/\/api.w.org\/{rel}","templated":true}]}}