{"id":268321,"date":"2019-09-29T15:57:57","date_gmt":"2019-09-29T19:57:57","guid":{"rendered":"https:\/\/yfiledev.uit.yorku.ca\/?p=268321"},"modified":"2025-04-03T11:29:40","modified_gmt":"2025-04-03T15:29:40","slug":"join-york-universitys-senior-leadership-for-a-town-hall-oct-10","status":"publish","type":"post","link":"https:\/\/www.yorku.ca\/yfile\/2019\/09\/29\/join-york-universitys-senior-leadership-for-a-town-hall-oct-10\/","title":{"rendered":"Join York University's senior leadership for a Town Hall, Oct. 10"},"content":{"rendered":"<p><em>The following is a message from York University President and Vice-Chancellor Rhonda L. Lenton:<\/em><\/p>\n<p>It is my pleasure to invite you to a Town Hall taking place on <strong>Thursday, Oct. 10<\/strong>.<\/p>\n<p>This Town Hall is an opportunity for York students, staff and faculty to come together to discuss our community\u2019s priorities and our plans for York\u2019s future.<\/p>\n<p>I look forward to sharing our progress on the institutional goals and objectives outlined in the University Academic Plan, and to answering questions about York\u2019s latest activities and initiatives alongside VP Academic and Provost Lisa Philipps, VP Finance and Administration Carol McAulay, Interim VP Research and Innovation Rui Wang, and VP Advancement Jeff O\u2019Hagan.<\/p>\n<p>For more information and to RSVP, go to the <a href=\"http:\/\/elink.crm.yorku.ca\/c\/4\/?T=MjUwNDQ0OTY%3AMDItYjE5MDQ1LWRkZjYyZjk1YWJiZjRhNGE4MTE3MWY4MjA1NjgxOWFh%3Aa3Jpc2hhckB5b3JrdS5jYQ%3AY29udGFjdC0yNTdkOTBkNGIxNzg0YjNkOTU1YzBhYjI2NzU0ZDFlZi0yMzc1MGQyOThhM2M0NmZkYWZhNjE0NzM1ZWFjNzE5NA%3AZmFsc2U%3AMQ%3A%3AaHR0cHM6Ly9jb252ZXJzYXRpb25zLmluZm8ueW9ya3UuY2EvP19jbGRlZT1hM0pwYzJoaGNrQjViM0pyZFM1allRJTNkJTNkJnJlY2lwaWVudGlkPWNvbnRhY3QtMjU3ZDkwZDRiMTc4NGIzZDk1NWMwYWIyNjc1NGQxZWYtMjM3NTBkMjk4YTNjNDZmZGFmYTYxNDczNWVhYzcxOTQmZXNpZD0wMjU1MTZmNC04ZjMwLWU5MTEtOTk0Mi0wMDBjMjliMTg0YzE&amp;K=sMKYnr7AawvDRJhWiS_07A\">Town Hall website<\/a>. And while you are there, please let us know if you have any questions you would like to see addressed. Questions can also be submitted on Twitter using the hashtag <a href=\"https:\/\/twitter.com\/search?q=%23YUTownhall&amp;src=typd\">#YUTownhall<\/a>.<\/p>\n<p>If you are unable to attend in person, you will have the opportunity to participate online through a live stream.<\/p>\n<p><strong>Date:<\/strong> Thursday, Oct. 10<br \/>\n<strong>Time:<\/strong> 1 to 2 p.m.<br \/>\n<strong>Location:<\/strong> Tribute Communities Recital Hall in the Accolade East Building<\/p>\n<p><a href=\"http:\/\/elink.crm.yorku.ca\/c\/4\/?T=MjUwNDQ0OTY%3AMDItYjE5MDQ1LWRkZjYyZjk1YWJiZjRhNGE4MTE3MWY4MjA1NjgxOWFh%3Aa3Jpc2hhckB5b3JrdS5jYQ%3AY29udGFjdC0yNTdkOTBkNGIxNzg0YjNkOTU1YzBhYjI2NzU0ZDFlZi0yMzc1MGQyOThhM2M0NmZkYWZhNjE0NzM1ZWFjNzE5NA%3AZmFsc2U%3AMw%3A%3AaHR0cDovL3Rvd25oYWxsLmluZm8ueW9ya3UuY2EvcnN2cC8_X2NsZGVlPWEzSnBjMmhoY2tCNWIzSnJkUzVqWVElM2QlM2QmcmVjaXBpZW50aWQ9Y29udGFjdC0yNTdkOTBkNGIxNzg0YjNkOTU1YzBhYjI2NzU0ZDFlZi0yMzc1MGQyOThhM2M0NmZkYWZhNjE0NzM1ZWFjNzE5NCZlc2lkPTAyNTUxNmY0LThmMzAtZTkxMS05OTQyLTAwMGMyOWIxODRjMQ&amp;K=jem53a1WF5ILfJOmvYCZuQ\">RSVP today.<\/a><\/p>\n<p>I look forward to seeing you there.<\/p>\n<hr \/>\n<p>J\u2019ai le plaisir de vous inviter \u00e0 une assembl\u00e9e publique qui aura lieu le <strong>jeudi 10 octobre<\/strong>.<\/p>\n<p>Cette assembl\u00e9e est une occasion pour les \u00e9tudiants de l\u2019Universit\u00e9 York, les membres du corps enseignant et du personnel de se r\u00e9unir pour discuter des priorit\u00e9s de la communaut\u00e9 et de nos plans d\u2019avenir.<\/p>\n<p>Je me r\u00e9jouis de partager les progr\u00e8s que nous avons accomplis relativement \u00e0 nos objectifs institutionnels et \u00e0 ceux \u00e9nonc\u00e9s dans le plan acad\u00e9mique de l\u2019Universit\u00e9 et de pouvoir r\u00e9pondre \u00e0 des questions au sujet des activit\u00e9s et initiatives r\u00e9centes de York aux c\u00f4t\u00e9s de Lisa Philipps, rectrice et vice-pr\u00e9sidente aux affaires acad\u00e9miques, de Carol McAulay, vice-pr\u00e9sidente des finances et de l\u2019administration, de Rui Wang, vice-pr\u00e9sident par int\u00e9rim \u00e0 la recherche et \u00e0 l\u2019innovation et de Jeff O\u2019Hagan, vice-pr\u00e9sident de l\u2019avancement.<\/p>\n<p>Pour plus d\u2019information et pour confirmer votre pr\u00e9sence, rendez-vous sur le site suivant\u00a0:<a href=\"http:\/\/elink.crm.yorku.ca\/c\/4\/?T=MjUwNDQ0OTY%3AMDItYjE5MDQ1LWRkZjYyZjk1YWJiZjRhNGE4MTE3MWY4MjA1NjgxOWFh%3Aa3Jpc2hhckB5b3JrdS5jYQ%3AY29udGFjdC0yNTdkOTBkNGIxNzg0YjNkOTU1YzBhYjI2NzU0ZDFlZi0yMzc1MGQyOThhM2M0NmZkYWZhNjE0NzM1ZWFjNzE5NA%3AZmFsc2U%3AMQ%3A%3AaHR0cHM6Ly9jb252ZXJzYXRpb25zLmluZm8ueW9ya3UuY2EvP19jbGRlZT1hM0pwYzJoaGNrQjViM0pyZFM1allRJTNkJTNkJnJlY2lwaWVudGlkPWNvbnRhY3QtMjU3ZDkwZDRiMTc4NGIzZDk1NWMwYWIyNjc1NGQxZWYtMjM3NTBkMjk4YTNjNDZmZGFmYTYxNDczNWVhYzcxOTQmZXNpZD0wMjU1MTZmNC04ZjMwLWU5MTEtOTk0Mi0wMDBjMjliMTg0YzE&amp;K=sMKYnr7AawvDRJhWiS_07A\"> https:\/\/conversations.info.yorku.ca\/<\/a>. Quand vous serez sur ce site, n\u2019h\u00e9sitez pas \u00e0 nous faire part des questions auxquelles vous aimeriez que l\u2019on r\u00e9ponde. Vous pouvez envoyer vos questions par Twitter avec le mot-clic <a href=\"https:\/\/twitter.com\/search?q=%23YUTownhall&amp;src=typd\">#YUTownhall<\/a>.<\/p>\n<p>Si vous ne pouvez pas y assister en personne, vous avez la possibilit\u00e9 de participer en ligne gr\u00e2ce \u00e0 une diffusion en continu.<\/p>\n<p><strong>Date:<\/strong> Jeudi 10 octobre<br \/>\n<strong>Heure<\/strong>: 13\u00a0h \u00e0 14\u00a0h\u00a030<br \/>\n<strong>Lieu:<\/strong> Tribute Communities Recital Hall dans l\u2019\u00e9difice Accolade Est<\/p>\n<p><a href=\"http:\/\/elink.crm.yorku.ca\/c\/4\/?T=MjUwNDQ0OTY%3AMDItYjE5MDQ1LWRkZjYyZjk1YWJiZjRhNGE4MTE3MWY4MjA1NjgxOWFh%3Aa3Jpc2hhckB5b3JrdS5jYQ%3AY29udGFjdC0yNTdkOTBkNGIxNzg0YjNkOTU1YzBhYjI2NzU0ZDFlZi0yMzc1MGQyOThhM2M0NmZkYWZhNjE0NzM1ZWFjNzE5NA%3AZmFsc2U%3AMw%3A%3AaHR0cDovL3Rvd25oYWxsLmluZm8ueW9ya3UuY2EvcnN2cC8_X2NsZGVlPWEzSnBjMmhoY2tCNWIzSnJkUzVqWVElM2QlM2QmcmVjaXBpZW50aWQ9Y29udGFjdC0yNTdkOTBkNGIxNzg0YjNkOTU1YzBhYjI2NzU0ZDFlZi0yMzc1MGQyOThhM2M0NmZkYWZhNjE0NzM1ZWFjNzE5NCZlc2lkPTAyNTUxNmY0LThmMzAtZTkxMS05OTQyLTAwMGMyOWIxODRjMQ&amp;K=jem53a1WF5ILfJOmvYCZuQ\">RSVP aujourd\u2019hui.<\/a><\/p>\n<p>J\u2019ai h\u00e2te de vous y voir.<\/p>\n","protected":false},"excerpt":{"rendered":"<p>York University faculty, staff and students are invited to attend the University's Town Hall meeting, which will take place on Oct. 10 from 1 to 2:30 p.m. in the Tribute Communities Recital Hall, Keele Campus. At the meeting, senior leaders will share progress on the institutional goals and objectives outlined in the University Academic Plan, and answer questions about York's latest activities.<\/p>\n","protected":false},"author":5,"featured_media":241743,"comment_status":"closed","ping_status":"open","sticky":false,"template":"","format":"standard","meta":{"_acf_changed":false,"_kad_blocks_custom_css":"","_kad_blocks_head_custom_js":"","_kad_blocks_body_custom_js":"","_kad_blocks_footer_custom_js":"","footnotes":""},"categories":[25],"tags":[],"yfileauthor":[204],"qualifier":[],"yfile-author":[],"tags-to-show":[146],"workflow":[],"class_list":["post-268321","post","type-post","status-publish","format-standard","has-post-thumbnail","hentry","category-editors-picks","yfileauthor-yfilestaff","tags-to-show-students"],"acf":{"internal_publish_date":null,"original_image":null},"yoast_head":"<!-- This site is optimized with the Yoast SEO plugin v27.4 - https:\/\/yoast.com\/product\/yoast-seo-wordpress\/ -->\n<title>Join York University&#039;s senior leadership for a Town Hall, Oct. 10 - YFile<\/title>\n<meta name=\"robots\" content=\"index, follow, max-snippet:-1, max-image-preview:large, max-video-preview:-1\" \/>\n<link rel=\"canonical\" href=\"https:\/\/www.yorku.ca\/yfile\/2019\/09\/29\/join-york-universitys-senior-leadership-for-a-town-hall-oct-10\/\" \/>\n<meta property=\"og:locale\" content=\"en_US\" \/>\n<meta property=\"og:type\" content=\"article\" \/>\n<meta property=\"og:title\" content=\"Join York University&#039;s senior leadership for a Town Hall, Oct. 10 - YFile\" \/>\n<meta property=\"og:description\" content=\"York University faculty, staff and students are invited to attend the University&#039;s Town Hall meeting, which will take place on Oct. 10 from 1 to 2:30 p.m. in the Tribute Communities Recital Hall, Keele Campus. At the meeting, senior leaders will share progress on the institutional goals and objectives outlined in the University Academic Plan, and answer questions about York&#039;s latest activities.\" \/>\n<meta property=\"og:url\" content=\"https:\/\/www.yorku.ca\/yfile\/2019\/09\/29\/join-york-universitys-senior-leadership-for-a-town-hall-oct-10\/\" \/>\n<meta property=\"og:site_name\" content=\"YFile\" \/>\n<meta property=\"article:published_time\" content=\"2019-09-29T19:57:57+00:00\" \/>\n<meta property=\"article:modified_time\" content=\"2025-04-03T15:29:40+00:00\" \/>\n<meta property=\"og:image\" content=\"https:\/\/www.yorku.ca\/yfile\/wp-content\/uploads\/sites\/889\/2017\/04\/VariHallFEATURED.jpg\" \/>\n\t<meta property=\"og:image:width\" content=\"880\" \/>\n\t<meta property=\"og:image:height\" content=\"290\" \/>\n\t<meta property=\"og:image:type\" content=\"image\/jpeg\" \/>\n<meta name=\"author\" content=\"phalfert\" \/>\n<meta name=\"twitter:card\" content=\"summary_large_image\" \/>\n<meta name=\"twitter:label1\" content=\"Written by\" \/>\n\t<meta name=\"twitter:data1\" content=\"phalfert\" \/>\n\t<meta name=\"twitter:label2\" content=\"Est. reading time\" \/>\n\t<meta name=\"twitter:data2\" content=\"2 minutes\" \/>\n<script type=\"application\/ld+json\" class=\"yoast-schema-graph\">{\"@context\":\"https:\\\/\\\/schema.org\",\"@graph\":[{\"@type\":\"Article\",\"@id\":\"https:\\\/\\\/www.yorku.ca\\\/yfile\\\/2019\\\/09\\\/29\\\/join-york-universitys-senior-leadership-for-a-town-hall-oct-10\\\/#article\",\"isPartOf\":{\"@id\":\"https:\\\/\\\/www.yorku.ca\\\/yfile\\\/2019\\\/09\\\/29\\\/join-york-universitys-senior-leadership-for-a-town-hall-oct-10\\\/\"},\"author\":{\"name\":\"phalfert\",\"@id\":\"https:\\\/\\\/www.yorku.ca\\\/yfile\\\/#\\\/schema\\\/person\\\/21f3dffe794363be5ece4ec7f538a0c0\"},\"headline\":\"Join York University's senior leadership for a Town Hall, Oct. 10\",\"datePublished\":\"2019-09-29T19:57:57+00:00\",\"dateModified\":\"2025-04-03T15:29:40+00:00\",\"mainEntityOfPage\":{\"@id\":\"https:\\\/\\\/www.yorku.ca\\\/yfile\\\/2019\\\/09\\\/29\\\/join-york-universitys-senior-leadership-for-a-town-hall-oct-10\\\/\"},\"wordCount\":470,\"image\":{\"@id\":\"https:\\\/\\\/www.yorku.ca\\\/yfile\\\/2019\\\/09\\\/29\\\/join-york-universitys-senior-leadership-for-a-town-hall-oct-10\\\/#primaryimage\"},\"thumbnailUrl\":\"https:\\\/\\\/www.yorku.ca\\\/yfile\\\/wp-content\\\/uploads\\\/sites\\\/889\\\/2017\\\/04\\\/VariHallFEATURED.jpg\",\"articleSection\":[\"Editor's Picks\"],\"inLanguage\":\"en-CA\",\"copyrightYear\":\"2019\",\"copyrightHolder\":{\"@id\":\"https:\\\/\\\/www.yorku.ca\\\/yfile\\\/#organization\"}},{\"@type\":\"WebPage\",\"@id\":\"https:\\\/\\\/www.yorku.ca\\\/yfile\\\/2019\\\/09\\\/29\\\/join-york-universitys-senior-leadership-for-a-town-hall-oct-10\\\/\",\"url\":\"https:\\\/\\\/www.yorku.ca\\\/yfile\\\/2019\\\/09\\\/29\\\/join-york-universitys-senior-leadership-for-a-town-hall-oct-10\\\/\",\"name\":\"Join York University's senior leadership for a Town Hall, Oct. 10 - YFile\",\"isPartOf\":{\"@id\":\"https:\\\/\\\/www.yorku.ca\\\/yfile\\\/#website\"},\"primaryImageOfPage\":{\"@id\":\"https:\\\/\\\/www.yorku.ca\\\/yfile\\\/2019\\\/09\\\/29\\\/join-york-universitys-senior-leadership-for-a-town-hall-oct-10\\\/#primaryimage\"},\"image\":{\"@id\":\"https:\\\/\\\/www.yorku.ca\\\/yfile\\\/2019\\\/09\\\/29\\\/join-york-universitys-senior-leadership-for-a-town-hall-oct-10\\\/#primaryimage\"},\"thumbnailUrl\":\"https:\\\/\\\/www.yorku.ca\\\/yfile\\\/wp-content\\\/uploads\\\/sites\\\/889\\\/2017\\\/04\\\/VariHallFEATURED.jpg\",\"datePublished\":\"2019-09-29T19:57:57+00:00\",\"dateModified\":\"2025-04-03T15:29:40+00:00\",\"author\":{\"@id\":\"https:\\\/\\\/www.yorku.ca\\\/yfile\\\/#\\\/schema\\\/person\\\/21f3dffe794363be5ece4ec7f538a0c0\"},\"breadcrumb\":{\"@id\":\"https:\\\/\\\/www.yorku.ca\\\/yfile\\\/2019\\\/09\\\/29\\\/join-york-universitys-senior-leadership-for-a-town-hall-oct-10\\\/#breadcrumb\"},\"inLanguage\":\"en-CA\",\"potentialAction\":[{\"@type\":\"ReadAction\",\"target\":[\"https:\\\/\\\/www.yorku.ca\\\/yfile\\\/2019\\\/09\\\/29\\\/join-york-universitys-senior-leadership-for-a-town-hall-oct-10\\\/\"]}]},{\"@type\":\"ImageObject\",\"inLanguage\":\"en-CA\",\"@id\":\"https:\\\/\\\/www.yorku.ca\\\/yfile\\\/2019\\\/09\\\/29\\\/join-york-universitys-senior-leadership-for-a-town-hall-oct-10\\\/#primaryimage\",\"url\":\"https:\\\/\\\/www.yorku.ca\\\/yfile\\\/wp-content\\\/uploads\\\/sites\\\/889\\\/2017\\\/04\\\/VariHallFEATURED.jpg\",\"contentUrl\":\"https:\\\/\\\/www.yorku.ca\\\/yfile\\\/wp-content\\\/uploads\\\/sites\\\/889\\\/2017\\\/04\\\/VariHallFEATURED.jpg\",\"width\":880,\"height\":290,\"caption\":\"Vari pond\"},{\"@type\":\"BreadcrumbList\",\"@id\":\"https:\\\/\\\/www.yorku.ca\\\/yfile\\\/2019\\\/09\\\/29\\\/join-york-universitys-senior-leadership-for-a-town-hall-oct-10\\\/#breadcrumb\",\"itemListElement\":[{\"@type\":\"ListItem\",\"position\":1,\"name\":\"Home\",\"item\":\"https:\\\/\\\/www.yorku.ca\\\/yfile\\\/\"},{\"@type\":\"ListItem\",\"position\":2,\"name\":\"Join York University's senior leadership for a Town Hall, Oct. 10\"}]},{\"@type\":\"WebSite\",\"@id\":\"https:\\\/\\\/www.yorku.ca\\\/yfile\\\/#website\",\"url\":\"https:\\\/\\\/www.yorku.ca\\\/yfile\\\/\",\"name\":\"YFile\",\"description\":\"\",\"potentialAction\":[{\"@type\":\"SearchAction\",\"target\":{\"@type\":\"EntryPoint\",\"urlTemplate\":\"https:\\\/\\\/www.yorku.ca\\\/yfile\\\/?s={search_term_string}\"},\"query-input\":{\"@type\":\"PropertyValueSpecification\",\"valueRequired\":true,\"valueName\":\"search_term_string\"}}],\"inLanguage\":\"en-CA\"},{\"@type\":\"Person\",\"@id\":\"https:\\\/\\\/www.yorku.ca\\\/yfile\\\/#\\\/schema\\\/person\\\/21f3dffe794363be5ece4ec7f538a0c0\",\"name\":\"phalfert\",\"image\":{\"@type\":\"ImageObject\",\"inLanguage\":\"en-CA\",\"@id\":\"https:\\\/\\\/secure.gravatar.com\\\/avatar\\\/9e3ac8a4ede7f72dd695c074c5291e11739705deae1422de177298d5aad6d559?s=96&d=mm&r=g\",\"url\":\"https:\\\/\\\/secure.gravatar.com\\\/avatar\\\/9e3ac8a4ede7f72dd695c074c5291e11739705deae1422de177298d5aad6d559?s=96&d=mm&r=g\",\"contentUrl\":\"https:\\\/\\\/secure.gravatar.com\\\/avatar\\\/9e3ac8a4ede7f72dd695c074c5291e11739705deae1422de177298d5aad6d559?s=96&d=mm&r=g\",\"caption\":\"phalfert\"},\"url\":\"https:\\\/\\\/www.yorku.ca\\\/yfile\\\/author\\\/phalfert\\\/\"}]}<\/script>\n<!-- \/ Yoast SEO plugin. -->","yoast_head_json":{"title":"Join York University's senior leadership for a Town Hall, Oct. 10 - YFile","robots":{"index":"index","follow":"follow","max-snippet":"max-snippet:-1","max-image-preview":"max-image-preview:large","max-video-preview":"max-video-preview:-1"},"canonical":"https:\/\/www.yorku.ca\/yfile\/2019\/09\/29\/join-york-universitys-senior-leadership-for-a-town-hall-oct-10\/","og_locale":"en_US","og_type":"article","og_title":"Join York University's senior leadership for a Town Hall, Oct. 10 - YFile","og_description":"York University faculty, staff and students are invited to attend the University's Town Hall meeting, which will take place on Oct. 10 from 1 to 2:30 p.m. in the Tribute Communities Recital Hall, Keele Campus. At the meeting, senior leaders will share progress on the institutional goals and objectives outlined in the University Academic Plan, and answer questions about York's latest activities.","og_url":"https:\/\/www.yorku.ca\/yfile\/2019\/09\/29\/join-york-universitys-senior-leadership-for-a-town-hall-oct-10\/","og_site_name":"YFile","article_published_time":"2019-09-29T19:57:57+00:00","article_modified_time":"2025-04-03T15:29:40+00:00","og_image":[{"width":880,"height":290,"url":"https:\/\/www.yorku.ca\/yfile\/wp-content\/uploads\/sites\/889\/2017\/04\/VariHallFEATURED.jpg","type":"image\/jpeg"}],"author":"phalfert","twitter_card":"summary_large_image","twitter_misc":{"Written by":"phalfert","Est. reading time":"2 minutes"},"schema":{"@context":"https:\/\/schema.org","@graph":[{"@type":"Article","@id":"https:\/\/www.yorku.ca\/yfile\/2019\/09\/29\/join-york-universitys-senior-leadership-for-a-town-hall-oct-10\/#article","isPartOf":{"@id":"https:\/\/www.yorku.ca\/yfile\/2019\/09\/29\/join-york-universitys-senior-leadership-for-a-town-hall-oct-10\/"},"author":{"name":"phalfert","@id":"https:\/\/www.yorku.ca\/yfile\/#\/schema\/person\/21f3dffe794363be5ece4ec7f538a0c0"},"headline":"Join York University's senior leadership for a Town Hall, Oct. 10","datePublished":"2019-09-29T19:57:57+00:00","dateModified":"2025-04-03T15:29:40+00:00","mainEntityOfPage":{"@id":"https:\/\/www.yorku.ca\/yfile\/2019\/09\/29\/join-york-universitys-senior-leadership-for-a-town-hall-oct-10\/"},"wordCount":470,"image":{"@id":"https:\/\/www.yorku.ca\/yfile\/2019\/09\/29\/join-york-universitys-senior-leadership-for-a-town-hall-oct-10\/#primaryimage"},"thumbnailUrl":"https:\/\/www.yorku.ca\/yfile\/wp-content\/uploads\/sites\/889\/2017\/04\/VariHallFEATURED.jpg","articleSection":["Editor's Picks"],"inLanguage":"en-CA","copyrightYear":"2019","copyrightHolder":{"@id":"https:\/\/www.yorku.ca\/yfile\/#organization"}},{"@type":"WebPage","@id":"https:\/\/www.yorku.ca\/yfile\/2019\/09\/29\/join-york-universitys-senior-leadership-for-a-town-hall-oct-10\/","url":"https:\/\/www.yorku.ca\/yfile\/2019\/09\/29\/join-york-universitys-senior-leadership-for-a-town-hall-oct-10\/","name":"Join York University's senior leadership for a Town Hall, Oct. 10 - YFile","isPartOf":{"@id":"https:\/\/www.yorku.ca\/yfile\/#website"},"primaryImageOfPage":{"@id":"https:\/\/www.yorku.ca\/yfile\/2019\/09\/29\/join-york-universitys-senior-leadership-for-a-town-hall-oct-10\/#primaryimage"},"image":{"@id":"https:\/\/www.yorku.ca\/yfile\/2019\/09\/29\/join-york-universitys-senior-leadership-for-a-town-hall-oct-10\/#primaryimage"},"thumbnailUrl":"https:\/\/www.yorku.ca\/yfile\/wp-content\/uploads\/sites\/889\/2017\/04\/VariHallFEATURED.jpg","datePublished":"2019-09-29T19:57:57+00:00","dateModified":"2025-04-03T15:29:40+00:00","author":{"@id":"https:\/\/www.yorku.ca\/yfile\/#\/schema\/person\/21f3dffe794363be5ece4ec7f538a0c0"},"breadcrumb":{"@id":"https:\/\/www.yorku.ca\/yfile\/2019\/09\/29\/join-york-universitys-senior-leadership-for-a-town-hall-oct-10\/#breadcrumb"},"inLanguage":"en-CA","potentialAction":[{"@type":"ReadAction","target":["https:\/\/www.yorku.ca\/yfile\/2019\/09\/29\/join-york-universitys-senior-leadership-for-a-town-hall-oct-10\/"]}]},{"@type":"ImageObject","inLanguage":"en-CA","@id":"https:\/\/www.yorku.ca\/yfile\/2019\/09\/29\/join-york-universitys-senior-leadership-for-a-town-hall-oct-10\/#primaryimage","url":"https:\/\/www.yorku.ca\/yfile\/wp-content\/uploads\/sites\/889\/2017\/04\/VariHallFEATURED.jpg","contentUrl":"https:\/\/www.yorku.ca\/yfile\/wp-content\/uploads\/sites\/889\/2017\/04\/VariHallFEATURED.jpg","width":880,"height":290,"caption":"Vari pond"},{"@type":"BreadcrumbList","@id":"https:\/\/www.yorku.ca\/yfile\/2019\/09\/29\/join-york-universitys-senior-leadership-for-a-town-hall-oct-10\/#breadcrumb","itemListElement":[{"@type":"ListItem","position":1,"name":"Home","item":"https:\/\/www.yorku.ca\/yfile\/"},{"@type":"ListItem","position":2,"name":"Join York University's senior leadership for a Town Hall, Oct. 10"}]},{"@type":"WebSite","@id":"https:\/\/www.yorku.ca\/yfile\/#website","url":"https:\/\/www.yorku.ca\/yfile\/","name":"YFile","description":"","potentialAction":[{"@type":"SearchAction","target":{"@type":"EntryPoint","urlTemplate":"https:\/\/www.yorku.ca\/yfile\/?s={search_term_string}"},"query-input":{"@type":"PropertyValueSpecification","valueRequired":true,"valueName":"search_term_string"}}],"inLanguage":"en-CA"},{"@type":"Person","@id":"https:\/\/www.yorku.ca\/yfile\/#\/schema\/person\/21f3dffe794363be5ece4ec7f538a0c0","name":"phalfert","image":{"@type":"ImageObject","inLanguage":"en-CA","@id":"https:\/\/secure.gravatar.com\/avatar\/9e3ac8a4ede7f72dd695c074c5291e11739705deae1422de177298d5aad6d559?s=96&d=mm&r=g","url":"https:\/\/secure.gravatar.com\/avatar\/9e3ac8a4ede7f72dd695c074c5291e11739705deae1422de177298d5aad6d559?s=96&d=mm&r=g","contentUrl":"https:\/\/secure.gravatar.com\/avatar\/9e3ac8a4ede7f72dd695c074c5291e11739705deae1422de177298d5aad6d559?s=96&d=mm&r=g","caption":"phalfert"},"url":"https:\/\/www.yorku.ca\/yfile\/author\/phalfert\/"}]}},"taxonomy_info":{"category":[{"value":25,"label":"Editor's Picks"}],"yfileauthor":[{"value":204,"label":"YFile Staff"}],"tags-to-show":[{"value":146,"label":"Students"}]},"featured_image_src_large":["https:\/\/www.yorku.ca\/yfile\/wp-content\/uploads\/sites\/889\/2017\/04\/VariHallFEATURED.jpg",880,290,false],"author_info":{"display_name":"phalfert","author_link":"https:\/\/www.yorku.ca\/yfile\/author\/phalfert\/"},"comment_info":0,"category_info":[{"term_id":25,"name":"Editor's Picks","slug":"editors-picks","term_group":0,"term_taxonomy_id":25,"taxonomy":"category","description":"","parent":0,"count":6269,"filter":"raw","cat_ID":25,"category_count":6269,"category_description":"","cat_name":"Editor's Picks","category_nicename":"editors-picks","category_parent":0}],"tag_info":false,"_links":{"self":[{"href":"https:\/\/www.yorku.ca\/yfile\/wp-json\/wp\/v2\/posts\/268321","targetHints":{"allow":["GET"]}}],"collection":[{"href":"https:\/\/www.yorku.ca\/yfile\/wp-json\/wp\/v2\/posts"}],"about":[{"href":"https:\/\/www.yorku.ca\/yfile\/wp-json\/wp\/v2\/types\/post"}],"author":[{"embeddable":true,"href":"https:\/\/www.yorku.ca\/yfile\/wp-json\/wp\/v2\/users\/5"}],"replies":[{"embeddable":true,"href":"https:\/\/www.yorku.ca\/yfile\/wp-json\/wp\/v2\/comments?post=268321"}],"version-history":[{"count":1,"href":"https:\/\/www.yorku.ca\/yfile\/wp-json\/wp\/v2\/posts\/268321\/revisions"}],"predecessor-version":[{"id":366916,"href":"https:\/\/www.yorku.ca\/yfile\/wp-json\/wp\/v2\/posts\/268321\/revisions\/366916"}],"wp:featuredmedia":[{"embeddable":true,"href":"https:\/\/www.yorku.ca\/yfile\/wp-json\/wp\/v2\/media\/241743"}],"wp:attachment":[{"href":"https:\/\/www.yorku.ca\/yfile\/wp-json\/wp\/v2\/media?parent=268321"}],"wp:term":[{"taxonomy":"category","embeddable":true,"href":"https:\/\/www.yorku.ca\/yfile\/wp-json\/wp\/v2\/categories?post=268321"},{"taxonomy":"post_tag","embeddable":true,"href":"https:\/\/www.yorku.ca\/yfile\/wp-json\/wp\/v2\/tags?post=268321"},{"taxonomy":"yfileauthor","embeddable":true,"href":"https:\/\/www.yorku.ca\/yfile\/wp-json\/wp\/v2\/yfileauthor?post=268321"},{"taxonomy":"qualifier","embeddable":true,"href":"https:\/\/www.yorku.ca\/yfile\/wp-json\/wp\/v2\/qualifier?post=268321"},{"taxonomy":"yfile-author","embeddable":true,"href":"https:\/\/www.yorku.ca\/yfile\/wp-json\/wp\/v2\/yfile-author?post=268321"},{"taxonomy":"tags-to-show","embeddable":true,"href":"https:\/\/www.yorku.ca\/yfile\/wp-json\/wp\/v2\/tags-to-show?post=268321"},{"taxonomy":"workflow","embeddable":true,"href":"https:\/\/www.yorku.ca\/yfile\/wp-json\/wp\/v2\/workflow?post=268321"}],"curies":[{"name":"wp","href":"https:\/\/api.w.org\/{rel}","templated":true}]}}