{"id":272544,"date":"2020-02-11T16:07:25","date_gmt":"2020-02-11T21:07:25","guid":{"rendered":"https:\/\/yfiledev.uit.yorku.ca\/?p=272544"},"modified":"2025-04-03T11:19:34","modified_gmt":"2025-04-03T15:19:34","slug":"save-the-date-keele-campus-community-conversation-planned-for-march-11","status":"publish","type":"post","link":"https:\/\/www.yorku.ca\/yfile\/2020\/02\/11\/save-the-date-keele-campus-community-conversation-planned-for-march-11\/","title":{"rendered":"Save the date: Keele Campus Community Conversation planned for March 11"},"content":{"rendered":"<p>In the fall of 2019, York University students, staff and faculty came together for a Town Hall to discuss our community\u2019s priorities and our plans for the University\u2019s future. We began a meaningful conversation about our goals and how we should leverage our strengths and reputation to achieve them.<\/p>\n<p>We appreciated everyone\u2019s input, and we want to keep the discussion going. We will be holding two <a href=\"https:\/\/conversations.info.yorku.ca\/\">Community Conversations<\/a> \u2013 one at Keele and one at Glendon \u2013 next month.<\/p>\n<p style=\"text-align: center;\"><strong>Keele Community Conversation<br \/>\n<\/strong>Wednesday, March 11, from 10 a.m. to 12 p.m.<br \/>\nCollaboratory, Scott Library (Second Floor)<\/p>\n<p>Details for the Community Conversation at Glendon Campus will be forthcoming in a future email.<\/p>\n<p>Provost Lisa Philipps, VP Finance and Administration Carol McAulay, Interim VP of Research &amp; Innovation Rui Wang, VP Advancement Jeff O\u2019Hagan, and VP Equity, People &amp; Culture Sheila Cote-Meek will be joining me to answer your questions. We invite all students, staff and faculty to attend.<\/p>\n<p><a href=\"https:\/\/conversations.info.yorku.ca\/\">RSVP today.<\/a><\/p>\n<p>I look forward to seeing you there.<\/p>\n<p>Sincerely,<\/p>\n<p><strong>Rhonda L. Lenton, PhD<\/strong><br \/>\n<strong>President &amp; Vice-Chancellor<\/strong><\/p>\n<hr \/>\n<p>En automne\u00a02019, le corps \u00e9tudiant, le corps professoral et le personnel de l\u2019Universit\u00e9 York se sont rencontr\u00e9s pour une discussion ouverte au sujet des priorit\u00e9s de la communaut\u00e9 et des plans d\u2019avenir de l\u2019Universit\u00e9. Nous avons engag\u00e9 une conversation enrichissante au sujet de nos objectifs et de la meilleure fa\u00e7on de mettre \u00e0 profit nos forces et notre r\u00e9putation pour les atteindre.<\/p>\n<p>Votre opinion est importante et nous vous remercions pour votre apport. Nous souhaitons maintenant poursuivre cette discussion. Nous allons tenir deux <a href=\"https:\/\/conversations.info.yorku.ca\/\">conversations communautaires<\/a> \u2013 une \u00e0 Keele et une \u00e0 Glendon \u2013 le mois prochain.<\/p>\n<p style=\"text-align: center;\"><strong>Conversation communautaire au campus Keele<br \/>\n<\/strong>Mercredi\u00a011\u00a0mars\u00a02020 de 10\u00a0h \u00e0 12\u00a0h<br \/>\nCollaboratory \u2013 Biblioth\u00e8que Scott (2<sup>e<\/sup> \u00e9tage)<\/p>\n<p>Les d\u00e9tails de la conversation communautaire au campus Glendon feront l\u2019objet d\u2019un courriel ult\u00e9rieur.<\/p>\n<p>La rectrice, Lisa Philipps, la vice-pr\u00e9sidente aux finances et \u00e0 l\u2019administration, Carol McAulay, le vice-pr\u00e9sident \u00e0 la recherche et \u00e0 l\u2019innovation, Rui Wang, le vice-pr\u00e9sident \u00e0 la promotion, Jeff O\u2019Hagan, et la vice-pr\u00e9sidente de l\u2019\u00e9quit\u00e9, des personnes et de la culture, Sheila Cote-Meek, se joindront \u00e0 moi pour r\u00e9pondre \u00e0 vos questions. Nous invitons tous les \u00e9tudiants et \u00e9tudiantes, membres du personnel et du corps professoral \u00e0 y assister.<\/p>\n<p><a href=\"https:\/\/conversations.info.yorku.ca\/\">RSVP aujourd\u2019hui.<\/a><\/p>\n<p>J\u2019ai h\u00e2te de vous y voir.<\/p>\n<p>Veuillez agr\u00e9er mes sinc\u00e8res salutations,<\/p>\n<p><strong>Rhonda L. Lenton, PhD<\/strong><br \/>\n<strong>Pr\u00e9sidente et vice-chanceli\u00e8re<\/strong><\/p>\n","protected":false},"excerpt":{"rendered":"<p>York University President and Vice-Chancellor Rhonda L. Lenton issues an invitation to faculty, staff and students to attend a Keele Campus Community Conversation event on Wednesday, March 11 from 10 a.m. to 12 p.m. in the Scott Library.<\/p>\n","protected":false},"author":5,"featured_media":262120,"comment_status":"closed","ping_status":"closed","sticky":false,"template":"","format":"standard","meta":{"_acf_changed":false,"_kad_blocks_custom_css":"","_kad_blocks_head_custom_js":"","_kad_blocks_body_custom_js":"","_kad_blocks_footer_custom_js":"","footnotes":""},"categories":[1],"tags":[],"yfileauthor":[204],"qualifier":[],"yfile-author":[],"tags-to-show":[174],"workflow":[],"class_list":["post-272544","post","type-post","status-publish","format-standard","has-post-thumbnail","hentry","category-uncategorized","yfileauthor-yfilestaff","tags-to-show-president"],"acf":{"internal_publish_date":null,"original_image":null},"yoast_head":"<!-- This site is optimized with the Yoast SEO plugin v27.4 - https:\/\/yoast.com\/product\/yoast-seo-wordpress\/ -->\n<title>Save the date: Keele Campus Community Conversation planned for March 11 - YFile<\/title>\n<meta name=\"robots\" content=\"index, follow, max-snippet:-1, max-image-preview:large, max-video-preview:-1\" \/>\n<link rel=\"canonical\" href=\"https:\/\/www.yorku.ca\/yfile\/2020\/02\/11\/save-the-date-keele-campus-community-conversation-planned-for-march-11\/\" \/>\n<meta property=\"og:locale\" content=\"en_US\" \/>\n<meta property=\"og:type\" content=\"article\" \/>\n<meta property=\"og:title\" content=\"Save the date: Keele Campus Community Conversation planned for March 11 - YFile\" \/>\n<meta property=\"og:description\" content=\"York University President and Vice-Chancellor Rhonda L. Lenton issues an invitation to faculty, staff and students to attend a Keele Campus Community Conversation event on Wednesday, March 11 from 10 a.m. to 12 p.m. in the Scott Library.\" \/>\n<meta property=\"og:url\" content=\"https:\/\/www.yorku.ca\/yfile\/2020\/02\/11\/save-the-date-keele-campus-community-conversation-planned-for-march-11\/\" \/>\n<meta property=\"og:site_name\" content=\"YFile\" \/>\n<meta property=\"article:published_time\" content=\"2020-02-11T21:07:25+00:00\" \/>\n<meta property=\"article:modified_time\" content=\"2025-04-03T15:19:34+00:00\" \/>\n<meta property=\"og:image\" content=\"https:\/\/www.yorku.ca\/yfile\/wp-content\/uploads\/sites\/889\/2019\/03\/VARI_HallFEATURED.jpg\" \/>\n\t<meta property=\"og:image:width\" content=\"880\" \/>\n\t<meta property=\"og:image:height\" content=\"290\" \/>\n\t<meta property=\"og:image:type\" content=\"image\/jpeg\" \/>\n<meta name=\"author\" content=\"phalfert\" \/>\n<meta name=\"twitter:card\" content=\"summary_large_image\" \/>\n<meta name=\"twitter:label1\" content=\"Written by\" \/>\n\t<meta name=\"twitter:data1\" content=\"phalfert\" \/>\n\t<meta name=\"twitter:label2\" content=\"Est. reading time\" \/>\n\t<meta name=\"twitter:data2\" content=\"2 minutes\" \/>\n<script type=\"application\/ld+json\" class=\"yoast-schema-graph\">{\"@context\":\"https:\\\/\\\/schema.org\",\"@graph\":[{\"@type\":\"Article\",\"@id\":\"https:\\\/\\\/www.yorku.ca\\\/yfile\\\/2020\\\/02\\\/11\\\/save-the-date-keele-campus-community-conversation-planned-for-march-11\\\/#article\",\"isPartOf\":{\"@id\":\"https:\\\/\\\/www.yorku.ca\\\/yfile\\\/2020\\\/02\\\/11\\\/save-the-date-keele-campus-community-conversation-planned-for-march-11\\\/\"},\"author\":{\"name\":\"phalfert\",\"@id\":\"https:\\\/\\\/www.yorku.ca\\\/yfile\\\/#\\\/schema\\\/person\\\/21f3dffe794363be5ece4ec7f538a0c0\"},\"headline\":\"Save the date: Keele Campus Community Conversation planned for March 11\",\"datePublished\":\"2020-02-11T21:07:25+00:00\",\"dateModified\":\"2025-04-03T15:19:34+00:00\",\"mainEntityOfPage\":{\"@id\":\"https:\\\/\\\/www.yorku.ca\\\/yfile\\\/2020\\\/02\\\/11\\\/save-the-date-keele-campus-community-conversation-planned-for-march-11\\\/\"},\"wordCount\":415,\"image\":{\"@id\":\"https:\\\/\\\/www.yorku.ca\\\/yfile\\\/2020\\\/02\\\/11\\\/save-the-date-keele-campus-community-conversation-planned-for-march-11\\\/#primaryimage\"},\"thumbnailUrl\":\"https:\\\/\\\/www.yorku.ca\\\/yfile\\\/wp-content\\\/uploads\\\/sites\\\/889\\\/2019\\\/03\\\/VARI_HallFEATURED.jpg\",\"inLanguage\":\"en-CA\",\"copyrightYear\":\"2020\",\"copyrightHolder\":{\"@id\":\"https:\\\/\\\/www.yorku.ca\\\/yfile\\\/#organization\"}},{\"@type\":\"WebPage\",\"@id\":\"https:\\\/\\\/www.yorku.ca\\\/yfile\\\/2020\\\/02\\\/11\\\/save-the-date-keele-campus-community-conversation-planned-for-march-11\\\/\",\"url\":\"https:\\\/\\\/www.yorku.ca\\\/yfile\\\/2020\\\/02\\\/11\\\/save-the-date-keele-campus-community-conversation-planned-for-march-11\\\/\",\"name\":\"Save the date: Keele Campus Community Conversation planned for March 11 - YFile\",\"isPartOf\":{\"@id\":\"https:\\\/\\\/www.yorku.ca\\\/yfile\\\/#website\"},\"primaryImageOfPage\":{\"@id\":\"https:\\\/\\\/www.yorku.ca\\\/yfile\\\/2020\\\/02\\\/11\\\/save-the-date-keele-campus-community-conversation-planned-for-march-11\\\/#primaryimage\"},\"image\":{\"@id\":\"https:\\\/\\\/www.yorku.ca\\\/yfile\\\/2020\\\/02\\\/11\\\/save-the-date-keele-campus-community-conversation-planned-for-march-11\\\/#primaryimage\"},\"thumbnailUrl\":\"https:\\\/\\\/www.yorku.ca\\\/yfile\\\/wp-content\\\/uploads\\\/sites\\\/889\\\/2019\\\/03\\\/VARI_HallFEATURED.jpg\",\"datePublished\":\"2020-02-11T21:07:25+00:00\",\"dateModified\":\"2025-04-03T15:19:34+00:00\",\"author\":{\"@id\":\"https:\\\/\\\/www.yorku.ca\\\/yfile\\\/#\\\/schema\\\/person\\\/21f3dffe794363be5ece4ec7f538a0c0\"},\"breadcrumb\":{\"@id\":\"https:\\\/\\\/www.yorku.ca\\\/yfile\\\/2020\\\/02\\\/11\\\/save-the-date-keele-campus-community-conversation-planned-for-march-11\\\/#breadcrumb\"},\"inLanguage\":\"en-CA\",\"potentialAction\":[{\"@type\":\"ReadAction\",\"target\":[\"https:\\\/\\\/www.yorku.ca\\\/yfile\\\/2020\\\/02\\\/11\\\/save-the-date-keele-campus-community-conversation-planned-for-march-11\\\/\"]}]},{\"@type\":\"ImageObject\",\"inLanguage\":\"en-CA\",\"@id\":\"https:\\\/\\\/www.yorku.ca\\\/yfile\\\/2020\\\/02\\\/11\\\/save-the-date-keele-campus-community-conversation-planned-for-march-11\\\/#primaryimage\",\"url\":\"https:\\\/\\\/www.yorku.ca\\\/yfile\\\/wp-content\\\/uploads\\\/sites\\\/889\\\/2019\\\/03\\\/VARI_HallFEATURED.jpg\",\"contentUrl\":\"https:\\\/\\\/www.yorku.ca\\\/yfile\\\/wp-content\\\/uploads\\\/sites\\\/889\\\/2019\\\/03\\\/VARI_HallFEATURED.jpg\",\"width\":880,\"height\":290,\"caption\":\"Vari Hall\"},{\"@type\":\"BreadcrumbList\",\"@id\":\"https:\\\/\\\/www.yorku.ca\\\/yfile\\\/2020\\\/02\\\/11\\\/save-the-date-keele-campus-community-conversation-planned-for-march-11\\\/#breadcrumb\",\"itemListElement\":[{\"@type\":\"ListItem\",\"position\":1,\"name\":\"Home\",\"item\":\"https:\\\/\\\/www.yorku.ca\\\/yfile\\\/\"},{\"@type\":\"ListItem\",\"position\":2,\"name\":\"Save the date: Keele Campus Community Conversation planned for March 11\"}]},{\"@type\":\"WebSite\",\"@id\":\"https:\\\/\\\/www.yorku.ca\\\/yfile\\\/#website\",\"url\":\"https:\\\/\\\/www.yorku.ca\\\/yfile\\\/\",\"name\":\"YFile\",\"description\":\"\",\"potentialAction\":[{\"@type\":\"SearchAction\",\"target\":{\"@type\":\"EntryPoint\",\"urlTemplate\":\"https:\\\/\\\/www.yorku.ca\\\/yfile\\\/?s={search_term_string}\"},\"query-input\":{\"@type\":\"PropertyValueSpecification\",\"valueRequired\":true,\"valueName\":\"search_term_string\"}}],\"inLanguage\":\"en-CA\"},{\"@type\":\"Person\",\"@id\":\"https:\\\/\\\/www.yorku.ca\\\/yfile\\\/#\\\/schema\\\/person\\\/21f3dffe794363be5ece4ec7f538a0c0\",\"name\":\"phalfert\",\"image\":{\"@type\":\"ImageObject\",\"inLanguage\":\"en-CA\",\"@id\":\"https:\\\/\\\/secure.gravatar.com\\\/avatar\\\/9e3ac8a4ede7f72dd695c074c5291e11739705deae1422de177298d5aad6d559?s=96&d=mm&r=g\",\"url\":\"https:\\\/\\\/secure.gravatar.com\\\/avatar\\\/9e3ac8a4ede7f72dd695c074c5291e11739705deae1422de177298d5aad6d559?s=96&d=mm&r=g\",\"contentUrl\":\"https:\\\/\\\/secure.gravatar.com\\\/avatar\\\/9e3ac8a4ede7f72dd695c074c5291e11739705deae1422de177298d5aad6d559?s=96&d=mm&r=g\",\"caption\":\"phalfert\"},\"url\":\"https:\\\/\\\/www.yorku.ca\\\/yfile\\\/author\\\/phalfert\\\/\"}]}<\/script>\n<!-- \/ Yoast SEO plugin. -->","yoast_head_json":{"title":"Save the date: Keele Campus Community Conversation planned for March 11 - YFile","robots":{"index":"index","follow":"follow","max-snippet":"max-snippet:-1","max-image-preview":"max-image-preview:large","max-video-preview":"max-video-preview:-1"},"canonical":"https:\/\/www.yorku.ca\/yfile\/2020\/02\/11\/save-the-date-keele-campus-community-conversation-planned-for-march-11\/","og_locale":"en_US","og_type":"article","og_title":"Save the date: Keele Campus Community Conversation planned for March 11 - YFile","og_description":"York University President and Vice-Chancellor Rhonda L. Lenton issues an invitation to faculty, staff and students to attend a Keele Campus Community Conversation event on Wednesday, March 11 from 10 a.m. to 12 p.m. in the Scott Library.","og_url":"https:\/\/www.yorku.ca\/yfile\/2020\/02\/11\/save-the-date-keele-campus-community-conversation-planned-for-march-11\/","og_site_name":"YFile","article_published_time":"2020-02-11T21:07:25+00:00","article_modified_time":"2025-04-03T15:19:34+00:00","og_image":[{"width":880,"height":290,"url":"https:\/\/www.yorku.ca\/yfile\/wp-content\/uploads\/sites\/889\/2019\/03\/VARI_HallFEATURED.jpg","type":"image\/jpeg"}],"author":"phalfert","twitter_card":"summary_large_image","twitter_misc":{"Written by":"phalfert","Est. reading time":"2 minutes"},"schema":{"@context":"https:\/\/schema.org","@graph":[{"@type":"Article","@id":"https:\/\/www.yorku.ca\/yfile\/2020\/02\/11\/save-the-date-keele-campus-community-conversation-planned-for-march-11\/#article","isPartOf":{"@id":"https:\/\/www.yorku.ca\/yfile\/2020\/02\/11\/save-the-date-keele-campus-community-conversation-planned-for-march-11\/"},"author":{"name":"phalfert","@id":"https:\/\/www.yorku.ca\/yfile\/#\/schema\/person\/21f3dffe794363be5ece4ec7f538a0c0"},"headline":"Save the date: Keele Campus Community Conversation planned for March 11","datePublished":"2020-02-11T21:07:25+00:00","dateModified":"2025-04-03T15:19:34+00:00","mainEntityOfPage":{"@id":"https:\/\/www.yorku.ca\/yfile\/2020\/02\/11\/save-the-date-keele-campus-community-conversation-planned-for-march-11\/"},"wordCount":415,"image":{"@id":"https:\/\/www.yorku.ca\/yfile\/2020\/02\/11\/save-the-date-keele-campus-community-conversation-planned-for-march-11\/#primaryimage"},"thumbnailUrl":"https:\/\/www.yorku.ca\/yfile\/wp-content\/uploads\/sites\/889\/2019\/03\/VARI_HallFEATURED.jpg","inLanguage":"en-CA","copyrightYear":"2020","copyrightHolder":{"@id":"https:\/\/www.yorku.ca\/yfile\/#organization"}},{"@type":"WebPage","@id":"https:\/\/www.yorku.ca\/yfile\/2020\/02\/11\/save-the-date-keele-campus-community-conversation-planned-for-march-11\/","url":"https:\/\/www.yorku.ca\/yfile\/2020\/02\/11\/save-the-date-keele-campus-community-conversation-planned-for-march-11\/","name":"Save the date: Keele Campus Community Conversation planned for March 11 - YFile","isPartOf":{"@id":"https:\/\/www.yorku.ca\/yfile\/#website"},"primaryImageOfPage":{"@id":"https:\/\/www.yorku.ca\/yfile\/2020\/02\/11\/save-the-date-keele-campus-community-conversation-planned-for-march-11\/#primaryimage"},"image":{"@id":"https:\/\/www.yorku.ca\/yfile\/2020\/02\/11\/save-the-date-keele-campus-community-conversation-planned-for-march-11\/#primaryimage"},"thumbnailUrl":"https:\/\/www.yorku.ca\/yfile\/wp-content\/uploads\/sites\/889\/2019\/03\/VARI_HallFEATURED.jpg","datePublished":"2020-02-11T21:07:25+00:00","dateModified":"2025-04-03T15:19:34+00:00","author":{"@id":"https:\/\/www.yorku.ca\/yfile\/#\/schema\/person\/21f3dffe794363be5ece4ec7f538a0c0"},"breadcrumb":{"@id":"https:\/\/www.yorku.ca\/yfile\/2020\/02\/11\/save-the-date-keele-campus-community-conversation-planned-for-march-11\/#breadcrumb"},"inLanguage":"en-CA","potentialAction":[{"@type":"ReadAction","target":["https:\/\/www.yorku.ca\/yfile\/2020\/02\/11\/save-the-date-keele-campus-community-conversation-planned-for-march-11\/"]}]},{"@type":"ImageObject","inLanguage":"en-CA","@id":"https:\/\/www.yorku.ca\/yfile\/2020\/02\/11\/save-the-date-keele-campus-community-conversation-planned-for-march-11\/#primaryimage","url":"https:\/\/www.yorku.ca\/yfile\/wp-content\/uploads\/sites\/889\/2019\/03\/VARI_HallFEATURED.jpg","contentUrl":"https:\/\/www.yorku.ca\/yfile\/wp-content\/uploads\/sites\/889\/2019\/03\/VARI_HallFEATURED.jpg","width":880,"height":290,"caption":"Vari Hall"},{"@type":"BreadcrumbList","@id":"https:\/\/www.yorku.ca\/yfile\/2020\/02\/11\/save-the-date-keele-campus-community-conversation-planned-for-march-11\/#breadcrumb","itemListElement":[{"@type":"ListItem","position":1,"name":"Home","item":"https:\/\/www.yorku.ca\/yfile\/"},{"@type":"ListItem","position":2,"name":"Save the date: Keele Campus Community Conversation planned for March 11"}]},{"@type":"WebSite","@id":"https:\/\/www.yorku.ca\/yfile\/#website","url":"https:\/\/www.yorku.ca\/yfile\/","name":"YFile","description":"","potentialAction":[{"@type":"SearchAction","target":{"@type":"EntryPoint","urlTemplate":"https:\/\/www.yorku.ca\/yfile\/?s={search_term_string}"},"query-input":{"@type":"PropertyValueSpecification","valueRequired":true,"valueName":"search_term_string"}}],"inLanguage":"en-CA"},{"@type":"Person","@id":"https:\/\/www.yorku.ca\/yfile\/#\/schema\/person\/21f3dffe794363be5ece4ec7f538a0c0","name":"phalfert","image":{"@type":"ImageObject","inLanguage":"en-CA","@id":"https:\/\/secure.gravatar.com\/avatar\/9e3ac8a4ede7f72dd695c074c5291e11739705deae1422de177298d5aad6d559?s=96&d=mm&r=g","url":"https:\/\/secure.gravatar.com\/avatar\/9e3ac8a4ede7f72dd695c074c5291e11739705deae1422de177298d5aad6d559?s=96&d=mm&r=g","contentUrl":"https:\/\/secure.gravatar.com\/avatar\/9e3ac8a4ede7f72dd695c074c5291e11739705deae1422de177298d5aad6d559?s=96&d=mm&r=g","caption":"phalfert"},"url":"https:\/\/www.yorku.ca\/yfile\/author\/phalfert\/"}]}},"taxonomy_info":{"category":[{"value":1,"label":"Uncategorized"}],"yfileauthor":[{"value":204,"label":"YFile Staff"}],"tags-to-show":[{"value":174,"label":"President"}]},"featured_image_src_large":["https:\/\/www.yorku.ca\/yfile\/wp-content\/uploads\/sites\/889\/2019\/03\/VARI_HallFEATURED.jpg",880,290,false],"author_info":{"display_name":"phalfert","author_link":"https:\/\/www.yorku.ca\/yfile\/author\/phalfert\/"},"comment_info":0,"category_info":[{"term_id":1,"name":"Uncategorized","slug":"uncategorized","term_group":0,"term_taxonomy_id":1,"taxonomy":"category","description":"","parent":0,"count":1810,"filter":"raw","cat_ID":1,"category_count":1810,"category_description":"","cat_name":"Uncategorized","category_nicename":"uncategorized","category_parent":0}],"tag_info":false,"_links":{"self":[{"href":"https:\/\/www.yorku.ca\/yfile\/wp-json\/wp\/v2\/posts\/272544","targetHints":{"allow":["GET"]}}],"collection":[{"href":"https:\/\/www.yorku.ca\/yfile\/wp-json\/wp\/v2\/posts"}],"about":[{"href":"https:\/\/www.yorku.ca\/yfile\/wp-json\/wp\/v2\/types\/post"}],"author":[{"embeddable":true,"href":"https:\/\/www.yorku.ca\/yfile\/wp-json\/wp\/v2\/users\/5"}],"replies":[{"embeddable":true,"href":"https:\/\/www.yorku.ca\/yfile\/wp-json\/wp\/v2\/comments?post=272544"}],"version-history":[{"count":1,"href":"https:\/\/www.yorku.ca\/yfile\/wp-json\/wp\/v2\/posts\/272544\/revisions"}],"predecessor-version":[{"id":367363,"href":"https:\/\/www.yorku.ca\/yfile\/wp-json\/wp\/v2\/posts\/272544\/revisions\/367363"}],"wp:featuredmedia":[{"embeddable":true,"href":"https:\/\/www.yorku.ca\/yfile\/wp-json\/wp\/v2\/media\/262120"}],"wp:attachment":[{"href":"https:\/\/www.yorku.ca\/yfile\/wp-json\/wp\/v2\/media?parent=272544"}],"wp:term":[{"taxonomy":"category","embeddable":true,"href":"https:\/\/www.yorku.ca\/yfile\/wp-json\/wp\/v2\/categories?post=272544"},{"taxonomy":"post_tag","embeddable":true,"href":"https:\/\/www.yorku.ca\/yfile\/wp-json\/wp\/v2\/tags?post=272544"},{"taxonomy":"yfileauthor","embeddable":true,"href":"https:\/\/www.yorku.ca\/yfile\/wp-json\/wp\/v2\/yfileauthor?post=272544"},{"taxonomy":"qualifier","embeddable":true,"href":"https:\/\/www.yorku.ca\/yfile\/wp-json\/wp\/v2\/qualifier?post=272544"},{"taxonomy":"yfile-author","embeddable":true,"href":"https:\/\/www.yorku.ca\/yfile\/wp-json\/wp\/v2\/yfile-author?post=272544"},{"taxonomy":"tags-to-show","embeddable":true,"href":"https:\/\/www.yorku.ca\/yfile\/wp-json\/wp\/v2\/tags-to-show?post=272544"},{"taxonomy":"workflow","embeddable":true,"href":"https:\/\/www.yorku.ca\/yfile\/wp-json\/wp\/v2\/workflow?post=272544"}],"curies":[{"name":"wp","href":"https:\/\/api.w.org\/{rel}","templated":true}]}}