{"id":273339,"date":"2020-03-10T16:23:13","date_gmt":"2020-03-10T20:23:13","guid":{"rendered":"https:\/\/yfiledev.uit.yorku.ca\/?p=273339"},"modified":"2025-04-03T11:19:14","modified_gmt":"2025-04-03T15:19:14","slug":"workshop-brings-together-scholars-to-discuss-authoritarian-drive-in-turkey","status":"publish","type":"post","link":"https:\/\/www.yorku.ca\/yfile\/2020\/03\/10\/workshop-brings-together-scholars-to-discuss-authoritarian-drive-in-turkey\/","title":{"rendered":"POSTPONED: Workshop brings together scholars to discuss authoritarian drive in Turkey"},"content":{"rendered":"<p>A one-day workshop that brings together Turkish scholars to engage in a critical and in-depth discussion on the current authoritarian drive in Turkey will take place <strong>March 19<\/strong> at York University's Keele Campus.<\/p>\n<div id=\"attachment_273124\" style=\"width: 243px\" class=\"wp-caption alignright\"><img loading=\"lazy\" decoding=\"async\" aria-describedby=\"caption-attachment-273124\" class=\" wp-image-273124\" src=\"https:\/\/yfile.news.yorku.ca\/files\/2020\/02\/pinar.jpg\" alt=\"\" width=\"233\" height=\"232\" srcset=\"https:\/\/www.yorku.ca\/yfile\/wp-content\/uploads\/sites\/889\/2020\/02\/pinar.jpg 353w, https:\/\/www.yorku.ca\/yfile\/wp-content\/uploads\/sites\/889\/2020\/02\/pinar-150x150.jpg 150w\" sizes=\"auto, (max-width: 233px) 100vw, 233px\" \/><p id=\"caption-attachment-273124\" class=\"wp-caption-text\">Pinar Bedirhanoglu<\/p><\/div>\n<p>Presented by the Global Labour Research Centre (GLRC) and the Department of Politics, \"Contested Reproduction of Turkey\u2019s Financialized Capitalism: State and Society in Crisis\" will run from 9 a.m. to 5 p.m. in Ross Building South 674. It is organized by <strong>Pinar Bedirhano\u011flu<\/strong>, visiting professor in the Department of Politics, and associate professor in the Department of International Relations at Middle East Technical University with <strong>Luann Good Gingrich,<\/strong> director, Global Labour Research Centre, York University.<\/p>\n<p>The workshop will problematize the following issues:<\/p>\n<ul>\n<li>the constitutive role of financialization in authoritarian state transformation;<\/li>\n<li>state policies that weaken the power of labour vis-\u00e1-vis capital; and<\/li>\n<li>the enhancement of the coercive capacity of state and capital for social control.<\/li>\n<\/ul>\n<p>Besides identifying the Turkey-specific determinants of authoritarianism, the workshop aims to situate the Turkish experience within its global context, and thus contribute to relevant debates in comparative politics.<\/p>\n<p>The program includes:<\/p>\n<p><strong>Welcome and introductions \u2013 9 to 9:30 a.m.<\/strong><\/p>\n<p><strong>Politics of Labour \u2013 9:30 to 11:30 a.m.<\/strong><br \/>\nChair and discussant: <strong>Angela Joya<\/strong>, adjunct research professor, Carleton University<\/p>\n<ul>\n<li>Formation of the \"classes of labour\" in Turkey under neoliberalism and changing forms of rural class struggle \u2013 <strong>Co\u015fku \u00c7elik<\/strong>, postdoctoral Fellow, Department of Politics and Department of Social Science, York University<\/li>\n<li>Syrian refugees as surplus population in Turkish labour market: Racialization, segmentation and exploitation \u2013\u00a0<strong>Canan \u015eahin<\/strong>, PhD candidate, Queens University<\/li>\n<li>Social reproduction in crisis: Limits to reproducing labour power in neoliberalizing Turkey \u2013 <strong>Hilal Kara<\/strong>, PhD candidate, Queens University<\/li>\n<\/ul>\n<p><strong>State Transformation through Financialization \u2013 12:30 to 2:30 p.m.<\/strong><br \/>\nChair and discussant: <strong>Bar\u0131\u015f Karaa\u011fa\u00e7<\/strong>, lecturer, Trent University<\/p>\n<ul>\n<li>Responses to the 2018-19 economic crisis in AKP\u2019s Turkey: Policy space and discipline by state-sponsored credit \u2013 <strong>Ali R\u0131za G\u00fcngen<\/strong>, Distance Fellow, Carnegie Mellon University<\/li>\n<li>Financialization, debt, state and health care \u2013 <strong>\u0130pek Eren-Vural<\/strong>, research associate, Dalhousie University; adjunct professor, Simon Fraser University<\/li>\n<li>Financialisation, household indebtedness, and state crisis in Turkey \u2013 <strong>P\u0131nar Bedirhano\u011flu<\/strong>, visiting professor, Department of Politics, York University; associate professor, Department of International Relations, METU<\/li>\n<\/ul>\n<p><strong>Politics of Coercion \u2013 3 to 5 p.m.<\/strong><br \/>\nChair and discussant: <strong>\u00d6mer \u00d6zcan<\/strong>, visiting professor, Department of Anthropology,York University<\/p>\n<ul>\n<li>\"The law of the city?\": Social war, urban warfare, and dispossession on the margin \u2013 <strong>\u00c7a\u011flar D\u00f6lek<\/strong>, contract instructor, Carleton University<\/li>\n<li>Policing the crisis in Turkey: The case of feminicides \u2013 <strong>Funda H\u00fclag\u00fc<\/strong>, research associate, Philipps University of Marburg (via Skype)<\/li>\n<li>Turkey\u2019s authoritarian surveillance regime \u2013 <strong>\u00d6zg\u00fcn Topak<\/strong>, assistant professor, Department of Social Science, York University<\/li>\n<\/ul>\n<p>For more information visit the <a href=\"http:\/\/glrc.apps01.yorku.ca\/event\/contested-reproduction-of-turkeys-financialized-capitalism-state-and-society-in-crisis\/\">GLRC event page<\/a> or the <a href=\"https:\/\/www.facebook.com\/events\/1531705640318929\/\">Facebook event page<\/a>.<\/p>\n<p>Those interested can register at <a href=\"http:\/\/tiny.cc\/glrcturkey\">http:\/\/tiny.cc\/glrcturkey<\/a>. All are welcome.<\/p>\n<p>The event is supported by York University\u2019s Faculty of Liberal Arts &amp; Professional Studies, the Vice-President Research &amp; Innovation and the Department of Politics.<\/p>\n","protected":false},"excerpt":{"rendered":"<p>A one-day workshop that brings together Turkish scholars to engage in a critical and in-depth discussion on the current authoritarian drive in Turkey will take place March 19 at York University's Keele Campus.<\/p>\n","protected":false},"author":5,"featured_media":273348,"comment_status":"closed","ping_status":"closed","sticky":false,"template":"","format":"standard","meta":{"_acf_changed":false,"_kad_blocks_custom_css":"","_kad_blocks_head_custom_js":"","_kad_blocks_body_custom_js":"","_kad_blocks_footer_custom_js":"","footnotes":""},"categories":[11],"tags":[],"yfileauthor":[204],"qualifier":[],"yfile-author":[],"tags-to-show":[150],"workflow":[],"class_list":["post-273339","post","type-post","status-publish","format-standard","has-post-thumbnail","hentry","category-latest-news","yfileauthor-yfilestaff","tags-to-show-laps"],"acf":{"internal_publish_date":null,"original_image":null},"yoast_head":"<!-- This site is optimized with the Yoast SEO plugin v27.4 - https:\/\/yoast.com\/product\/yoast-seo-wordpress\/ -->\n<title>POSTPONED: Workshop brings together scholars to discuss authoritarian drive in Turkey - YFile<\/title>\n<meta name=\"robots\" content=\"index, follow, max-snippet:-1, max-image-preview:large, max-video-preview:-1\" \/>\n<link rel=\"canonical\" href=\"https:\/\/www.yorku.ca\/yfile\/2020\/03\/10\/workshop-brings-together-scholars-to-discuss-authoritarian-drive-in-turkey\/\" \/>\n<meta property=\"og:locale\" content=\"en_US\" \/>\n<meta property=\"og:type\" content=\"article\" \/>\n<meta property=\"og:title\" content=\"POSTPONED: Workshop brings together scholars to discuss authoritarian drive in Turkey - YFile\" \/>\n<meta property=\"og:description\" content=\"A one-day workshop that brings together Turkish scholars to engage in a critical and in-depth discussion on the current authoritarian drive in Turkey will take place March 19 at York University&#039;s Keele Campus.\" \/>\n<meta property=\"og:url\" content=\"https:\/\/www.yorku.ca\/yfile\/2020\/03\/10\/workshop-brings-together-scholars-to-discuss-authoritarian-drive-in-turkey\/\" \/>\n<meta property=\"og:site_name\" content=\"YFile\" \/>\n<meta property=\"article:published_time\" content=\"2020-03-10T20:23:13+00:00\" \/>\n<meta property=\"article:modified_time\" content=\"2025-04-03T15:19:14+00:00\" \/>\n<meta property=\"og:image\" content=\"https:\/\/www.yorku.ca\/yfile\/wp-content\/uploads\/sites\/889\/2020\/03\/Turkeys-Financialized-Capitalism-FEATURED.jpg\" \/>\n\t<meta property=\"og:image:width\" content=\"880\" \/>\n\t<meta property=\"og:image:height\" content=\"290\" \/>\n\t<meta property=\"og:image:type\" content=\"image\/jpeg\" \/>\n<meta name=\"author\" content=\"phalfert\" \/>\n<meta name=\"twitter:card\" content=\"summary_large_image\" \/>\n<meta name=\"twitter:label1\" content=\"Written by\" \/>\n\t<meta name=\"twitter:data1\" content=\"phalfert\" \/>\n\t<meta name=\"twitter:label2\" content=\"Est. reading time\" \/>\n\t<meta name=\"twitter:data2\" content=\"2 minutes\" \/>\n<script type=\"application\/ld+json\" class=\"yoast-schema-graph\">{\"@context\":\"https:\\\/\\\/schema.org\",\"@graph\":[{\"@type\":\"Article\",\"@id\":\"https:\\\/\\\/www.yorku.ca\\\/yfile\\\/2020\\\/03\\\/10\\\/workshop-brings-together-scholars-to-discuss-authoritarian-drive-in-turkey\\\/#article\",\"isPartOf\":{\"@id\":\"https:\\\/\\\/www.yorku.ca\\\/yfile\\\/2020\\\/03\\\/10\\\/workshop-brings-together-scholars-to-discuss-authoritarian-drive-in-turkey\\\/\"},\"author\":{\"name\":\"phalfert\",\"@id\":\"https:\\\/\\\/www.yorku.ca\\\/yfile\\\/#\\\/schema\\\/person\\\/21f3dffe794363be5ece4ec7f538a0c0\"},\"headline\":\"POSTPONED: Workshop brings together scholars to discuss authoritarian drive in Turkey\",\"datePublished\":\"2020-03-10T20:23:13+00:00\",\"dateModified\":\"2025-04-03T15:19:14+00:00\",\"mainEntityOfPage\":{\"@id\":\"https:\\\/\\\/www.yorku.ca\\\/yfile\\\/2020\\\/03\\\/10\\\/workshop-brings-together-scholars-to-discuss-authoritarian-drive-in-turkey\\\/\"},\"wordCount\":504,\"image\":{\"@id\":\"https:\\\/\\\/www.yorku.ca\\\/yfile\\\/2020\\\/03\\\/10\\\/workshop-brings-together-scholars-to-discuss-authoritarian-drive-in-turkey\\\/#primaryimage\"},\"thumbnailUrl\":\"https:\\\/\\\/www.yorku.ca\\\/yfile\\\/wp-content\\\/uploads\\\/sites\\\/889\\\/2020\\\/03\\\/Turkeys-Financialized-Capitalism-FEATURED.jpg\",\"articleSection\":[\"Latest News\"],\"inLanguage\":\"en-CA\",\"copyrightYear\":\"2020\",\"copyrightHolder\":{\"@id\":\"https:\\\/\\\/www.yorku.ca\\\/yfile\\\/#organization\"}},{\"@type\":\"WebPage\",\"@id\":\"https:\\\/\\\/www.yorku.ca\\\/yfile\\\/2020\\\/03\\\/10\\\/workshop-brings-together-scholars-to-discuss-authoritarian-drive-in-turkey\\\/\",\"url\":\"https:\\\/\\\/www.yorku.ca\\\/yfile\\\/2020\\\/03\\\/10\\\/workshop-brings-together-scholars-to-discuss-authoritarian-drive-in-turkey\\\/\",\"name\":\"POSTPONED: Workshop brings together scholars to discuss authoritarian drive in Turkey - YFile\",\"isPartOf\":{\"@id\":\"https:\\\/\\\/www.yorku.ca\\\/yfile\\\/#website\"},\"primaryImageOfPage\":{\"@id\":\"https:\\\/\\\/www.yorku.ca\\\/yfile\\\/2020\\\/03\\\/10\\\/workshop-brings-together-scholars-to-discuss-authoritarian-drive-in-turkey\\\/#primaryimage\"},\"image\":{\"@id\":\"https:\\\/\\\/www.yorku.ca\\\/yfile\\\/2020\\\/03\\\/10\\\/workshop-brings-together-scholars-to-discuss-authoritarian-drive-in-turkey\\\/#primaryimage\"},\"thumbnailUrl\":\"https:\\\/\\\/www.yorku.ca\\\/yfile\\\/wp-content\\\/uploads\\\/sites\\\/889\\\/2020\\\/03\\\/Turkeys-Financialized-Capitalism-FEATURED.jpg\",\"datePublished\":\"2020-03-10T20:23:13+00:00\",\"dateModified\":\"2025-04-03T15:19:14+00:00\",\"author\":{\"@id\":\"https:\\\/\\\/www.yorku.ca\\\/yfile\\\/#\\\/schema\\\/person\\\/21f3dffe794363be5ece4ec7f538a0c0\"},\"breadcrumb\":{\"@id\":\"https:\\\/\\\/www.yorku.ca\\\/yfile\\\/2020\\\/03\\\/10\\\/workshop-brings-together-scholars-to-discuss-authoritarian-drive-in-turkey\\\/#breadcrumb\"},\"inLanguage\":\"en-CA\",\"potentialAction\":[{\"@type\":\"ReadAction\",\"target\":[\"https:\\\/\\\/www.yorku.ca\\\/yfile\\\/2020\\\/03\\\/10\\\/workshop-brings-together-scholars-to-discuss-authoritarian-drive-in-turkey\\\/\"]}]},{\"@type\":\"ImageObject\",\"inLanguage\":\"en-CA\",\"@id\":\"https:\\\/\\\/www.yorku.ca\\\/yfile\\\/2020\\\/03\\\/10\\\/workshop-brings-together-scholars-to-discuss-authoritarian-drive-in-turkey\\\/#primaryimage\",\"url\":\"https:\\\/\\\/www.yorku.ca\\\/yfile\\\/wp-content\\\/uploads\\\/sites\\\/889\\\/2020\\\/03\\\/Turkeys-Financialized-Capitalism-FEATURED.jpg\",\"contentUrl\":\"https:\\\/\\\/www.yorku.ca\\\/yfile\\\/wp-content\\\/uploads\\\/sites\\\/889\\\/2020\\\/03\\\/Turkeys-Financialized-Capitalism-FEATURED.jpg\",\"width\":880,\"height\":290,\"caption\":\"Turkey\u2019s Financialized Capitalism\"},{\"@type\":\"BreadcrumbList\",\"@id\":\"https:\\\/\\\/www.yorku.ca\\\/yfile\\\/2020\\\/03\\\/10\\\/workshop-brings-together-scholars-to-discuss-authoritarian-drive-in-turkey\\\/#breadcrumb\",\"itemListElement\":[{\"@type\":\"ListItem\",\"position\":1,\"name\":\"Home\",\"item\":\"https:\\\/\\\/www.yorku.ca\\\/yfile\\\/\"},{\"@type\":\"ListItem\",\"position\":2,\"name\":\"POSTPONED: Workshop brings together scholars to discuss authoritarian drive in Turkey\"}]},{\"@type\":\"WebSite\",\"@id\":\"https:\\\/\\\/www.yorku.ca\\\/yfile\\\/#website\",\"url\":\"https:\\\/\\\/www.yorku.ca\\\/yfile\\\/\",\"name\":\"YFile\",\"description\":\"\",\"potentialAction\":[{\"@type\":\"SearchAction\",\"target\":{\"@type\":\"EntryPoint\",\"urlTemplate\":\"https:\\\/\\\/www.yorku.ca\\\/yfile\\\/?s={search_term_string}\"},\"query-input\":{\"@type\":\"PropertyValueSpecification\",\"valueRequired\":true,\"valueName\":\"search_term_string\"}}],\"inLanguage\":\"en-CA\"},{\"@type\":\"Person\",\"@id\":\"https:\\\/\\\/www.yorku.ca\\\/yfile\\\/#\\\/schema\\\/person\\\/21f3dffe794363be5ece4ec7f538a0c0\",\"name\":\"phalfert\",\"image\":{\"@type\":\"ImageObject\",\"inLanguage\":\"en-CA\",\"@id\":\"https:\\\/\\\/secure.gravatar.com\\\/avatar\\\/9e3ac8a4ede7f72dd695c074c5291e11739705deae1422de177298d5aad6d559?s=96&d=mm&r=g\",\"url\":\"https:\\\/\\\/secure.gravatar.com\\\/avatar\\\/9e3ac8a4ede7f72dd695c074c5291e11739705deae1422de177298d5aad6d559?s=96&d=mm&r=g\",\"contentUrl\":\"https:\\\/\\\/secure.gravatar.com\\\/avatar\\\/9e3ac8a4ede7f72dd695c074c5291e11739705deae1422de177298d5aad6d559?s=96&d=mm&r=g\",\"caption\":\"phalfert\"},\"url\":\"https:\\\/\\\/www.yorku.ca\\\/yfile\\\/author\\\/phalfert\\\/\"}]}<\/script>\n<!-- \/ Yoast SEO plugin. -->","yoast_head_json":{"title":"POSTPONED: Workshop brings together scholars to discuss authoritarian drive in Turkey - YFile","robots":{"index":"index","follow":"follow","max-snippet":"max-snippet:-1","max-image-preview":"max-image-preview:large","max-video-preview":"max-video-preview:-1"},"canonical":"https:\/\/www.yorku.ca\/yfile\/2020\/03\/10\/workshop-brings-together-scholars-to-discuss-authoritarian-drive-in-turkey\/","og_locale":"en_US","og_type":"article","og_title":"POSTPONED: Workshop brings together scholars to discuss authoritarian drive in Turkey - YFile","og_description":"A one-day workshop that brings together Turkish scholars to engage in a critical and in-depth discussion on the current authoritarian drive in Turkey will take place March 19 at York University's Keele Campus.","og_url":"https:\/\/www.yorku.ca\/yfile\/2020\/03\/10\/workshop-brings-together-scholars-to-discuss-authoritarian-drive-in-turkey\/","og_site_name":"YFile","article_published_time":"2020-03-10T20:23:13+00:00","article_modified_time":"2025-04-03T15:19:14+00:00","og_image":[{"width":880,"height":290,"url":"https:\/\/www.yorku.ca\/yfile\/wp-content\/uploads\/sites\/889\/2020\/03\/Turkeys-Financialized-Capitalism-FEATURED.jpg","type":"image\/jpeg"}],"author":"phalfert","twitter_card":"summary_large_image","twitter_misc":{"Written by":"phalfert","Est. reading time":"2 minutes"},"schema":{"@context":"https:\/\/schema.org","@graph":[{"@type":"Article","@id":"https:\/\/www.yorku.ca\/yfile\/2020\/03\/10\/workshop-brings-together-scholars-to-discuss-authoritarian-drive-in-turkey\/#article","isPartOf":{"@id":"https:\/\/www.yorku.ca\/yfile\/2020\/03\/10\/workshop-brings-together-scholars-to-discuss-authoritarian-drive-in-turkey\/"},"author":{"name":"phalfert","@id":"https:\/\/www.yorku.ca\/yfile\/#\/schema\/person\/21f3dffe794363be5ece4ec7f538a0c0"},"headline":"POSTPONED: Workshop brings together scholars to discuss authoritarian drive in Turkey","datePublished":"2020-03-10T20:23:13+00:00","dateModified":"2025-04-03T15:19:14+00:00","mainEntityOfPage":{"@id":"https:\/\/www.yorku.ca\/yfile\/2020\/03\/10\/workshop-brings-together-scholars-to-discuss-authoritarian-drive-in-turkey\/"},"wordCount":504,"image":{"@id":"https:\/\/www.yorku.ca\/yfile\/2020\/03\/10\/workshop-brings-together-scholars-to-discuss-authoritarian-drive-in-turkey\/#primaryimage"},"thumbnailUrl":"https:\/\/www.yorku.ca\/yfile\/wp-content\/uploads\/sites\/889\/2020\/03\/Turkeys-Financialized-Capitalism-FEATURED.jpg","articleSection":["Latest News"],"inLanguage":"en-CA","copyrightYear":"2020","copyrightHolder":{"@id":"https:\/\/www.yorku.ca\/yfile\/#organization"}},{"@type":"WebPage","@id":"https:\/\/www.yorku.ca\/yfile\/2020\/03\/10\/workshop-brings-together-scholars-to-discuss-authoritarian-drive-in-turkey\/","url":"https:\/\/www.yorku.ca\/yfile\/2020\/03\/10\/workshop-brings-together-scholars-to-discuss-authoritarian-drive-in-turkey\/","name":"POSTPONED: Workshop brings together scholars to discuss authoritarian drive in Turkey - YFile","isPartOf":{"@id":"https:\/\/www.yorku.ca\/yfile\/#website"},"primaryImageOfPage":{"@id":"https:\/\/www.yorku.ca\/yfile\/2020\/03\/10\/workshop-brings-together-scholars-to-discuss-authoritarian-drive-in-turkey\/#primaryimage"},"image":{"@id":"https:\/\/www.yorku.ca\/yfile\/2020\/03\/10\/workshop-brings-together-scholars-to-discuss-authoritarian-drive-in-turkey\/#primaryimage"},"thumbnailUrl":"https:\/\/www.yorku.ca\/yfile\/wp-content\/uploads\/sites\/889\/2020\/03\/Turkeys-Financialized-Capitalism-FEATURED.jpg","datePublished":"2020-03-10T20:23:13+00:00","dateModified":"2025-04-03T15:19:14+00:00","author":{"@id":"https:\/\/www.yorku.ca\/yfile\/#\/schema\/person\/21f3dffe794363be5ece4ec7f538a0c0"},"breadcrumb":{"@id":"https:\/\/www.yorku.ca\/yfile\/2020\/03\/10\/workshop-brings-together-scholars-to-discuss-authoritarian-drive-in-turkey\/#breadcrumb"},"inLanguage":"en-CA","potentialAction":[{"@type":"ReadAction","target":["https:\/\/www.yorku.ca\/yfile\/2020\/03\/10\/workshop-brings-together-scholars-to-discuss-authoritarian-drive-in-turkey\/"]}]},{"@type":"ImageObject","inLanguage":"en-CA","@id":"https:\/\/www.yorku.ca\/yfile\/2020\/03\/10\/workshop-brings-together-scholars-to-discuss-authoritarian-drive-in-turkey\/#primaryimage","url":"https:\/\/www.yorku.ca\/yfile\/wp-content\/uploads\/sites\/889\/2020\/03\/Turkeys-Financialized-Capitalism-FEATURED.jpg","contentUrl":"https:\/\/www.yorku.ca\/yfile\/wp-content\/uploads\/sites\/889\/2020\/03\/Turkeys-Financialized-Capitalism-FEATURED.jpg","width":880,"height":290,"caption":"Turkey\u2019s Financialized Capitalism"},{"@type":"BreadcrumbList","@id":"https:\/\/www.yorku.ca\/yfile\/2020\/03\/10\/workshop-brings-together-scholars-to-discuss-authoritarian-drive-in-turkey\/#breadcrumb","itemListElement":[{"@type":"ListItem","position":1,"name":"Home","item":"https:\/\/www.yorku.ca\/yfile\/"},{"@type":"ListItem","position":2,"name":"POSTPONED: Workshop brings together scholars to discuss authoritarian drive in Turkey"}]},{"@type":"WebSite","@id":"https:\/\/www.yorku.ca\/yfile\/#website","url":"https:\/\/www.yorku.ca\/yfile\/","name":"YFile","description":"","potentialAction":[{"@type":"SearchAction","target":{"@type":"EntryPoint","urlTemplate":"https:\/\/www.yorku.ca\/yfile\/?s={search_term_string}"},"query-input":{"@type":"PropertyValueSpecification","valueRequired":true,"valueName":"search_term_string"}}],"inLanguage":"en-CA"},{"@type":"Person","@id":"https:\/\/www.yorku.ca\/yfile\/#\/schema\/person\/21f3dffe794363be5ece4ec7f538a0c0","name":"phalfert","image":{"@type":"ImageObject","inLanguage":"en-CA","@id":"https:\/\/secure.gravatar.com\/avatar\/9e3ac8a4ede7f72dd695c074c5291e11739705deae1422de177298d5aad6d559?s=96&d=mm&r=g","url":"https:\/\/secure.gravatar.com\/avatar\/9e3ac8a4ede7f72dd695c074c5291e11739705deae1422de177298d5aad6d559?s=96&d=mm&r=g","contentUrl":"https:\/\/secure.gravatar.com\/avatar\/9e3ac8a4ede7f72dd695c074c5291e11739705deae1422de177298d5aad6d559?s=96&d=mm&r=g","caption":"phalfert"},"url":"https:\/\/www.yorku.ca\/yfile\/author\/phalfert\/"}]}},"taxonomy_info":{"category":[{"value":11,"label":"Latest News"}],"yfileauthor":[{"value":204,"label":"YFile Staff"}],"tags-to-show":[{"value":150,"label":"LAPS"}]},"featured_image_src_large":["https:\/\/www.yorku.ca\/yfile\/wp-content\/uploads\/sites\/889\/2020\/03\/Turkeys-Financialized-Capitalism-FEATURED.jpg",880,290,false],"author_info":{"display_name":"phalfert","author_link":"https:\/\/www.yorku.ca\/yfile\/author\/phalfert\/"},"comment_info":0,"category_info":[{"term_id":11,"name":"Latest News","slug":"latest-news","term_group":0,"term_taxonomy_id":11,"taxonomy":"category","description":"","parent":0,"count":12677,"filter":"raw","cat_ID":11,"category_count":12677,"category_description":"","cat_name":"Latest News","category_nicename":"latest-news","category_parent":0}],"tag_info":false,"_links":{"self":[{"href":"https:\/\/www.yorku.ca\/yfile\/wp-json\/wp\/v2\/posts\/273339","targetHints":{"allow":["GET"]}}],"collection":[{"href":"https:\/\/www.yorku.ca\/yfile\/wp-json\/wp\/v2\/posts"}],"about":[{"href":"https:\/\/www.yorku.ca\/yfile\/wp-json\/wp\/v2\/types\/post"}],"author":[{"embeddable":true,"href":"https:\/\/www.yorku.ca\/yfile\/wp-json\/wp\/v2\/users\/5"}],"replies":[{"embeddable":true,"href":"https:\/\/www.yorku.ca\/yfile\/wp-json\/wp\/v2\/comments?post=273339"}],"version-history":[{"count":1,"href":"https:\/\/www.yorku.ca\/yfile\/wp-json\/wp\/v2\/posts\/273339\/revisions"}],"predecessor-version":[{"id":367488,"href":"https:\/\/www.yorku.ca\/yfile\/wp-json\/wp\/v2\/posts\/273339\/revisions\/367488"}],"wp:featuredmedia":[{"embeddable":true,"href":"https:\/\/www.yorku.ca\/yfile\/wp-json\/wp\/v2\/media\/273348"}],"wp:attachment":[{"href":"https:\/\/www.yorku.ca\/yfile\/wp-json\/wp\/v2\/media?parent=273339"}],"wp:term":[{"taxonomy":"category","embeddable":true,"href":"https:\/\/www.yorku.ca\/yfile\/wp-json\/wp\/v2\/categories?post=273339"},{"taxonomy":"post_tag","embeddable":true,"href":"https:\/\/www.yorku.ca\/yfile\/wp-json\/wp\/v2\/tags?post=273339"},{"taxonomy":"yfileauthor","embeddable":true,"href":"https:\/\/www.yorku.ca\/yfile\/wp-json\/wp\/v2\/yfileauthor?post=273339"},{"taxonomy":"qualifier","embeddable":true,"href":"https:\/\/www.yorku.ca\/yfile\/wp-json\/wp\/v2\/qualifier?post=273339"},{"taxonomy":"yfile-author","embeddable":true,"href":"https:\/\/www.yorku.ca\/yfile\/wp-json\/wp\/v2\/yfile-author?post=273339"},{"taxonomy":"tags-to-show","embeddable":true,"href":"https:\/\/www.yorku.ca\/yfile\/wp-json\/wp\/v2\/tags-to-show?post=273339"},{"taxonomy":"workflow","embeddable":true,"href":"https:\/\/www.yorku.ca\/yfile\/wp-json\/wp\/v2\/workflow?post=273339"}],"curies":[{"name":"wp","href":"https:\/\/api.w.org\/{rel}","templated":true}]}}