{"id":281087,"date":"2020-10-18T14:23:48","date_gmt":"2020-10-18T18:23:48","guid":{"rendered":"https:\/\/yfiledev.uit.yorku.ca\/?p=281087"},"modified":"2025-04-03T11:14:23","modified_gmt":"2025-04-03T15:14:23","slug":"red-white-day-goes-virtual","status":"publish","type":"post","link":"https:\/\/www.yorku.ca\/yfile\/2020\/10\/18\/red-white-day-goes-virtual\/","title":{"rendered":"Red &#038; White Day Goes Virtual!"},"content":{"rendered":"<div id=\"attachment_268706\" style=\"width: 890px\" class=\"wp-caption aligncenter\"><img loading=\"lazy\" decoding=\"async\" aria-describedby=\"caption-attachment-268706\" class=\"size-full wp-image-268706\" src=\"https:\/\/yfile.news.yorku.ca\/files\/2019\/10\/FEATURED_RedandWhiteDay.jpg\" alt=\"Red and White day featured image\" width=\"880\" height=\"290\" srcset=\"https:\/\/www.yorku.ca\/yfile\/wp-content\/uploads\/sites\/889\/2019\/10\/FEATURED_RedandWhiteDay.jpg 880w, https:\/\/www.yorku.ca\/yfile\/wp-content\/uploads\/sites\/889\/2019\/10\/FEATURED_RedandWhiteDay-400x132.jpg 400w\" sizes=\"auto, (max-width: 880px) 100vw, 880px\" \/><p id=\"caption-attachment-268706\" class=\"wp-caption-text\">Red and White Day is Oct. 29<\/p><\/div>\n<p><em>President and Vice-Chancellor Rhonda L. Lenton issues the following invitation to faculty, staff and students:<\/em><\/p>\n<p>La version fran\u00e7aise suit la version anglaise.<\/p>\n<p>I am delighted to invite you to York\u2019s first-ever virtual Red &amp; White Day on <strong>Thursday, Oct. 29<\/strong>.<\/p>\n<p>Red &amp; White Day has always been an opportunity to come together as students, staff, faculty and alumni to celebrate our community and showcase our spirit, and this year will be no different. Though we may not be together physically, this Red &amp; White Day will be special in many ways.<\/p>\n<p>Many of you have likely faced additional challenges and responsibilities as a result of the COVID-19 pandemic. On Red &amp; White Day, we have a chance to recognize the resilience and dedication demonstrated by the York community over the last several months. We have supported one another and our loved ones, while continuing to pursue excellence in our academic, professional and personal pursuits.<\/p>\n<p>We encourage you to participate in activities and virtual events \u2013 like an Alumni Breakfast or <a href=\"https:\/\/bookstore.yorku.ca\/\">York University Bookstore<\/a> sale and contests \u2013 to make new connections and just enjoy a few moments of fun amidst the bustle of the fall semester. Keep an eye on <a href=\"https:\/\/redandwhite.info.yorku.ca\/\">the Red &amp; White Day website<\/a> for the latest updates.<\/p>\n<p>Of course, don\u2019t forget to wear red and white, or your York gear for your Zoom lectures and meetings.<\/p>\n<p>I look forward to celebrating our #YUPride together.<\/p>\n<p>Sincerely,<\/p>\n<p><strong>Rhonda L. Lenton<\/strong><br \/>\n<strong>President and Vice-Chancellor<\/strong><\/p>\n<hr \/>\n<h2>Le jour Rouge et blanc devient virtuel!<\/h2>\n<p>Je suis ravie de vous inviter \u00e0 la toute premi\u00e8re \u00e9dition virtuelle du jour Rouge et blanc de York le <strong>jeudi 29 octobre<\/strong>.<\/p>\n<p>Le jour Rouge et blanc a toujours \u00e9t\u00e9 une chance de r\u00e9unir les membres du corps \u00e9tudiant, du personnel et du corps professoral et les dipl\u00f4m\u00e9s et dipl\u00f4m\u00e9es pour c\u00e9l\u00e9brer notre communaut\u00e9 et afficher notre fiert\u00e9. Cette ann\u00e9e ne fera pas exception. M\u00eame si nous ne serons pas ensemble physiquement, le jour Rouge et blanche sera sp\u00e9cial \u00e0 bien des \u00e9gards.<\/p>\n<p>Beaucoup d'entre vous ont probablement d\u00fb faire face \u00e0 des d\u00e9fis et des responsabilit\u00e9s suppl\u00e9mentaires en raison de la pand\u00e9mie de la COVID-19. Le jour Rouge et blanc nous donne l\u2019occasion de reconna\u00eetre la r\u00e9silience et le d\u00e9vouement dont la communaut\u00e9 de York a fait preuve au cours des derniers mois. Nous nous sommes entraid\u00e9s et nous avons soutenu nos proches tout en continuant \u00e0 viser l'excellence dans nos \u00e9tudes, nos activit\u00e9s professionnelles et personnelles.<\/p>\n<p>Je vous encourage \u00e0 participer aux activit\u00e9s et \u00e9v\u00e9nements virtuels - comme le d\u00e9jeuner des dipl\u00f4m\u00e9s ou les <a href=\"https:\/\/bookstore.yorku.ca\/\">aubaines et concours de la librairie de l\u2019Universit\u00e9 York<\/a> - pour rencontrer de nouvelles personnes ou tout simplement pour vous distraire pendant un moment durant la fr\u00e9n\u00e9sie du trimestre d\u2019automne. Surveillez le <a href=\"https:\/\/redandwhite.info.yorku.ca\/\">site Web du jour Rouge et blanc<\/a> pour les derni\u00e8res nouvelles.<\/p>\n<p>Et bien \u00e9videmment, n'oubliez pas de porter du rouge et du blanc, ou des v\u00eatements aux couleurs de York pour vos conf\u00e9rences et r\u00e9unions Zoom.<\/p>\n<p>J\u2019ai h\u00e2te de c\u00e9l\u00e9brer ensemble notre fiert\u00e9 pour notre universit\u00e9.<\/p>\n<p>Veuillez agr\u00e9er mes sinc\u00e8res salutations,<\/p>\n<p><strong>Rhonda L. Lenton<\/strong><br \/>\n<strong>Pr\u00e9sidente et vice-chanceli\u00e8re<\/strong><\/p>\n<p>&nbsp;<\/p>\n","protected":false},"excerpt":{"rendered":"<p>York University's first-ever virtual Red &#038; White Day will take place on Thursday, Oct. 29. Students, faculty and staff are encouraged to wear their red and white or York gear for Zoom lectures and meetings.<\/p>\n","protected":false},"author":5,"featured_media":268706,"comment_status":"closed","ping_status":"closed","sticky":false,"template":"","format":"standard","meta":{"_acf_changed":false,"_kad_blocks_custom_css":"","_kad_blocks_head_custom_js":"","_kad_blocks_body_custom_js":"","_kad_blocks_footer_custom_js":"","footnotes":""},"categories":[1],"tags":[],"yfileauthor":[204],"qualifier":[],"yfile-author":[],"tags-to-show":[146],"workflow":[],"class_list":["post-281087","post","type-post","status-publish","format-standard","has-post-thumbnail","hentry","category-uncategorized","yfileauthor-yfilestaff","tags-to-show-students"],"acf":{"internal_publish_date":null,"original_image":null},"yoast_head":"<!-- This site is optimized with the Yoast SEO plugin v27.4 - https:\/\/yoast.com\/product\/yoast-seo-wordpress\/ -->\n<title>Red &amp; White Day Goes Virtual! - YFile<\/title>\n<meta name=\"robots\" content=\"index, follow, max-snippet:-1, max-image-preview:large, max-video-preview:-1\" \/>\n<link rel=\"canonical\" href=\"https:\/\/www.yorku.ca\/yfile\/2020\/10\/18\/red-white-day-goes-virtual\/\" \/>\n<meta property=\"og:locale\" content=\"en_US\" \/>\n<meta property=\"og:type\" content=\"article\" \/>\n<meta property=\"og:title\" content=\"Red &amp; White Day Goes Virtual! - YFile\" \/>\n<meta property=\"og:description\" content=\"York University&#039;s first-ever virtual Red &amp; White Day will take place on Thursday, Oct. 29. Students, faculty and staff are encouraged to wear their red and white or York gear for Zoom lectures and meetings.\" \/>\n<meta property=\"og:url\" content=\"https:\/\/www.yorku.ca\/yfile\/2020\/10\/18\/red-white-day-goes-virtual\/\" \/>\n<meta property=\"og:site_name\" content=\"YFile\" \/>\n<meta property=\"article:published_time\" content=\"2020-10-18T18:23:48+00:00\" \/>\n<meta property=\"article:modified_time\" content=\"2025-04-03T15:14:23+00:00\" \/>\n<meta property=\"og:image\" content=\"https:\/\/www.yorku.ca\/yfile\/wp-content\/uploads\/sites\/889\/2019\/10\/FEATURED_RedandWhiteDay.jpg\" \/>\n\t<meta property=\"og:image:width\" content=\"880\" \/>\n\t<meta property=\"og:image:height\" content=\"290\" \/>\n\t<meta property=\"og:image:type\" content=\"image\/jpeg\" \/>\n<meta name=\"author\" content=\"phalfert\" \/>\n<meta name=\"twitter:card\" content=\"summary_large_image\" \/>\n<meta name=\"twitter:label1\" content=\"Written by\" \/>\n\t<meta name=\"twitter:data1\" content=\"phalfert\" \/>\n\t<meta name=\"twitter:label2\" content=\"Est. reading time\" \/>\n\t<meta name=\"twitter:data2\" content=\"3 minutes\" \/>\n<script type=\"application\/ld+json\" class=\"yoast-schema-graph\">{\"@context\":\"https:\\\/\\\/schema.org\",\"@graph\":[{\"@type\":\"Article\",\"@id\":\"https:\\\/\\\/www.yorku.ca\\\/yfile\\\/2020\\\/10\\\/18\\\/red-white-day-goes-virtual\\\/#article\",\"isPartOf\":{\"@id\":\"https:\\\/\\\/www.yorku.ca\\\/yfile\\\/2020\\\/10\\\/18\\\/red-white-day-goes-virtual\\\/\"},\"author\":{\"name\":\"phalfert\",\"@id\":\"https:\\\/\\\/www.yorku.ca\\\/yfile\\\/#\\\/schema\\\/person\\\/21f3dffe794363be5ece4ec7f538a0c0\"},\"headline\":\"Red &#038; White Day Goes Virtual!\",\"datePublished\":\"2020-10-18T18:23:48+00:00\",\"dateModified\":\"2025-04-03T15:14:23+00:00\",\"mainEntityOfPage\":{\"@id\":\"https:\\\/\\\/www.yorku.ca\\\/yfile\\\/2020\\\/10\\\/18\\\/red-white-day-goes-virtual\\\/\"},\"wordCount\":575,\"image\":{\"@id\":\"https:\\\/\\\/www.yorku.ca\\\/yfile\\\/2020\\\/10\\\/18\\\/red-white-day-goes-virtual\\\/#primaryimage\"},\"thumbnailUrl\":\"https:\\\/\\\/www.yorku.ca\\\/yfile\\\/wp-content\\\/uploads\\\/sites\\\/889\\\/2019\\\/10\\\/FEATURED_RedandWhiteDay.jpg\",\"inLanguage\":\"en-CA\",\"copyrightYear\":\"2020\",\"copyrightHolder\":{\"@id\":\"https:\\\/\\\/www.yorku.ca\\\/yfile\\\/#organization\"}},{\"@type\":\"WebPage\",\"@id\":\"https:\\\/\\\/www.yorku.ca\\\/yfile\\\/2020\\\/10\\\/18\\\/red-white-day-goes-virtual\\\/\",\"url\":\"https:\\\/\\\/www.yorku.ca\\\/yfile\\\/2020\\\/10\\\/18\\\/red-white-day-goes-virtual\\\/\",\"name\":\"Red & White Day Goes Virtual! - YFile\",\"isPartOf\":{\"@id\":\"https:\\\/\\\/www.yorku.ca\\\/yfile\\\/#website\"},\"primaryImageOfPage\":{\"@id\":\"https:\\\/\\\/www.yorku.ca\\\/yfile\\\/2020\\\/10\\\/18\\\/red-white-day-goes-virtual\\\/#primaryimage\"},\"image\":{\"@id\":\"https:\\\/\\\/www.yorku.ca\\\/yfile\\\/2020\\\/10\\\/18\\\/red-white-day-goes-virtual\\\/#primaryimage\"},\"thumbnailUrl\":\"https:\\\/\\\/www.yorku.ca\\\/yfile\\\/wp-content\\\/uploads\\\/sites\\\/889\\\/2019\\\/10\\\/FEATURED_RedandWhiteDay.jpg\",\"datePublished\":\"2020-10-18T18:23:48+00:00\",\"dateModified\":\"2025-04-03T15:14:23+00:00\",\"author\":{\"@id\":\"https:\\\/\\\/www.yorku.ca\\\/yfile\\\/#\\\/schema\\\/person\\\/21f3dffe794363be5ece4ec7f538a0c0\"},\"breadcrumb\":{\"@id\":\"https:\\\/\\\/www.yorku.ca\\\/yfile\\\/2020\\\/10\\\/18\\\/red-white-day-goes-virtual\\\/#breadcrumb\"},\"inLanguage\":\"en-CA\",\"potentialAction\":[{\"@type\":\"ReadAction\",\"target\":[\"https:\\\/\\\/www.yorku.ca\\\/yfile\\\/2020\\\/10\\\/18\\\/red-white-day-goes-virtual\\\/\"]}]},{\"@type\":\"ImageObject\",\"inLanguage\":\"en-CA\",\"@id\":\"https:\\\/\\\/www.yorku.ca\\\/yfile\\\/2020\\\/10\\\/18\\\/red-white-day-goes-virtual\\\/#primaryimage\",\"url\":\"https:\\\/\\\/www.yorku.ca\\\/yfile\\\/wp-content\\\/uploads\\\/sites\\\/889\\\/2019\\\/10\\\/FEATURED_RedandWhiteDay.jpg\",\"contentUrl\":\"https:\\\/\\\/www.yorku.ca\\\/yfile\\\/wp-content\\\/uploads\\\/sites\\\/889\\\/2019\\\/10\\\/FEATURED_RedandWhiteDay.jpg\",\"width\":880,\"height\":290,\"caption\":\"Red and White Day is Oct. 29\"},{\"@type\":\"BreadcrumbList\",\"@id\":\"https:\\\/\\\/www.yorku.ca\\\/yfile\\\/2020\\\/10\\\/18\\\/red-white-day-goes-virtual\\\/#breadcrumb\",\"itemListElement\":[{\"@type\":\"ListItem\",\"position\":1,\"name\":\"Home\",\"item\":\"https:\\\/\\\/www.yorku.ca\\\/yfile\\\/\"},{\"@type\":\"ListItem\",\"position\":2,\"name\":\"Red &#038; White Day Goes Virtual!\"}]},{\"@type\":\"WebSite\",\"@id\":\"https:\\\/\\\/www.yorku.ca\\\/yfile\\\/#website\",\"url\":\"https:\\\/\\\/www.yorku.ca\\\/yfile\\\/\",\"name\":\"YFile\",\"description\":\"\",\"potentialAction\":[{\"@type\":\"SearchAction\",\"target\":{\"@type\":\"EntryPoint\",\"urlTemplate\":\"https:\\\/\\\/www.yorku.ca\\\/yfile\\\/?s={search_term_string}\"},\"query-input\":{\"@type\":\"PropertyValueSpecification\",\"valueRequired\":true,\"valueName\":\"search_term_string\"}}],\"inLanguage\":\"en-CA\"},{\"@type\":\"Person\",\"@id\":\"https:\\\/\\\/www.yorku.ca\\\/yfile\\\/#\\\/schema\\\/person\\\/21f3dffe794363be5ece4ec7f538a0c0\",\"name\":\"phalfert\",\"image\":{\"@type\":\"ImageObject\",\"inLanguage\":\"en-CA\",\"@id\":\"https:\\\/\\\/secure.gravatar.com\\\/avatar\\\/9e3ac8a4ede7f72dd695c074c5291e11739705deae1422de177298d5aad6d559?s=96&d=mm&r=g\",\"url\":\"https:\\\/\\\/secure.gravatar.com\\\/avatar\\\/9e3ac8a4ede7f72dd695c074c5291e11739705deae1422de177298d5aad6d559?s=96&d=mm&r=g\",\"contentUrl\":\"https:\\\/\\\/secure.gravatar.com\\\/avatar\\\/9e3ac8a4ede7f72dd695c074c5291e11739705deae1422de177298d5aad6d559?s=96&d=mm&r=g\",\"caption\":\"phalfert\"},\"url\":\"https:\\\/\\\/www.yorku.ca\\\/yfile\\\/author\\\/phalfert\\\/\"}]}<\/script>\n<!-- \/ Yoast SEO plugin. -->","yoast_head_json":{"title":"Red & White Day Goes Virtual! - YFile","robots":{"index":"index","follow":"follow","max-snippet":"max-snippet:-1","max-image-preview":"max-image-preview:large","max-video-preview":"max-video-preview:-1"},"canonical":"https:\/\/www.yorku.ca\/yfile\/2020\/10\/18\/red-white-day-goes-virtual\/","og_locale":"en_US","og_type":"article","og_title":"Red & White Day Goes Virtual! - YFile","og_description":"York University's first-ever virtual Red & White Day will take place on Thursday, Oct. 29. Students, faculty and staff are encouraged to wear their red and white or York gear for Zoom lectures and meetings.","og_url":"https:\/\/www.yorku.ca\/yfile\/2020\/10\/18\/red-white-day-goes-virtual\/","og_site_name":"YFile","article_published_time":"2020-10-18T18:23:48+00:00","article_modified_time":"2025-04-03T15:14:23+00:00","og_image":[{"width":880,"height":290,"url":"https:\/\/www.yorku.ca\/yfile\/wp-content\/uploads\/sites\/889\/2019\/10\/FEATURED_RedandWhiteDay.jpg","type":"image\/jpeg"}],"author":"phalfert","twitter_card":"summary_large_image","twitter_misc":{"Written by":"phalfert","Est. reading time":"3 minutes"},"schema":{"@context":"https:\/\/schema.org","@graph":[{"@type":"Article","@id":"https:\/\/www.yorku.ca\/yfile\/2020\/10\/18\/red-white-day-goes-virtual\/#article","isPartOf":{"@id":"https:\/\/www.yorku.ca\/yfile\/2020\/10\/18\/red-white-day-goes-virtual\/"},"author":{"name":"phalfert","@id":"https:\/\/www.yorku.ca\/yfile\/#\/schema\/person\/21f3dffe794363be5ece4ec7f538a0c0"},"headline":"Red &#038; White Day Goes Virtual!","datePublished":"2020-10-18T18:23:48+00:00","dateModified":"2025-04-03T15:14:23+00:00","mainEntityOfPage":{"@id":"https:\/\/www.yorku.ca\/yfile\/2020\/10\/18\/red-white-day-goes-virtual\/"},"wordCount":575,"image":{"@id":"https:\/\/www.yorku.ca\/yfile\/2020\/10\/18\/red-white-day-goes-virtual\/#primaryimage"},"thumbnailUrl":"https:\/\/www.yorku.ca\/yfile\/wp-content\/uploads\/sites\/889\/2019\/10\/FEATURED_RedandWhiteDay.jpg","inLanguage":"en-CA","copyrightYear":"2020","copyrightHolder":{"@id":"https:\/\/www.yorku.ca\/yfile\/#organization"}},{"@type":"WebPage","@id":"https:\/\/www.yorku.ca\/yfile\/2020\/10\/18\/red-white-day-goes-virtual\/","url":"https:\/\/www.yorku.ca\/yfile\/2020\/10\/18\/red-white-day-goes-virtual\/","name":"Red & White Day Goes Virtual! - YFile","isPartOf":{"@id":"https:\/\/www.yorku.ca\/yfile\/#website"},"primaryImageOfPage":{"@id":"https:\/\/www.yorku.ca\/yfile\/2020\/10\/18\/red-white-day-goes-virtual\/#primaryimage"},"image":{"@id":"https:\/\/www.yorku.ca\/yfile\/2020\/10\/18\/red-white-day-goes-virtual\/#primaryimage"},"thumbnailUrl":"https:\/\/www.yorku.ca\/yfile\/wp-content\/uploads\/sites\/889\/2019\/10\/FEATURED_RedandWhiteDay.jpg","datePublished":"2020-10-18T18:23:48+00:00","dateModified":"2025-04-03T15:14:23+00:00","author":{"@id":"https:\/\/www.yorku.ca\/yfile\/#\/schema\/person\/21f3dffe794363be5ece4ec7f538a0c0"},"breadcrumb":{"@id":"https:\/\/www.yorku.ca\/yfile\/2020\/10\/18\/red-white-day-goes-virtual\/#breadcrumb"},"inLanguage":"en-CA","potentialAction":[{"@type":"ReadAction","target":["https:\/\/www.yorku.ca\/yfile\/2020\/10\/18\/red-white-day-goes-virtual\/"]}]},{"@type":"ImageObject","inLanguage":"en-CA","@id":"https:\/\/www.yorku.ca\/yfile\/2020\/10\/18\/red-white-day-goes-virtual\/#primaryimage","url":"https:\/\/www.yorku.ca\/yfile\/wp-content\/uploads\/sites\/889\/2019\/10\/FEATURED_RedandWhiteDay.jpg","contentUrl":"https:\/\/www.yorku.ca\/yfile\/wp-content\/uploads\/sites\/889\/2019\/10\/FEATURED_RedandWhiteDay.jpg","width":880,"height":290,"caption":"Red and White Day is Oct. 29"},{"@type":"BreadcrumbList","@id":"https:\/\/www.yorku.ca\/yfile\/2020\/10\/18\/red-white-day-goes-virtual\/#breadcrumb","itemListElement":[{"@type":"ListItem","position":1,"name":"Home","item":"https:\/\/www.yorku.ca\/yfile\/"},{"@type":"ListItem","position":2,"name":"Red &#038; White Day Goes Virtual!"}]},{"@type":"WebSite","@id":"https:\/\/www.yorku.ca\/yfile\/#website","url":"https:\/\/www.yorku.ca\/yfile\/","name":"YFile","description":"","potentialAction":[{"@type":"SearchAction","target":{"@type":"EntryPoint","urlTemplate":"https:\/\/www.yorku.ca\/yfile\/?s={search_term_string}"},"query-input":{"@type":"PropertyValueSpecification","valueRequired":true,"valueName":"search_term_string"}}],"inLanguage":"en-CA"},{"@type":"Person","@id":"https:\/\/www.yorku.ca\/yfile\/#\/schema\/person\/21f3dffe794363be5ece4ec7f538a0c0","name":"phalfert","image":{"@type":"ImageObject","inLanguage":"en-CA","@id":"https:\/\/secure.gravatar.com\/avatar\/9e3ac8a4ede7f72dd695c074c5291e11739705deae1422de177298d5aad6d559?s=96&d=mm&r=g","url":"https:\/\/secure.gravatar.com\/avatar\/9e3ac8a4ede7f72dd695c074c5291e11739705deae1422de177298d5aad6d559?s=96&d=mm&r=g","contentUrl":"https:\/\/secure.gravatar.com\/avatar\/9e3ac8a4ede7f72dd695c074c5291e11739705deae1422de177298d5aad6d559?s=96&d=mm&r=g","caption":"phalfert"},"url":"https:\/\/www.yorku.ca\/yfile\/author\/phalfert\/"}]}},"taxonomy_info":{"category":[{"value":1,"label":"Uncategorized"}],"yfileauthor":[{"value":204,"label":"YFile Staff"}],"tags-to-show":[{"value":146,"label":"Students"}]},"featured_image_src_large":["https:\/\/www.yorku.ca\/yfile\/wp-content\/uploads\/sites\/889\/2019\/10\/FEATURED_RedandWhiteDay.jpg",880,290,false],"author_info":{"display_name":"phalfert","author_link":"https:\/\/www.yorku.ca\/yfile\/author\/phalfert\/"},"comment_info":0,"category_info":[{"term_id":1,"name":"Uncategorized","slug":"uncategorized","term_group":0,"term_taxonomy_id":1,"taxonomy":"category","description":"","parent":0,"count":1810,"filter":"raw","cat_ID":1,"category_count":1810,"category_description":"","cat_name":"Uncategorized","category_nicename":"uncategorized","category_parent":0}],"tag_info":false,"_links":{"self":[{"href":"https:\/\/www.yorku.ca\/yfile\/wp-json\/wp\/v2\/posts\/281087","targetHints":{"allow":["GET"]}}],"collection":[{"href":"https:\/\/www.yorku.ca\/yfile\/wp-json\/wp\/v2\/posts"}],"about":[{"href":"https:\/\/www.yorku.ca\/yfile\/wp-json\/wp\/v2\/types\/post"}],"author":[{"embeddable":true,"href":"https:\/\/www.yorku.ca\/yfile\/wp-json\/wp\/v2\/users\/5"}],"replies":[{"embeddable":true,"href":"https:\/\/www.yorku.ca\/yfile\/wp-json\/wp\/v2\/comments?post=281087"}],"version-history":[{"count":1,"href":"https:\/\/www.yorku.ca\/yfile\/wp-json\/wp\/v2\/posts\/281087\/revisions"}],"predecessor-version":[{"id":388688,"href":"https:\/\/www.yorku.ca\/yfile\/wp-json\/wp\/v2\/posts\/281087\/revisions\/388688"}],"wp:featuredmedia":[{"embeddable":true,"href":"https:\/\/www.yorku.ca\/yfile\/wp-json\/wp\/v2\/media\/268706"}],"wp:attachment":[{"href":"https:\/\/www.yorku.ca\/yfile\/wp-json\/wp\/v2\/media?parent=281087"}],"wp:term":[{"taxonomy":"category","embeddable":true,"href":"https:\/\/www.yorku.ca\/yfile\/wp-json\/wp\/v2\/categories?post=281087"},{"taxonomy":"post_tag","embeddable":true,"href":"https:\/\/www.yorku.ca\/yfile\/wp-json\/wp\/v2\/tags?post=281087"},{"taxonomy":"yfileauthor","embeddable":true,"href":"https:\/\/www.yorku.ca\/yfile\/wp-json\/wp\/v2\/yfileauthor?post=281087"},{"taxonomy":"qualifier","embeddable":true,"href":"https:\/\/www.yorku.ca\/yfile\/wp-json\/wp\/v2\/qualifier?post=281087"},{"taxonomy":"yfile-author","embeddable":true,"href":"https:\/\/www.yorku.ca\/yfile\/wp-json\/wp\/v2\/yfile-author?post=281087"},{"taxonomy":"tags-to-show","embeddable":true,"href":"https:\/\/www.yorku.ca\/yfile\/wp-json\/wp\/v2\/tags-to-show?post=281087"},{"taxonomy":"workflow","embeddable":true,"href":"https:\/\/www.yorku.ca\/yfile\/wp-json\/wp\/v2\/workflow?post=281087"}],"curies":[{"name":"wp","href":"https:\/\/api.w.org\/{rel}","templated":true}]}}