{"id":281212,"date":"2020-10-21T17:11:08","date_gmt":"2020-10-21T21:11:08","guid":{"rendered":"https:\/\/yfiledev.uit.yorku.ca\/?p=281212"},"modified":"2025-04-03T11:14:20","modified_gmt":"2025-04-03T15:14:20","slug":"presidents-message-please-wear-your-mask-or-face-covering","status":"publish","type":"post","link":"https:\/\/www.yorku.ca\/yfile\/2020\/10\/21\/presidents-message-please-wear-your-mask-or-face-covering\/","title":{"rendered":"President's message: Please wear your mask or face covering"},"content":{"rendered":"<p><em>The following is a message to all University community members from York President and Vice-Chancellor Rhonda L. Lenton:<\/em><\/p>\n<p>La version fran\u00e7aise suit la version anglaise.<\/p>\n<p><strong>Dear York Community<\/strong>,<\/p>\n<p>I am writing to provide you with an update on the University\u2019s mask or face covering protocol, which has recently been revised to align with newly introduced provincial requirements. COVID-19 and the ongoing need to wear masks or face coverings continues to evolve and we will keep the York community informed as new updates are introduced through the applicable government bodies.<\/p>\n<p>Effective immediately, anyone entering an indoor space on any York University property, including all campuses, work sites and satellite offices, must wear a mask or face covering that covers their mouth, nose and chin completely. If you are on campus, please continue to practise physical distancing and try to stay two metres apart from others. Masks are now required in indoor public spaces regardless of current physical distancing guidelines.<\/p>\n<p>Please wear your mask or face covering when entering a building and for the entire duration of your stay, unless an exemption applies. Indoor spaces at York include, but are not limited to, classrooms, administrative buildings, offices, meeting rooms and common areas in all residences, washrooms, hallways and elevators.<\/p>\n<p>Signs are posted at the entrances to all buildings to remind community members to wear their mask or face covering while indoors. Wearing a mask or face covering is for everyone\u2019s safety and well-being. When I wear a mask or face covering, I am protecting you, and when you wear a mask or face covering, you are protecting me.<\/p>\n<p>Thus far, the York community has come together admirably with most adhering to Public Health guidelines during these critical times. We would urge everyone to continue to be vigilant in doing so, particularly in light of the increasing COVID-19 cases locally and provincially.<\/p>\n<p>Community members may require accommodation for a medical condition or disability which precludes them from wearing a mask or face covering. We would ask that community members exercise discretion and patience should they observe a fellow community member not wearing a mask or face covering. Please reach out to your reporting manager or associate dean to help you address or direct your concerns.<\/p>\n<p>If you have any questions about face coverings or Personal Protective Equipment (PPE), you can discuss them with your reporting manager or associate dean or contact Health, Safety and Employee Well-Being (HSEWB) at hsewb@yorku.ca.<\/p>\n<p>Our continued diligence is the key to preventing the spread of COVID-19 and we thank you for your continued support in these efforts.<\/p>\n<p>York University will continue to revise and update you on its Mask and Face Covering Protocol as per the latest information from the government and other applicable regulators.<\/p>\n<p>Sincerely,<\/p>\n<p><strong>Rhonda L. Lenton <\/strong><br \/>\n<strong>President &amp; Vice-Chancellor<\/strong><\/p>\n<hr \/>\n<h2>SVP Portez un masque ou un couvre-visage<\/h2>\n<p><strong>Ch\u00e8re communaut\u00e9 de York<\/strong>,<\/p>\n<div class=\"x_x_x_x_x_x_x_x_x_x_x_x_MsoNormal\">\n<p class=\"x_x_x_x_MsoNormal\"><span lang=\"FR-CA\">Je vous \u00e9cris pour vous faire part d\u2019une mise \u00e0 jour de notre\u00a0<\/span><span lang=\"FR-CA\"><a href=\"https:\/\/yubettertogether.info.yorku.ca\/files\/2020\/10\/York-Universitys-Mask-or-Face-Covering-Protocol-FR.pdf\" target=\"_blank\" rel=\"noopener noreferrer\" data-auth=\"NotApplicable\">protocole sur les masques et les couvre-visages<\/a><\/span><span lang=\"FR-CA\"> \u00e0 la lumi\u00e8re des nouvelles exigences provinciales. La COVID-19 et la n\u00e9cessit\u00e9 de porter un masque ou un couvre-visage continuent d\u2019\u00e9voluer et nous tiendrons la communaut\u00e9 de York inform\u00e9e des nouvelles mises \u00e0 jour introduites par les organismes gouvernementaux concern\u00e9s.<\/span><span lang=\"FR-CA\">\u00a0 \u00a0\u00a0<\/span><span lang=\"FR-CA\">\u00a0<\/span><\/p>\n<p class=\"x_x_x_x_MsoNormal\"><span lang=\"FR-CA\">\u00c0 compter d\u2019aujourd\u2019hui,<\/span><span lang=\"FR-CA\">\u00a0toute personne entrant dans un espace int\u00e9rieur sur une propri\u00e9t\u00e9 de l\u2019Universit\u00e9 York, y compris tous les campus, lieux de travail et bureaux satellites,\u00a0<\/span><span lang=\"FR-CA\">doit porter un masque ou un couvre-visage qui couvre compl\u00e8tement la bouche, le nez et le menton.<\/span><span lang=\"FR-CA\">\u00a0Si vous \u00eates sur le campus, veuillez continuer \u00e0 pratiquer l\u2019\u00e9loignement physique et \u00e0 rester \u00e0 deux m\u00e8tres des autres.<\/span><span lang=\"FR-CA\"> Le port du masque est d\u00e9sormais obligatoire dans les espaces publics int\u00e9rieurs, quelles que soient les directives en vigueur en mati\u00e8re de distanciation.<\/span><span lang=\"FR-CA\">\u00a0<\/span><\/p>\n<p class=\"x_x_x_x_MsoNormal\"><span lang=\"FR-CA\">Veuillez porter votre masque ou couvre-visage lorsque vous entrez dans un b\u00e2timent et pendant toute la dur\u00e9e de votre s\u00e9jour, sauf si une\u00a0<\/span><span lang=\"FR-CA\"><a href=\"https:\/\/yubettertogether.info.yorku.ca\/files\/2020\/10\/Mask-Face-Coverings-FAQs-French.pdf\" target=\"_blank\" rel=\"noopener noreferrer\" data-auth=\"NotApplicable\">d\u00e9rogation<\/a><\/span><span lang=\"FR-CA\"> s\u2019applique. Les espaces int\u00e9rieurs de York comprennent, sans s\u2019y limiter, les salles de classe, les b\u00e2timents administratifs, les bureaux, les salles de r\u00e9union et les zones communes de toutes les r\u00e9sidences, les toilettes, les couloirs et les ascenseurs.<\/span><span lang=\"FR-CA\">\u00a0<\/span><\/p>\n<p class=\"x_x_x_x_MsoNormal\"><span lang=\"FR-CA\">Des panneaux plac\u00e9s \u00e0 l\u2019entr\u00e9e de tous les b\u00e2timents rappellent la n\u00e9cessit\u00e9 de porter un masque ou un couvre-visage \u00e0 l\u2019int\u00e9rieur. Le port d\u2019un masque ou d\u2019un couvre-visage est une question de s\u00e9curit\u00e9 et de bien-\u00eatre pour nous tous. Lorsque je porte un masque ou un couvre-visage, je vous prot\u00e8ge, et lorsque vous en portez un, vous me prot\u00e9gez.<\/span> <span lang=\"FR-CA\">\u00a0<\/span><\/p>\n<p class=\"x_x_x_x_MsoNormal\"><span lang=\"FR-CA\">Jusqu\u2019\u00e0 pr\u00e9sent, la communaut\u00e9 de York s\u2019est admirablement concert\u00e9e, la plupart d\u2019entre nous respectant les directives de la Sant\u00e9 publique au cours de cette p\u00e9riode critique. Nous demandons \u00e0 chacun de continuer \u00e0 \u00eatre vigilant, surtout face \u00e0 l\u2019augmentation des cas de COVID-19 au niveau local et provincial.<\/span><span lang=\"FR-CA\">\u00a0<\/span><\/p>\n<p class=\"x_x_x_x_MsoNormal\"><span lang=\"FR-CA\">Des membres de notre communaut\u00e9 peuvent n\u00e9cessiter des mesures d\u2019adaptation en raison d\u2019un probl\u00e8me m\u00e9dical ou d\u2019un handicap qui les emp\u00eache de porter un masque ou un couvre-visage. Nous vous demandons de faire preuve de discr\u00e9tion et de patience si vous constatez qu\u2019un membre de la communaut\u00e9 ne porte pas de masque ou de couvre-visage. Veuillez vous adresser \u00e0 votre gestionnaire ou \u00e0 votre doyen associ\u00e9 pour vous aider \u00e0 traiter ou \u00e0 orienter vos pr\u00e9occupations.<\/span><span lang=\"FR-CA\">\u00a0<\/span><\/p>\n<p class=\"x_x_x_x_MsoNormal\"><span lang=\"FR-CA\">Si vous avez des questions sur le port d\u2019un masque ou d\u2019un \u00e9quipement de protection individuelle (EPI), vous pouvez en discuter avec votre gestionnaire ou doyen associ\u00e9 ou contacter le service<\/span><span lang=\"FR-CA\">Health, Safety and Employee Well-Being<\/span><span lang=\"FR-CA\">\u00a0(HSEWB) \u00e0\u00a0<\/span><span lang=\"FR-CA\"><a href=\"mailto:hsewb@yorku.ca\" target=\"_blank\" rel=\"noopener noreferrer\" data-auth=\"NotApplicable\">hsewb@yorku.ca<\/a><\/span><span lang=\"FR-CA\">.<\/span><span lang=\"FR-CA\">\u00a0<\/span><\/p>\n<p class=\"x_x_x_x_MsoNormal\"><span lang=\"FR-CA\">C\u2019est en faisant preuve de diligence que nous pr\u00e9viendrons la propagation de la COVID-19. Nous vous remercions pour votre soutien continu dans ces efforts.<\/span><\/p>\n<div class=\"x_x_x_x_MsoNormal\">\n<p class=\"x_x_x_x_MsoNormal\"><span lang=\"FR-CA\">L\u2019Universit\u00e9 York vous tiendra au courant des r\u00e9visions de son protocole sur les masques et couvre-visages \u00e0 la lumi\u00e8re des directives du gouvernement et des organismes de r\u00e9glementation.<\/span><span lang=\"FR-CA\">\u00a0\u00a0<\/span><span lang=\"FR-CA\">\u00a0<\/span><\/p>\n<\/div>\n<p><span lang=\"FR-CA\">Veuillez agr\u00e9er mes sinc\u00e8res salutations,<\/span><\/p>\n<p class=\"x_x_x_x_x_x_x_x_x_x_x_x_x_MsoNormal\"><strong><span lang=\"FR-CA\">Rhonda L. Lenton<\/span><span lang=\"FR-CA\">\u00a0<\/span><span lang=\"FR-CA\"><br \/>\n<\/span><span lang=\"FR-CA\">Pr\u00e9sidente et vice-chanceli\u00e8re<\/span><span lang=\"FR-CA\">\u00a0<\/span><\/strong><\/p>\n<\/div>\n<p>&nbsp;<\/p>\n<p>&nbsp;<\/p>\n<p>&nbsp;<\/p>\n","protected":false},"excerpt":{"rendered":"<p>Effective immediately, anyone entering an indoor space on any York University property, including all campuses, work sites and satellite offices, must wear a mask or face covering that covers their mouth, nose and chin completely.<\/p>\n","protected":false},"author":5,"featured_media":275725,"comment_status":"closed","ping_status":"closed","sticky":false,"template":"","format":"standard","meta":{"_acf_changed":false,"_kad_blocks_custom_css":"","_kad_blocks_head_custom_js":"","_kad_blocks_body_custom_js":"","_kad_blocks_footer_custom_js":"","footnotes":""},"categories":[1],"tags":[],"yfileauthor":[204],"qualifier":[],"yfile-author":[],"tags-to-show":[174],"workflow":[],"class_list":["post-281212","post","type-post","status-publish","format-standard","has-post-thumbnail","hentry","category-uncategorized","yfileauthor-yfilestaff","tags-to-show-president"],"acf":{"internal_publish_date":null,"original_image":null},"yoast_head":"<!-- This site is optimized with the Yoast SEO plugin v27.4 - https:\/\/yoast.com\/product\/yoast-seo-wordpress\/ -->\n<title>President&#039;s message: Please wear your mask or face covering - YFile<\/title>\n<meta name=\"robots\" content=\"index, follow, max-snippet:-1, max-image-preview:large, max-video-preview:-1\" \/>\n<link rel=\"canonical\" href=\"https:\/\/www.yorku.ca\/yfile\/2020\/10\/21\/presidents-message-please-wear-your-mask-or-face-covering\/\" \/>\n<meta property=\"og:locale\" content=\"en_US\" \/>\n<meta property=\"og:type\" content=\"article\" \/>\n<meta property=\"og:title\" content=\"President&#039;s message: Please wear your mask or face covering - YFile\" \/>\n<meta property=\"og:description\" content=\"Effective immediately, anyone entering an indoor space on any York University property, including all campuses, work sites and satellite offices, must wear a mask or face covering that covers their mouth, nose and chin completely.\" \/>\n<meta property=\"og:url\" content=\"https:\/\/www.yorku.ca\/yfile\/2020\/10\/21\/presidents-message-please-wear-your-mask-or-face-covering\/\" \/>\n<meta property=\"og:site_name\" content=\"YFile\" \/>\n<meta property=\"article:published_time\" content=\"2020-10-21T21:11:08+00:00\" \/>\n<meta property=\"article:modified_time\" content=\"2025-04-03T15:14:20+00:00\" \/>\n<meta property=\"og:image\" content=\"https:\/\/www.yorku.ca\/yfile\/wp-content\/uploads\/sites\/889\/2020\/05\/woman-on-train-mask-covid.jpg\" \/>\n\t<meta property=\"og:image:width\" content=\"880\" \/>\n\t<meta property=\"og:image:height\" content=\"290\" \/>\n\t<meta property=\"og:image:type\" content=\"image\/jpeg\" \/>\n<meta name=\"author\" content=\"phalfert\" \/>\n<meta name=\"twitter:card\" content=\"summary_large_image\" \/>\n<meta name=\"twitter:label1\" content=\"Written by\" \/>\n\t<meta name=\"twitter:data1\" content=\"phalfert\" \/>\n\t<meta name=\"twitter:label2\" content=\"Est. reading time\" \/>\n\t<meta name=\"twitter:data2\" content=\"5 minutes\" \/>\n<script type=\"application\/ld+json\" class=\"yoast-schema-graph\">{\"@context\":\"https:\\\/\\\/schema.org\",\"@graph\":[{\"@type\":\"Article\",\"@id\":\"https:\\\/\\\/www.yorku.ca\\\/yfile\\\/2020\\\/10\\\/21\\\/presidents-message-please-wear-your-mask-or-face-covering\\\/#article\",\"isPartOf\":{\"@id\":\"https:\\\/\\\/www.yorku.ca\\\/yfile\\\/2020\\\/10\\\/21\\\/presidents-message-please-wear-your-mask-or-face-covering\\\/\"},\"author\":{\"name\":\"phalfert\",\"@id\":\"https:\\\/\\\/www.yorku.ca\\\/yfile\\\/#\\\/schema\\\/person\\\/21f3dffe794363be5ece4ec7f538a0c0\"},\"headline\":\"President's message: Please wear your mask or face covering\",\"datePublished\":\"2020-10-21T21:11:08+00:00\",\"dateModified\":\"2025-04-03T15:14:20+00:00\",\"mainEntityOfPage\":{\"@id\":\"https:\\\/\\\/www.yorku.ca\\\/yfile\\\/2020\\\/10\\\/21\\\/presidents-message-please-wear-your-mask-or-face-covering\\\/\"},\"wordCount\":1040,\"image\":{\"@id\":\"https:\\\/\\\/www.yorku.ca\\\/yfile\\\/2020\\\/10\\\/21\\\/presidents-message-please-wear-your-mask-or-face-covering\\\/#primaryimage\"},\"thumbnailUrl\":\"https:\\\/\\\/www.yorku.ca\\\/yfile\\\/wp-content\\\/uploads\\\/sites\\\/889\\\/2020\\\/05\\\/woman-on-train-mask-covid.jpg\",\"inLanguage\":\"en-CA\",\"copyrightYear\":\"2020\",\"copyrightHolder\":{\"@id\":\"https:\\\/\\\/www.yorku.ca\\\/yfile\\\/#organization\"}},{\"@type\":\"WebPage\",\"@id\":\"https:\\\/\\\/www.yorku.ca\\\/yfile\\\/2020\\\/10\\\/21\\\/presidents-message-please-wear-your-mask-or-face-covering\\\/\",\"url\":\"https:\\\/\\\/www.yorku.ca\\\/yfile\\\/2020\\\/10\\\/21\\\/presidents-message-please-wear-your-mask-or-face-covering\\\/\",\"name\":\"President's message: Please wear your mask or face covering - YFile\",\"isPartOf\":{\"@id\":\"https:\\\/\\\/www.yorku.ca\\\/yfile\\\/#website\"},\"primaryImageOfPage\":{\"@id\":\"https:\\\/\\\/www.yorku.ca\\\/yfile\\\/2020\\\/10\\\/21\\\/presidents-message-please-wear-your-mask-or-face-covering\\\/#primaryimage\"},\"image\":{\"@id\":\"https:\\\/\\\/www.yorku.ca\\\/yfile\\\/2020\\\/10\\\/21\\\/presidents-message-please-wear-your-mask-or-face-covering\\\/#primaryimage\"},\"thumbnailUrl\":\"https:\\\/\\\/www.yorku.ca\\\/yfile\\\/wp-content\\\/uploads\\\/sites\\\/889\\\/2020\\\/05\\\/woman-on-train-mask-covid.jpg\",\"datePublished\":\"2020-10-21T21:11:08+00:00\",\"dateModified\":\"2025-04-03T15:14:20+00:00\",\"author\":{\"@id\":\"https:\\\/\\\/www.yorku.ca\\\/yfile\\\/#\\\/schema\\\/person\\\/21f3dffe794363be5ece4ec7f538a0c0\"},\"breadcrumb\":{\"@id\":\"https:\\\/\\\/www.yorku.ca\\\/yfile\\\/2020\\\/10\\\/21\\\/presidents-message-please-wear-your-mask-or-face-covering\\\/#breadcrumb\"},\"inLanguage\":\"en-CA\",\"potentialAction\":[{\"@type\":\"ReadAction\",\"target\":[\"https:\\\/\\\/www.yorku.ca\\\/yfile\\\/2020\\\/10\\\/21\\\/presidents-message-please-wear-your-mask-or-face-covering\\\/\"]}]},{\"@type\":\"ImageObject\",\"inLanguage\":\"en-CA\",\"@id\":\"https:\\\/\\\/www.yorku.ca\\\/yfile\\\/2020\\\/10\\\/21\\\/presidents-message-please-wear-your-mask-or-face-covering\\\/#primaryimage\",\"url\":\"https:\\\/\\\/www.yorku.ca\\\/yfile\\\/wp-content\\\/uploads\\\/sites\\\/889\\\/2020\\\/05\\\/woman-on-train-mask-covid.jpg\",\"contentUrl\":\"https:\\\/\\\/www.yorku.ca\\\/yfile\\\/wp-content\\\/uploads\\\/sites\\\/889\\\/2020\\\/05\\\/woman-on-train-mask-covid.jpg\",\"width\":880,\"height\":290,\"caption\":\"woman on train mask covid\"},{\"@type\":\"BreadcrumbList\",\"@id\":\"https:\\\/\\\/www.yorku.ca\\\/yfile\\\/2020\\\/10\\\/21\\\/presidents-message-please-wear-your-mask-or-face-covering\\\/#breadcrumb\",\"itemListElement\":[{\"@type\":\"ListItem\",\"position\":1,\"name\":\"Home\",\"item\":\"https:\\\/\\\/www.yorku.ca\\\/yfile\\\/\"},{\"@type\":\"ListItem\",\"position\":2,\"name\":\"President's message: Please wear your mask or face covering\"}]},{\"@type\":\"WebSite\",\"@id\":\"https:\\\/\\\/www.yorku.ca\\\/yfile\\\/#website\",\"url\":\"https:\\\/\\\/www.yorku.ca\\\/yfile\\\/\",\"name\":\"YFile\",\"description\":\"\",\"potentialAction\":[{\"@type\":\"SearchAction\",\"target\":{\"@type\":\"EntryPoint\",\"urlTemplate\":\"https:\\\/\\\/www.yorku.ca\\\/yfile\\\/?s={search_term_string}\"},\"query-input\":{\"@type\":\"PropertyValueSpecification\",\"valueRequired\":true,\"valueName\":\"search_term_string\"}}],\"inLanguage\":\"en-CA\"},{\"@type\":\"Person\",\"@id\":\"https:\\\/\\\/www.yorku.ca\\\/yfile\\\/#\\\/schema\\\/person\\\/21f3dffe794363be5ece4ec7f538a0c0\",\"name\":\"phalfert\",\"image\":{\"@type\":\"ImageObject\",\"inLanguage\":\"en-CA\",\"@id\":\"https:\\\/\\\/secure.gravatar.com\\\/avatar\\\/9e3ac8a4ede7f72dd695c074c5291e11739705deae1422de177298d5aad6d559?s=96&d=mm&r=g\",\"url\":\"https:\\\/\\\/secure.gravatar.com\\\/avatar\\\/9e3ac8a4ede7f72dd695c074c5291e11739705deae1422de177298d5aad6d559?s=96&d=mm&r=g\",\"contentUrl\":\"https:\\\/\\\/secure.gravatar.com\\\/avatar\\\/9e3ac8a4ede7f72dd695c074c5291e11739705deae1422de177298d5aad6d559?s=96&d=mm&r=g\",\"caption\":\"phalfert\"},\"url\":\"https:\\\/\\\/www.yorku.ca\\\/yfile\\\/author\\\/phalfert\\\/\"}]}<\/script>\n<!-- \/ Yoast SEO plugin. -->","yoast_head_json":{"title":"President's message: Please wear your mask or face covering - YFile","robots":{"index":"index","follow":"follow","max-snippet":"max-snippet:-1","max-image-preview":"max-image-preview:large","max-video-preview":"max-video-preview:-1"},"canonical":"https:\/\/www.yorku.ca\/yfile\/2020\/10\/21\/presidents-message-please-wear-your-mask-or-face-covering\/","og_locale":"en_US","og_type":"article","og_title":"President's message: Please wear your mask or face covering - YFile","og_description":"Effective immediately, anyone entering an indoor space on any York University property, including all campuses, work sites and satellite offices, must wear a mask or face covering that covers their mouth, nose and chin completely.","og_url":"https:\/\/www.yorku.ca\/yfile\/2020\/10\/21\/presidents-message-please-wear-your-mask-or-face-covering\/","og_site_name":"YFile","article_published_time":"2020-10-21T21:11:08+00:00","article_modified_time":"2025-04-03T15:14:20+00:00","og_image":[{"width":880,"height":290,"url":"https:\/\/www.yorku.ca\/yfile\/wp-content\/uploads\/sites\/889\/2020\/05\/woman-on-train-mask-covid.jpg","type":"image\/jpeg"}],"author":"phalfert","twitter_card":"summary_large_image","twitter_misc":{"Written by":"phalfert","Est. reading time":"5 minutes"},"schema":{"@context":"https:\/\/schema.org","@graph":[{"@type":"Article","@id":"https:\/\/www.yorku.ca\/yfile\/2020\/10\/21\/presidents-message-please-wear-your-mask-or-face-covering\/#article","isPartOf":{"@id":"https:\/\/www.yorku.ca\/yfile\/2020\/10\/21\/presidents-message-please-wear-your-mask-or-face-covering\/"},"author":{"name":"phalfert","@id":"https:\/\/www.yorku.ca\/yfile\/#\/schema\/person\/21f3dffe794363be5ece4ec7f538a0c0"},"headline":"President's message: Please wear your mask or face covering","datePublished":"2020-10-21T21:11:08+00:00","dateModified":"2025-04-03T15:14:20+00:00","mainEntityOfPage":{"@id":"https:\/\/www.yorku.ca\/yfile\/2020\/10\/21\/presidents-message-please-wear-your-mask-or-face-covering\/"},"wordCount":1040,"image":{"@id":"https:\/\/www.yorku.ca\/yfile\/2020\/10\/21\/presidents-message-please-wear-your-mask-or-face-covering\/#primaryimage"},"thumbnailUrl":"https:\/\/www.yorku.ca\/yfile\/wp-content\/uploads\/sites\/889\/2020\/05\/woman-on-train-mask-covid.jpg","inLanguage":"en-CA","copyrightYear":"2020","copyrightHolder":{"@id":"https:\/\/www.yorku.ca\/yfile\/#organization"}},{"@type":"WebPage","@id":"https:\/\/www.yorku.ca\/yfile\/2020\/10\/21\/presidents-message-please-wear-your-mask-or-face-covering\/","url":"https:\/\/www.yorku.ca\/yfile\/2020\/10\/21\/presidents-message-please-wear-your-mask-or-face-covering\/","name":"President's message: Please wear your mask or face covering - YFile","isPartOf":{"@id":"https:\/\/www.yorku.ca\/yfile\/#website"},"primaryImageOfPage":{"@id":"https:\/\/www.yorku.ca\/yfile\/2020\/10\/21\/presidents-message-please-wear-your-mask-or-face-covering\/#primaryimage"},"image":{"@id":"https:\/\/www.yorku.ca\/yfile\/2020\/10\/21\/presidents-message-please-wear-your-mask-or-face-covering\/#primaryimage"},"thumbnailUrl":"https:\/\/www.yorku.ca\/yfile\/wp-content\/uploads\/sites\/889\/2020\/05\/woman-on-train-mask-covid.jpg","datePublished":"2020-10-21T21:11:08+00:00","dateModified":"2025-04-03T15:14:20+00:00","author":{"@id":"https:\/\/www.yorku.ca\/yfile\/#\/schema\/person\/21f3dffe794363be5ece4ec7f538a0c0"},"breadcrumb":{"@id":"https:\/\/www.yorku.ca\/yfile\/2020\/10\/21\/presidents-message-please-wear-your-mask-or-face-covering\/#breadcrumb"},"inLanguage":"en-CA","potentialAction":[{"@type":"ReadAction","target":["https:\/\/www.yorku.ca\/yfile\/2020\/10\/21\/presidents-message-please-wear-your-mask-or-face-covering\/"]}]},{"@type":"ImageObject","inLanguage":"en-CA","@id":"https:\/\/www.yorku.ca\/yfile\/2020\/10\/21\/presidents-message-please-wear-your-mask-or-face-covering\/#primaryimage","url":"https:\/\/www.yorku.ca\/yfile\/wp-content\/uploads\/sites\/889\/2020\/05\/woman-on-train-mask-covid.jpg","contentUrl":"https:\/\/www.yorku.ca\/yfile\/wp-content\/uploads\/sites\/889\/2020\/05\/woman-on-train-mask-covid.jpg","width":880,"height":290,"caption":"woman on train mask covid"},{"@type":"BreadcrumbList","@id":"https:\/\/www.yorku.ca\/yfile\/2020\/10\/21\/presidents-message-please-wear-your-mask-or-face-covering\/#breadcrumb","itemListElement":[{"@type":"ListItem","position":1,"name":"Home","item":"https:\/\/www.yorku.ca\/yfile\/"},{"@type":"ListItem","position":2,"name":"President's message: Please wear your mask or face covering"}]},{"@type":"WebSite","@id":"https:\/\/www.yorku.ca\/yfile\/#website","url":"https:\/\/www.yorku.ca\/yfile\/","name":"YFile","description":"","potentialAction":[{"@type":"SearchAction","target":{"@type":"EntryPoint","urlTemplate":"https:\/\/www.yorku.ca\/yfile\/?s={search_term_string}"},"query-input":{"@type":"PropertyValueSpecification","valueRequired":true,"valueName":"search_term_string"}}],"inLanguage":"en-CA"},{"@type":"Person","@id":"https:\/\/www.yorku.ca\/yfile\/#\/schema\/person\/21f3dffe794363be5ece4ec7f538a0c0","name":"phalfert","image":{"@type":"ImageObject","inLanguage":"en-CA","@id":"https:\/\/secure.gravatar.com\/avatar\/9e3ac8a4ede7f72dd695c074c5291e11739705deae1422de177298d5aad6d559?s=96&d=mm&r=g","url":"https:\/\/secure.gravatar.com\/avatar\/9e3ac8a4ede7f72dd695c074c5291e11739705deae1422de177298d5aad6d559?s=96&d=mm&r=g","contentUrl":"https:\/\/secure.gravatar.com\/avatar\/9e3ac8a4ede7f72dd695c074c5291e11739705deae1422de177298d5aad6d559?s=96&d=mm&r=g","caption":"phalfert"},"url":"https:\/\/www.yorku.ca\/yfile\/author\/phalfert\/"}]}},"taxonomy_info":{"category":[{"value":1,"label":"Uncategorized"}],"yfileauthor":[{"value":204,"label":"YFile Staff"}],"tags-to-show":[{"value":174,"label":"President"}]},"featured_image_src_large":["https:\/\/www.yorku.ca\/yfile\/wp-content\/uploads\/sites\/889\/2020\/05\/woman-on-train-mask-covid.jpg",880,290,false],"author_info":{"display_name":"phalfert","author_link":"https:\/\/www.yorku.ca\/yfile\/author\/phalfert\/"},"comment_info":0,"category_info":[{"term_id":1,"name":"Uncategorized","slug":"uncategorized","term_group":0,"term_taxonomy_id":1,"taxonomy":"category","description":"","parent":0,"count":1810,"filter":"raw","cat_ID":1,"category_count":1810,"category_description":"","cat_name":"Uncategorized","category_nicename":"uncategorized","category_parent":0}],"tag_info":false,"_links":{"self":[{"href":"https:\/\/www.yorku.ca\/yfile\/wp-json\/wp\/v2\/posts\/281212","targetHints":{"allow":["GET"]}}],"collection":[{"href":"https:\/\/www.yorku.ca\/yfile\/wp-json\/wp\/v2\/posts"}],"about":[{"href":"https:\/\/www.yorku.ca\/yfile\/wp-json\/wp\/v2\/types\/post"}],"author":[{"embeddable":true,"href":"https:\/\/www.yorku.ca\/yfile\/wp-json\/wp\/v2\/users\/5"}],"replies":[{"embeddable":true,"href":"https:\/\/www.yorku.ca\/yfile\/wp-json\/wp\/v2\/comments?post=281212"}],"version-history":[{"count":1,"href":"https:\/\/www.yorku.ca\/yfile\/wp-json\/wp\/v2\/posts\/281212\/revisions"}],"predecessor-version":[{"id":388706,"href":"https:\/\/www.yorku.ca\/yfile\/wp-json\/wp\/v2\/posts\/281212\/revisions\/388706"}],"wp:featuredmedia":[{"embeddable":true,"href":"https:\/\/www.yorku.ca\/yfile\/wp-json\/wp\/v2\/media\/275725"}],"wp:attachment":[{"href":"https:\/\/www.yorku.ca\/yfile\/wp-json\/wp\/v2\/media?parent=281212"}],"wp:term":[{"taxonomy":"category","embeddable":true,"href":"https:\/\/www.yorku.ca\/yfile\/wp-json\/wp\/v2\/categories?post=281212"},{"taxonomy":"post_tag","embeddable":true,"href":"https:\/\/www.yorku.ca\/yfile\/wp-json\/wp\/v2\/tags?post=281212"},{"taxonomy":"yfileauthor","embeddable":true,"href":"https:\/\/www.yorku.ca\/yfile\/wp-json\/wp\/v2\/yfileauthor?post=281212"},{"taxonomy":"qualifier","embeddable":true,"href":"https:\/\/www.yorku.ca\/yfile\/wp-json\/wp\/v2\/qualifier?post=281212"},{"taxonomy":"yfile-author","embeddable":true,"href":"https:\/\/www.yorku.ca\/yfile\/wp-json\/wp\/v2\/yfile-author?post=281212"},{"taxonomy":"tags-to-show","embeddable":true,"href":"https:\/\/www.yorku.ca\/yfile\/wp-json\/wp\/v2\/tags-to-show?post=281212"},{"taxonomy":"workflow","embeddable":true,"href":"https:\/\/www.yorku.ca\/yfile\/wp-json\/wp\/v2\/workflow?post=281212"}],"curies":[{"name":"wp","href":"https:\/\/api.w.org\/{rel}","templated":true}]}}