{"id":281431,"date":"2020-10-28T15:19:41","date_gmt":"2020-10-28T19:19:41","guid":{"rendered":"https:\/\/yfiledev.uit.yorku.ca\/?p=281431"},"modified":"2025-04-03T11:14:14","modified_gmt":"2025-04-03T15:14:14","slug":"a-statement-from-president-rhonda-l-lenton-on-the-violence-in-nigeria","status":"publish","type":"post","link":"https:\/\/www.yorku.ca\/yfile\/2020\/10\/28\/a-statement-from-president-rhonda-l-lenton-on-the-violence-in-nigeria\/","title":{"rendered":"A statement from President Rhonda L. Lenton on the violence in Nigeria"},"content":{"rendered":"<p><em>The following is a statement from President and Vice-Chancellor Rhonda L. Lenton:<\/em><\/p>\n<p>The York University community is deeply saddened by the violence that has been occurring across Nigeria in recent weeks in connection with the EndSARS movement. We are particularly devastated by the tragic events of Oct. 20, when police and military forces fired into a crowd of unarmed young people who had gathered to protest police brutality. We join other universities, organizations, and leaders around the world in denouncing these actions and condemning the use of excessive force.<\/p>\n<p>On behalf of the University, I offer my heartfelt condolences to those who were injured in the confrontation, to the friends and families of those who were killed, and to the many students and young people in Nigeria, here in the York community, and elsewhere whose well-being has been affected in connection with these events.<\/p>\n<p>At York, we recognize and applaud the meaningful work being done by the young people in Nigeria and others to protect the safety of all individuals, and in particular, those of underrepresented groups.<\/p>\n<p>The right to free speech and the ability to gather and express diverse ideas free from persecution, intimidation, or harassment are principles that we cherish deeply at York \u2014 they are fundamental to our very existence as an institution of higher learning. That is why we are committed to fostering a diverse, inclusive, and equitable environment where every member of our community feels safe and protected.<\/p>\n<p>If you need support, please know that York has a variety of resources available to you. For more information on how we can help, please visit the Mental Health and Wellness at York site at <a href=\"http:\/\/mhw.info.yorku.ca\/resources\/resources-at-york\/\">http:\/\/mhw.info.yorku.ca\/resources\/resources-at-york\/<\/a>.<\/p>\n<p>Our thoughts lie with the York community members and those around the world affected by the violence in Nigeria. Know that we grieve beside you and resolve to support and protect you as events continue to unfold.<\/p>\n<p>Sincerely,<\/p>\n<p><strong>Rhonda L. Lenton<\/strong><br \/>\n<strong>President and Vice-Chancellor<\/strong><\/p>\n<hr \/>\n<h2><strong>D\u00e9claration de la pr\u00e9sidente Rhonda L. Lenton au sujet de la violence au Nig\u00e9ria<\/strong><\/h2>\n<p>La communaut\u00e9 de l\u2019Universit\u00e9 York est profond\u00e9ment attrist\u00e9e par les violences au Nig\u00e9ria survenues lors des derni\u00e8res semaines et li\u00e9es au mouvement r\u00e9clamant le d\u00e9mant\u00e8lement de la SARS. Nous sommes particuli\u00e8rement boulevers\u00e9s par les \u00e9v\u00e9nements tragiques du 20\u00a0octobre, lorsque la police et l\u2019arm\u00e9e ont tir\u00e9 sur une foule de jeunes gens non arm\u00e9s qui s\u2019\u00e9taient rassembl\u00e9s pour manifester contre les violences polici\u00e8res. Nous nous joignons \u00e0 d\u2019autres universit\u00e9s, organisations et dirigeants du monde entier pour d\u00e9noncer ces actions et condamner le recours excessif \u00e0 la force.<\/p>\n<p>De la part de l\u2019Universit\u00e9, j\u2019adresse mes sinc\u00e8res condol\u00e9ances aux personnes bless\u00e9es durant ces confrontations, aux amis et familles des victimes et aux nombreux \u00e9tudiants et jeunes gens du Nig\u00e9ria, membres de la communaut\u00e9 de York et d\u2019ailleurs, dont le bien-\u00eatre a \u00e9t\u00e9 compromis par ces \u00e9v\u00e9nements.<\/p>\n<p>York reconna\u00eet et salue le travail accompli par la jeunesse nig\u00e9riane et d\u2019autres personnes pour assurer la s\u00e9curit\u00e9 de tous, tout particuli\u00e8rement celle des membres de groupes sous-repr\u00e9sent\u00e9s.<\/p>\n<p>La libert\u00e9 d\u2019expression et le droit de se rassembler et d\u2019exprimer diverses id\u00e9es sans \u00eatre pers\u00e9cut\u00e9, intimid\u00e9 ou harcel\u00e9 sont des principes que York ch\u00e9rit par-dessus tout; ils sont \u00e0 la base de notre existence en tant qu\u2019\u00e9tablissement d\u2019enseignement sup\u00e9rieur. C\u2019est pourquoi nous nous engageons \u00e0 favoriser un environnement diversifi\u00e9, inclusif et \u00e9quitable dans lequel tous les membres de notre communaut\u00e9 se sentent en s\u00e9curit\u00e9 et prot\u00e9g\u00e9s.<\/p>\n<p>Si vous avez besoin de soutien, n\u2019oubliez pas qu\u2019il existe diverses ressources \u00e0 votre disposition. Pour plus d\u2019information, veuillez visiter le site de Sant\u00e9 mentale et bien-\u00eatre de York\u00a0: <a href=\"http:\/\/mhw.info.yorku.ca\/resources\/resources-at-york\/\">https:\/\/mhw.info.yorku.ca\/fr\/<\/a>.<\/p>\n<p>Nos pens\u00e9es sont avec les membres de la communaut\u00e9 de York et les personnes du monde entier touch\u00e9es par la violence au Nig\u00e9ria. Nous sommes \u00e0 vos c\u00f4t\u00e9s pour vous soutenir et vous prot\u00e9ger alors que la situation continue \u00e0 \u00e9voluer.<\/p>\n<p>Veuillez agr\u00e9er mes sinc\u00e8res salutations,<\/p>\n<p><strong>Rhonda L. Lenton<\/strong><br \/>\n<strong>Pr\u00e9sidente et vice-chanceli\u00e8re<\/strong><\/p>\n","protected":false},"excerpt":{"rendered":"<p>On behalf of the York University community, President and Vice-Chancellor Rhonda L. Lenton responds to the violence that has been occurring across Nigeria in recent weeks in connection with the EndSARS movement.<\/p>\n","protected":false},"author":5,"featured_media":281434,"comment_status":"closed","ping_status":"closed","sticky":false,"template":"","format":"standard","meta":{"_acf_changed":false,"_kad_blocks_custom_css":"","_kad_blocks_head_custom_js":"","_kad_blocks_body_custom_js":"","_kad_blocks_footer_custom_js":"","footnotes":""},"categories":[1],"tags":[],"yfileauthor":[204],"qualifier":[],"yfile-author":[],"tags-to-show":[174],"workflow":[],"class_list":["post-281431","post","type-post","status-publish","format-standard","has-post-thumbnail","hentry","category-uncategorized","yfileauthor-yfilestaff","tags-to-show-president"],"acf":{"internal_publish_date":null,"original_image":null},"yoast_head":"<!-- This site is optimized with the Yoast SEO plugin v27.4 - https:\/\/yoast.com\/product\/yoast-seo-wordpress\/ -->\n<title>A statement from President Rhonda L. Lenton on the violence in Nigeria - YFile<\/title>\n<meta name=\"robots\" content=\"index, follow, max-snippet:-1, max-image-preview:large, max-video-preview:-1\" \/>\n<link rel=\"canonical\" href=\"https:\/\/www.yorku.ca\/yfile\/2020\/10\/28\/a-statement-from-president-rhonda-l-lenton-on-the-violence-in-nigeria\/\" \/>\n<meta property=\"og:locale\" content=\"en_US\" \/>\n<meta property=\"og:type\" content=\"article\" \/>\n<meta property=\"og:title\" content=\"A statement from President Rhonda L. Lenton on the violence in Nigeria - YFile\" \/>\n<meta property=\"og:description\" content=\"On behalf of the York University community, President and Vice-Chancellor Rhonda L. Lenton responds to the violence that has been occurring across Nigeria in recent weeks in connection with the EndSARS movement.\" \/>\n<meta property=\"og:url\" content=\"https:\/\/www.yorku.ca\/yfile\/2020\/10\/28\/a-statement-from-president-rhonda-l-lenton-on-the-violence-in-nigeria\/\" \/>\n<meta property=\"og:site_name\" content=\"YFile\" \/>\n<meta property=\"article:published_time\" content=\"2020-10-28T19:19:41+00:00\" \/>\n<meta property=\"article:modified_time\" content=\"2025-04-03T15:14:14+00:00\" \/>\n<meta property=\"og:image\" content=\"https:\/\/www.yorku.ca\/yfile\/wp-content\/uploads\/sites\/889\/2020\/10\/official_vari_statement-FEATURED.jpg\" \/>\n\t<meta property=\"og:image:width\" content=\"880\" \/>\n\t<meta property=\"og:image:height\" content=\"290\" \/>\n\t<meta property=\"og:image:type\" content=\"image\/jpeg\" \/>\n<meta name=\"author\" content=\"phalfert\" \/>\n<meta name=\"twitter:card\" content=\"summary_large_image\" \/>\n<meta name=\"twitter:label1\" content=\"Written by\" \/>\n\t<meta name=\"twitter:data1\" content=\"phalfert\" \/>\n\t<meta name=\"twitter:label2\" content=\"Est. reading time\" \/>\n\t<meta name=\"twitter:data2\" content=\"4 minutes\" \/>\n<script type=\"application\/ld+json\" class=\"yoast-schema-graph\">{\"@context\":\"https:\\\/\\\/schema.org\",\"@graph\":[{\"@type\":\"Article\",\"@id\":\"https:\\\/\\\/www.yorku.ca\\\/yfile\\\/2020\\\/10\\\/28\\\/a-statement-from-president-rhonda-l-lenton-on-the-violence-in-nigeria\\\/#article\",\"isPartOf\":{\"@id\":\"https:\\\/\\\/www.yorku.ca\\\/yfile\\\/2020\\\/10\\\/28\\\/a-statement-from-president-rhonda-l-lenton-on-the-violence-in-nigeria\\\/\"},\"author\":{\"name\":\"phalfert\",\"@id\":\"https:\\\/\\\/www.yorku.ca\\\/yfile\\\/#\\\/schema\\\/person\\\/21f3dffe794363be5ece4ec7f538a0c0\"},\"headline\":\"A statement from President Rhonda L. Lenton on the violence in Nigeria\",\"datePublished\":\"2020-10-28T19:19:41+00:00\",\"dateModified\":\"2025-04-03T15:14:14+00:00\",\"mainEntityOfPage\":{\"@id\":\"https:\\\/\\\/www.yorku.ca\\\/yfile\\\/2020\\\/10\\\/28\\\/a-statement-from-president-rhonda-l-lenton-on-the-violence-in-nigeria\\\/\"},\"wordCount\":727,\"image\":{\"@id\":\"https:\\\/\\\/www.yorku.ca\\\/yfile\\\/2020\\\/10\\\/28\\\/a-statement-from-president-rhonda-l-lenton-on-the-violence-in-nigeria\\\/#primaryimage\"},\"thumbnailUrl\":\"https:\\\/\\\/www.yorku.ca\\\/yfile\\\/wp-content\\\/uploads\\\/sites\\\/889\\\/2020\\\/10\\\/official_vari_statement-FEATURED.jpg\",\"inLanguage\":\"en-CA\",\"copyrightYear\":\"2020\",\"copyrightHolder\":{\"@id\":\"https:\\\/\\\/www.yorku.ca\\\/yfile\\\/#organization\"}},{\"@type\":\"WebPage\",\"@id\":\"https:\\\/\\\/www.yorku.ca\\\/yfile\\\/2020\\\/10\\\/28\\\/a-statement-from-president-rhonda-l-lenton-on-the-violence-in-nigeria\\\/\",\"url\":\"https:\\\/\\\/www.yorku.ca\\\/yfile\\\/2020\\\/10\\\/28\\\/a-statement-from-president-rhonda-l-lenton-on-the-violence-in-nigeria\\\/\",\"name\":\"A statement from President Rhonda L. Lenton on the violence in Nigeria - YFile\",\"isPartOf\":{\"@id\":\"https:\\\/\\\/www.yorku.ca\\\/yfile\\\/#website\"},\"primaryImageOfPage\":{\"@id\":\"https:\\\/\\\/www.yorku.ca\\\/yfile\\\/2020\\\/10\\\/28\\\/a-statement-from-president-rhonda-l-lenton-on-the-violence-in-nigeria\\\/#primaryimage\"},\"image\":{\"@id\":\"https:\\\/\\\/www.yorku.ca\\\/yfile\\\/2020\\\/10\\\/28\\\/a-statement-from-president-rhonda-l-lenton-on-the-violence-in-nigeria\\\/#primaryimage\"},\"thumbnailUrl\":\"https:\\\/\\\/www.yorku.ca\\\/yfile\\\/wp-content\\\/uploads\\\/sites\\\/889\\\/2020\\\/10\\\/official_vari_statement-FEATURED.jpg\",\"datePublished\":\"2020-10-28T19:19:41+00:00\",\"dateModified\":\"2025-04-03T15:14:14+00:00\",\"author\":{\"@id\":\"https:\\\/\\\/www.yorku.ca\\\/yfile\\\/#\\\/schema\\\/person\\\/21f3dffe794363be5ece4ec7f538a0c0\"},\"breadcrumb\":{\"@id\":\"https:\\\/\\\/www.yorku.ca\\\/yfile\\\/2020\\\/10\\\/28\\\/a-statement-from-president-rhonda-l-lenton-on-the-violence-in-nigeria\\\/#breadcrumb\"},\"inLanguage\":\"en-CA\",\"potentialAction\":[{\"@type\":\"ReadAction\",\"target\":[\"https:\\\/\\\/www.yorku.ca\\\/yfile\\\/2020\\\/10\\\/28\\\/a-statement-from-president-rhonda-l-lenton-on-the-violence-in-nigeria\\\/\"]}]},{\"@type\":\"ImageObject\",\"inLanguage\":\"en-CA\",\"@id\":\"https:\\\/\\\/www.yorku.ca\\\/yfile\\\/2020\\\/10\\\/28\\\/a-statement-from-president-rhonda-l-lenton-on-the-violence-in-nigeria\\\/#primaryimage\",\"url\":\"https:\\\/\\\/www.yorku.ca\\\/yfile\\\/wp-content\\\/uploads\\\/sites\\\/889\\\/2020\\\/10\\\/official_vari_statement-FEATURED.jpg\",\"contentUrl\":\"https:\\\/\\\/www.yorku.ca\\\/yfile\\\/wp-content\\\/uploads\\\/sites\\\/889\\\/2020\\\/10\\\/official_vari_statement-FEATURED.jpg\",\"width\":880,\"height\":290,\"caption\":\"Vari Hall\"},{\"@type\":\"BreadcrumbList\",\"@id\":\"https:\\\/\\\/www.yorku.ca\\\/yfile\\\/2020\\\/10\\\/28\\\/a-statement-from-president-rhonda-l-lenton-on-the-violence-in-nigeria\\\/#breadcrumb\",\"itemListElement\":[{\"@type\":\"ListItem\",\"position\":1,\"name\":\"Home\",\"item\":\"https:\\\/\\\/www.yorku.ca\\\/yfile\\\/\"},{\"@type\":\"ListItem\",\"position\":2,\"name\":\"A statement from President Rhonda L. Lenton on the violence in Nigeria\"}]},{\"@type\":\"WebSite\",\"@id\":\"https:\\\/\\\/www.yorku.ca\\\/yfile\\\/#website\",\"url\":\"https:\\\/\\\/www.yorku.ca\\\/yfile\\\/\",\"name\":\"YFile\",\"description\":\"\",\"potentialAction\":[{\"@type\":\"SearchAction\",\"target\":{\"@type\":\"EntryPoint\",\"urlTemplate\":\"https:\\\/\\\/www.yorku.ca\\\/yfile\\\/?s={search_term_string}\"},\"query-input\":{\"@type\":\"PropertyValueSpecification\",\"valueRequired\":true,\"valueName\":\"search_term_string\"}}],\"inLanguage\":\"en-CA\"},{\"@type\":\"Person\",\"@id\":\"https:\\\/\\\/www.yorku.ca\\\/yfile\\\/#\\\/schema\\\/person\\\/21f3dffe794363be5ece4ec7f538a0c0\",\"name\":\"phalfert\",\"image\":{\"@type\":\"ImageObject\",\"inLanguage\":\"en-CA\",\"@id\":\"https:\\\/\\\/secure.gravatar.com\\\/avatar\\\/9e3ac8a4ede7f72dd695c074c5291e11739705deae1422de177298d5aad6d559?s=96&d=mm&r=g\",\"url\":\"https:\\\/\\\/secure.gravatar.com\\\/avatar\\\/9e3ac8a4ede7f72dd695c074c5291e11739705deae1422de177298d5aad6d559?s=96&d=mm&r=g\",\"contentUrl\":\"https:\\\/\\\/secure.gravatar.com\\\/avatar\\\/9e3ac8a4ede7f72dd695c074c5291e11739705deae1422de177298d5aad6d559?s=96&d=mm&r=g\",\"caption\":\"phalfert\"},\"url\":\"https:\\\/\\\/www.yorku.ca\\\/yfile\\\/author\\\/phalfert\\\/\"}]}<\/script>\n<!-- \/ Yoast SEO plugin. -->","yoast_head_json":{"title":"A statement from President Rhonda L. Lenton on the violence in Nigeria - YFile","robots":{"index":"index","follow":"follow","max-snippet":"max-snippet:-1","max-image-preview":"max-image-preview:large","max-video-preview":"max-video-preview:-1"},"canonical":"https:\/\/www.yorku.ca\/yfile\/2020\/10\/28\/a-statement-from-president-rhonda-l-lenton-on-the-violence-in-nigeria\/","og_locale":"en_US","og_type":"article","og_title":"A statement from President Rhonda L. Lenton on the violence in Nigeria - YFile","og_description":"On behalf of the York University community, President and Vice-Chancellor Rhonda L. Lenton responds to the violence that has been occurring across Nigeria in recent weeks in connection with the EndSARS movement.","og_url":"https:\/\/www.yorku.ca\/yfile\/2020\/10\/28\/a-statement-from-president-rhonda-l-lenton-on-the-violence-in-nigeria\/","og_site_name":"YFile","article_published_time":"2020-10-28T19:19:41+00:00","article_modified_time":"2025-04-03T15:14:14+00:00","og_image":[{"width":880,"height":290,"url":"https:\/\/www.yorku.ca\/yfile\/wp-content\/uploads\/sites\/889\/2020\/10\/official_vari_statement-FEATURED.jpg","type":"image\/jpeg"}],"author":"phalfert","twitter_card":"summary_large_image","twitter_misc":{"Written by":"phalfert","Est. reading time":"4 minutes"},"schema":{"@context":"https:\/\/schema.org","@graph":[{"@type":"Article","@id":"https:\/\/www.yorku.ca\/yfile\/2020\/10\/28\/a-statement-from-president-rhonda-l-lenton-on-the-violence-in-nigeria\/#article","isPartOf":{"@id":"https:\/\/www.yorku.ca\/yfile\/2020\/10\/28\/a-statement-from-president-rhonda-l-lenton-on-the-violence-in-nigeria\/"},"author":{"name":"phalfert","@id":"https:\/\/www.yorku.ca\/yfile\/#\/schema\/person\/21f3dffe794363be5ece4ec7f538a0c0"},"headline":"A statement from President Rhonda L. Lenton on the violence in Nigeria","datePublished":"2020-10-28T19:19:41+00:00","dateModified":"2025-04-03T15:14:14+00:00","mainEntityOfPage":{"@id":"https:\/\/www.yorku.ca\/yfile\/2020\/10\/28\/a-statement-from-president-rhonda-l-lenton-on-the-violence-in-nigeria\/"},"wordCount":727,"image":{"@id":"https:\/\/www.yorku.ca\/yfile\/2020\/10\/28\/a-statement-from-president-rhonda-l-lenton-on-the-violence-in-nigeria\/#primaryimage"},"thumbnailUrl":"https:\/\/www.yorku.ca\/yfile\/wp-content\/uploads\/sites\/889\/2020\/10\/official_vari_statement-FEATURED.jpg","inLanguage":"en-CA","copyrightYear":"2020","copyrightHolder":{"@id":"https:\/\/www.yorku.ca\/yfile\/#organization"}},{"@type":"WebPage","@id":"https:\/\/www.yorku.ca\/yfile\/2020\/10\/28\/a-statement-from-president-rhonda-l-lenton-on-the-violence-in-nigeria\/","url":"https:\/\/www.yorku.ca\/yfile\/2020\/10\/28\/a-statement-from-president-rhonda-l-lenton-on-the-violence-in-nigeria\/","name":"A statement from President Rhonda L. Lenton on the violence in Nigeria - YFile","isPartOf":{"@id":"https:\/\/www.yorku.ca\/yfile\/#website"},"primaryImageOfPage":{"@id":"https:\/\/www.yorku.ca\/yfile\/2020\/10\/28\/a-statement-from-president-rhonda-l-lenton-on-the-violence-in-nigeria\/#primaryimage"},"image":{"@id":"https:\/\/www.yorku.ca\/yfile\/2020\/10\/28\/a-statement-from-president-rhonda-l-lenton-on-the-violence-in-nigeria\/#primaryimage"},"thumbnailUrl":"https:\/\/www.yorku.ca\/yfile\/wp-content\/uploads\/sites\/889\/2020\/10\/official_vari_statement-FEATURED.jpg","datePublished":"2020-10-28T19:19:41+00:00","dateModified":"2025-04-03T15:14:14+00:00","author":{"@id":"https:\/\/www.yorku.ca\/yfile\/#\/schema\/person\/21f3dffe794363be5ece4ec7f538a0c0"},"breadcrumb":{"@id":"https:\/\/www.yorku.ca\/yfile\/2020\/10\/28\/a-statement-from-president-rhonda-l-lenton-on-the-violence-in-nigeria\/#breadcrumb"},"inLanguage":"en-CA","potentialAction":[{"@type":"ReadAction","target":["https:\/\/www.yorku.ca\/yfile\/2020\/10\/28\/a-statement-from-president-rhonda-l-lenton-on-the-violence-in-nigeria\/"]}]},{"@type":"ImageObject","inLanguage":"en-CA","@id":"https:\/\/www.yorku.ca\/yfile\/2020\/10\/28\/a-statement-from-president-rhonda-l-lenton-on-the-violence-in-nigeria\/#primaryimage","url":"https:\/\/www.yorku.ca\/yfile\/wp-content\/uploads\/sites\/889\/2020\/10\/official_vari_statement-FEATURED.jpg","contentUrl":"https:\/\/www.yorku.ca\/yfile\/wp-content\/uploads\/sites\/889\/2020\/10\/official_vari_statement-FEATURED.jpg","width":880,"height":290,"caption":"Vari Hall"},{"@type":"BreadcrumbList","@id":"https:\/\/www.yorku.ca\/yfile\/2020\/10\/28\/a-statement-from-president-rhonda-l-lenton-on-the-violence-in-nigeria\/#breadcrumb","itemListElement":[{"@type":"ListItem","position":1,"name":"Home","item":"https:\/\/www.yorku.ca\/yfile\/"},{"@type":"ListItem","position":2,"name":"A statement from President Rhonda L. Lenton on the violence in Nigeria"}]},{"@type":"WebSite","@id":"https:\/\/www.yorku.ca\/yfile\/#website","url":"https:\/\/www.yorku.ca\/yfile\/","name":"YFile","description":"","potentialAction":[{"@type":"SearchAction","target":{"@type":"EntryPoint","urlTemplate":"https:\/\/www.yorku.ca\/yfile\/?s={search_term_string}"},"query-input":{"@type":"PropertyValueSpecification","valueRequired":true,"valueName":"search_term_string"}}],"inLanguage":"en-CA"},{"@type":"Person","@id":"https:\/\/www.yorku.ca\/yfile\/#\/schema\/person\/21f3dffe794363be5ece4ec7f538a0c0","name":"phalfert","image":{"@type":"ImageObject","inLanguage":"en-CA","@id":"https:\/\/secure.gravatar.com\/avatar\/9e3ac8a4ede7f72dd695c074c5291e11739705deae1422de177298d5aad6d559?s=96&d=mm&r=g","url":"https:\/\/secure.gravatar.com\/avatar\/9e3ac8a4ede7f72dd695c074c5291e11739705deae1422de177298d5aad6d559?s=96&d=mm&r=g","contentUrl":"https:\/\/secure.gravatar.com\/avatar\/9e3ac8a4ede7f72dd695c074c5291e11739705deae1422de177298d5aad6d559?s=96&d=mm&r=g","caption":"phalfert"},"url":"https:\/\/www.yorku.ca\/yfile\/author\/phalfert\/"}]}},"taxonomy_info":{"category":[{"value":1,"label":"Uncategorized"}],"yfileauthor":[{"value":204,"label":"YFile Staff"}],"tags-to-show":[{"value":174,"label":"President"}]},"featured_image_src_large":["https:\/\/www.yorku.ca\/yfile\/wp-content\/uploads\/sites\/889\/2020\/10\/official_vari_statement-FEATURED.jpg",880,290,false],"author_info":{"display_name":"phalfert","author_link":"https:\/\/www.yorku.ca\/yfile\/author\/phalfert\/"},"comment_info":0,"category_info":[{"term_id":1,"name":"Uncategorized","slug":"uncategorized","term_group":0,"term_taxonomy_id":1,"taxonomy":"category","description":"","parent":0,"count":1810,"filter":"raw","cat_ID":1,"category_count":1810,"category_description":"","cat_name":"Uncategorized","category_nicename":"uncategorized","category_parent":0}],"tag_info":false,"_links":{"self":[{"href":"https:\/\/www.yorku.ca\/yfile\/wp-json\/wp\/v2\/posts\/281431","targetHints":{"allow":["GET"]}}],"collection":[{"href":"https:\/\/www.yorku.ca\/yfile\/wp-json\/wp\/v2\/posts"}],"about":[{"href":"https:\/\/www.yorku.ca\/yfile\/wp-json\/wp\/v2\/types\/post"}],"author":[{"embeddable":true,"href":"https:\/\/www.yorku.ca\/yfile\/wp-json\/wp\/v2\/users\/5"}],"replies":[{"embeddable":true,"href":"https:\/\/www.yorku.ca\/yfile\/wp-json\/wp\/v2\/comments?post=281431"}],"version-history":[{"count":1,"href":"https:\/\/www.yorku.ca\/yfile\/wp-json\/wp\/v2\/posts\/281431\/revisions"}],"predecessor-version":[{"id":388738,"href":"https:\/\/www.yorku.ca\/yfile\/wp-json\/wp\/v2\/posts\/281431\/revisions\/388738"}],"wp:featuredmedia":[{"embeddable":true,"href":"https:\/\/www.yorku.ca\/yfile\/wp-json\/wp\/v2\/media\/281434"}],"wp:attachment":[{"href":"https:\/\/www.yorku.ca\/yfile\/wp-json\/wp\/v2\/media?parent=281431"}],"wp:term":[{"taxonomy":"category","embeddable":true,"href":"https:\/\/www.yorku.ca\/yfile\/wp-json\/wp\/v2\/categories?post=281431"},{"taxonomy":"post_tag","embeddable":true,"href":"https:\/\/www.yorku.ca\/yfile\/wp-json\/wp\/v2\/tags?post=281431"},{"taxonomy":"yfileauthor","embeddable":true,"href":"https:\/\/www.yorku.ca\/yfile\/wp-json\/wp\/v2\/yfileauthor?post=281431"},{"taxonomy":"qualifier","embeddable":true,"href":"https:\/\/www.yorku.ca\/yfile\/wp-json\/wp\/v2\/qualifier?post=281431"},{"taxonomy":"yfile-author","embeddable":true,"href":"https:\/\/www.yorku.ca\/yfile\/wp-json\/wp\/v2\/yfile-author?post=281431"},{"taxonomy":"tags-to-show","embeddable":true,"href":"https:\/\/www.yorku.ca\/yfile\/wp-json\/wp\/v2\/tags-to-show?post=281431"},{"taxonomy":"workflow","embeddable":true,"href":"https:\/\/www.yorku.ca\/yfile\/wp-json\/wp\/v2\/workflow?post=281431"}],"curies":[{"name":"wp","href":"https:\/\/api.w.org\/{rel}","templated":true}]}}