{"id":285515,"date":"2021-03-10T17:15:35","date_gmt":"2021-03-10T22:15:35","guid":{"rendered":"https:\/\/yfiledev.uit.yorku.ca\/?p=285515"},"modified":"2025-04-03T11:12:09","modified_gmt":"2025-04-03T15:12:09","slug":"toronto-moves-into-grey-lockdown","status":"publish","type":"post","link":"https:\/\/www.yorku.ca\/yfile\/2021\/03\/10\/toronto-moves-into-grey-lockdown\/","title":{"rendered":"Toronto moves into Grey-lockdown"},"content":{"rendered":"<p><em>The following is a message to the University community from Provost &amp; Vice-President Academic Lisa Philipps:<\/em><\/p>\n<p>La version fran\u00e7aise suit la version anglaise.<\/p>\n<p><strong>Dear Colleagues<\/strong>,<\/p>\n<p>As you may know, on Friday, March 5 the Ontario government <a href=\"https:\/\/news.ontario.ca\/en\/release\/60580\/toronto-peel-and-north-bay-parry-sound-public-health-regions-returning-to-strengthened-covid-19-resp\" target=\"_blank\" rel=\"noopener\">announced<\/a> that the City of Toronto will move into \u201c<a href=\"https:\/\/www.ontario.ca\/page\/covid-19-response-framework-keeping-ontario-safe-and-open#grey\" target=\"_blank\" rel=\"noopener\">Grey-lockdown<\/a>,\u201d officially ending the Stay-at-Home order in the GTA as of March 8 at 12:01 a.m. At this time, we can confirm that this change does not pose any significant impacts to on-campus classes that have been planned for the Winter 2021 term.<\/p>\n<p>York University continues to focus our planning on ensuring that we are providing access to a high-quality learning experience for our community. As a reminder, the University has approved a limited number of courses that require in-person classes, imposing gathering limitations and other health and safety measures that meet with current <a href=\"https:\/\/www.toronto.ca\/home\/covid-19\/\" target=\"_blank\" rel=\"noopener\">public health requirements<\/a>.<\/p>\n<p>The <a href=\"https:\/\/yubettertogether.info.yorku.ca\/2021\/01\/community-update-23-ontario-declares-provincial-emergency\/\" target=\"_blank\" rel=\"noopener\">accommodations<\/a> that the University has made for the winter term will remain in place and adhere closely to the recently announced restrictions. For those seeking access to campus, we remind everyone that:<\/p>\n<ul>\n<li>If your activity is not part of a previously approved or ongoing instructional activity, requests to attend on-campus activities must be made by submitting a <a href=\"https:\/\/campusaccess.yorku.ca\/\" target=\"_blank\" rel=\"noopener\">campus access form<\/a>.<\/li>\n<li>Those who have been approved to come onto our campuses must complete the <a href=\"https:\/\/yubettertogether.info.yorku.ca\/appendix-a\/\" target=\"_blank\" rel=\"noopener\">screening checklist<\/a> every day before their visit, responding \u201cno\u201d to all questions in order to come on site.<\/li>\n<li>Libraries will remain open for contactless curb-side pickup and students with exceptional needs requiring access to book lockers, research appointments, digitization services, photocopiers and computers can contact <a href=\"mailto:askusyul@yorku.ca\" target=\"_blank\" rel=\"noopener\">askusyul@yorku.ca<\/a> for assistance.<\/li>\n<li>Y-Space will remain closed to in-person activities and Innovation York will continue to offer virtual support for affected entrepreneurs and staff.<\/li>\n<\/ul>\n<p>We continue to monitor the public health response to the COVID-19 pandemic and should any additional information about the impact of these current restrictions on campus activities come forward, it will be shared directly with affected students, staff, faculty and instructors. In the meantime, please visit the <a href=\"https:\/\/yubettertogether.info.yorku.ca\/\" target=\"_blank\" rel=\"noopener\">YU Better Together website<\/a> for regular updates.<\/p>\n<p>Sincerely,<\/p>\n<p><strong>Lisa Philipps<\/strong><br \/>\n<strong>Provost &amp; Vice-President Academic<\/strong><\/p>\n<hr \/>\n<h2>Passage de Toronto au palier gris - confinement<\/h2>\n<p>Chers coll\u00e8gues,<\/p>\n<p>Le vendredi\u00a05\u00a0mars, le gouvernement de l\u2019Ontario a mis fin au d\u00e9cret ordonnant de rester \u00e0 domicile et a <a href=\"https:\/\/news.ontario.ca\/fr\/release\/60581\/les-circonscriptions-sanitaires-de-toronto-de-peel-et-de-north-bay-parry-sound-reintegrent-le-cadre\">annonc\u00e9<\/a> le passage de la Ville de Toronto <a href=\"https:\/\/www.ontario.ca\/fr\/page\/cadre-dintervention-pour-la-covid-19-garder-lontario-en-securite-et-ouvert\">au palier gris - confinement<\/a> \u00e0 compter du 8\u00a0mars \u00e0 0 h 01. Nous confirmons que ce changement n\u2019entra\u00eene actuellement pas de r\u00e9percussions majeures sur les cours qui sont pr\u00e9vus sur le campus dans le cadre du trimestre d\u2019hiver\u00a02021.<\/p>\n<p>L\u2019Universit\u00e9 York continue d\u2019axer sa planification sur l\u2019offre d\u2019une exp\u00e9rience d\u2019apprentissage de haute qualit\u00e9 \u00e0 sa communaut\u00e9. \u00c0 titre de rappel, York a approuv\u00e9 un nombre limit\u00e9 de cours en pr\u00e9sentiel avec des restrictions strictes en place pour les rassemblements, en plus d\u2019autres mesures de sant\u00e9 et de s\u00e9curit\u00e9 conformes aux <a href=\"https:\/\/www.toronto.ca\/home\/covid-19\/\">exigences actuelles de sant\u00e9 publique.<\/a><\/p>\n<p>Les <a href=\"https:\/\/yubettertogether.info.yorku.ca\/2021\/01\/mise-a-jour-communautaire-23-lontario-declare-une-situation-durgence-provinciale\/?lang=fr\">mesures d\u2019adaptation<\/a> que l\u2019Universit\u00e9 a instaur\u00e9es pour le trimestre d\u2019hiver sont conformes aux nouvelles restrictions r\u00e9cemment annonc\u00e9es. Si vous avez besoin d\u2019acc\u00e9der au campus, n\u2019oubliez pas que\u00a0:<\/p>\n<ul>\n<li>Si votre activit\u00e9 ne fait pas partie d\u2019une activit\u00e9 p\u00e9dagogique d\u00e9j\u00e0 approuv\u00e9e ou en cours, vous devez soumettre un <a href=\"https:\/\/campusaccess.yorku.ca\/\">formulaire de demande d\u2019acc\u00e8s au campus<\/a><u>.<\/u><\/li>\n<li>Les personnes autoris\u00e9es \u00e0 fr\u00e9quenter nos campus doivent remplir le <a href=\"https:\/\/yubettertogether.info.yorku.ca\/appendix-a\/\">questionnaire de d\u00e9pistage<\/a> chaque jour avant leur visite. Pour pouvoir venir sur le campus, elles doivent avoir r\u00e9pondu \u00ab\u00a0non\u00a0\u00bb \u00e0 chaque question du questionnaire.<\/li>\n<li>Les biblioth\u00e8ques restent ouvertes pour la collecte sans contact en bordure de trottoir; les \u00e9tudiants qui ont exceptionnellement besoin d\u2019acc\u00e9der \u00e0 des casiers de livres, des rendez-vous de recherche, des services de num\u00e9risation ou des photocopieurs et ordinateurs peuvent contacter <a href=\"mailto:askusyul@yorku.ca\">askusyul@yorku.ca<\/a> pour obtenir de l\u2019aide.<\/li>\n<li>Y-Space reste ferm\u00e9 aux activit\u00e9s en personne. Innovation York continue d\u2019offrir un soutien virtuel aux entreprises et aux membres du personnel concern\u00e9s.<\/li>\n<\/ul>\n<p>Nous surveillons constamment la r\u00e9ponse des autorit\u00e9s de sant\u00e9 publique \u00e0 la pand\u00e9mie de la COVID-19. En cas de nouveaux d\u00e9veloppements relatifs \u00e0 l\u2019incidence de ces restrictions sur les activit\u00e9s du campus, nous les communiquerons directement aux membres du corps \u00e9tudiant, du personnel, du corps professoral et du corps enseignant concern\u00e9s. Entre-temps, vous pouvez trouver les derni\u00e8res nouvelles sur notre site Web <a href=\"https:\/\/yubettertogether.info.yorku.ca\/?lang=fr\">YU Better Together<\/a>.<\/p>\n<p>Sinc\u00e8res salutations,<\/p>\n<p><strong>Lisa Philipps<\/strong><br \/>\n<strong>Rectrice et vice-pr\u00e9sidente aux affaires acad\u00e9miques<\/strong><\/p>\n","protected":false},"excerpt":{"rendered":"<p>On Friday, March 5 the Ontario government announced that the City of Toronto will move into \"Grey-lockdown,\" officially ending the Stay-at-Home order in the GTA as of March 8 at 12:01 a.m. At this time, the University can confirm that this change does not pose any significant impacts to on-campus classes that have been planned for the Winter 2021 term.<\/p>\n","protected":false},"author":5,"featured_media":249731,"comment_status":"closed","ping_status":"closed","sticky":false,"template":"","format":"standard","meta":{"_acf_changed":false,"_kad_blocks_custom_css":"","_kad_blocks_head_custom_js":"","_kad_blocks_body_custom_js":"","_kad_blocks_footer_custom_js":"","footnotes":""},"categories":[1],"tags":[],"yfileauthor":[204],"qualifier":[],"yfile-author":[],"tags-to-show":[146],"workflow":[],"class_list":["post-285515","post","type-post","status-publish","format-standard","has-post-thumbnail","hentry","category-uncategorized","yfileauthor-yfilestaff","tags-to-show-students"],"acf":{"internal_publish_date":null,"original_image":null},"yoast_head":"<!-- This site is optimized with the Yoast SEO plugin v27.4 - https:\/\/yoast.com\/product\/yoast-seo-wordpress\/ -->\n<title>Toronto moves into Grey-lockdown - YFile<\/title>\n<meta name=\"robots\" content=\"index, follow, max-snippet:-1, max-image-preview:large, max-video-preview:-1\" \/>\n<link rel=\"canonical\" href=\"https:\/\/www.yorku.ca\/yfile\/2021\/03\/10\/toronto-moves-into-grey-lockdown\/\" \/>\n<meta property=\"og:locale\" content=\"en_US\" \/>\n<meta property=\"og:type\" content=\"article\" \/>\n<meta property=\"og:title\" content=\"Toronto moves into Grey-lockdown - YFile\" \/>\n<meta property=\"og:description\" content=\"On Friday, March 5 the Ontario government announced that the City of Toronto will move into &quot;Grey-lockdown,&quot; officially ending the Stay-at-Home order in the GTA as of March 8 at 12:01 a.m. At this time, the University can confirm that this change does not pose any significant impacts to on-campus classes that have been planned for the Winter 2021 term.\" \/>\n<meta property=\"og:url\" content=\"https:\/\/www.yorku.ca\/yfile\/2021\/03\/10\/toronto-moves-into-grey-lockdown\/\" \/>\n<meta property=\"og:site_name\" content=\"YFile\" \/>\n<meta property=\"article:published_time\" content=\"2021-03-10T22:15:35+00:00\" \/>\n<meta property=\"article:modified_time\" content=\"2025-04-03T15:12:09+00:00\" \/>\n<meta property=\"og:image\" content=\"https:\/\/www.yorku.ca\/yfile\/wp-content\/uploads\/sites\/889\/2018\/01\/VariFEATURED.jpg\" \/>\n\t<meta property=\"og:image:width\" content=\"880\" \/>\n\t<meta property=\"og:image:height\" content=\"290\" \/>\n\t<meta property=\"og:image:type\" content=\"image\/jpeg\" \/>\n<meta name=\"author\" content=\"phalfert\" \/>\n<meta name=\"twitter:card\" content=\"summary_large_image\" \/>\n<meta name=\"twitter:label1\" content=\"Written by\" \/>\n\t<meta name=\"twitter:data1\" content=\"phalfert\" \/>\n\t<meta name=\"twitter:label2\" content=\"Est. reading time\" \/>\n\t<meta name=\"twitter:data2\" content=\"4 minutes\" \/>\n<script type=\"application\/ld+json\" class=\"yoast-schema-graph\">{\"@context\":\"https:\\\/\\\/schema.org\",\"@graph\":[{\"@type\":\"Article\",\"@id\":\"https:\\\/\\\/www.yorku.ca\\\/yfile\\\/2021\\\/03\\\/10\\\/toronto-moves-into-grey-lockdown\\\/#article\",\"isPartOf\":{\"@id\":\"https:\\\/\\\/www.yorku.ca\\\/yfile\\\/2021\\\/03\\\/10\\\/toronto-moves-into-grey-lockdown\\\/\"},\"author\":{\"name\":\"phalfert\",\"@id\":\"https:\\\/\\\/www.yorku.ca\\\/yfile\\\/#\\\/schema\\\/person\\\/21f3dffe794363be5ece4ec7f538a0c0\"},\"headline\":\"Toronto moves into Grey-lockdown\",\"datePublished\":\"2021-03-10T22:15:35+00:00\",\"dateModified\":\"2025-04-03T15:12:09+00:00\",\"mainEntityOfPage\":{\"@id\":\"https:\\\/\\\/www.yorku.ca\\\/yfile\\\/2021\\\/03\\\/10\\\/toronto-moves-into-grey-lockdown\\\/\"},\"wordCount\":756,\"image\":{\"@id\":\"https:\\\/\\\/www.yorku.ca\\\/yfile\\\/2021\\\/03\\\/10\\\/toronto-moves-into-grey-lockdown\\\/#primaryimage\"},\"thumbnailUrl\":\"https:\\\/\\\/www.yorku.ca\\\/yfile\\\/wp-content\\\/uploads\\\/sites\\\/889\\\/2018\\\/01\\\/VariFEATURED.jpg\",\"inLanguage\":\"en-CA\",\"copyrightYear\":\"2021\",\"copyrightHolder\":{\"@id\":\"https:\\\/\\\/www.yorku.ca\\\/yfile\\\/#organization\"}},{\"@type\":\"WebPage\",\"@id\":\"https:\\\/\\\/www.yorku.ca\\\/yfile\\\/2021\\\/03\\\/10\\\/toronto-moves-into-grey-lockdown\\\/\",\"url\":\"https:\\\/\\\/www.yorku.ca\\\/yfile\\\/2021\\\/03\\\/10\\\/toronto-moves-into-grey-lockdown\\\/\",\"name\":\"Toronto moves into Grey-lockdown - YFile\",\"isPartOf\":{\"@id\":\"https:\\\/\\\/www.yorku.ca\\\/yfile\\\/#website\"},\"primaryImageOfPage\":{\"@id\":\"https:\\\/\\\/www.yorku.ca\\\/yfile\\\/2021\\\/03\\\/10\\\/toronto-moves-into-grey-lockdown\\\/#primaryimage\"},\"image\":{\"@id\":\"https:\\\/\\\/www.yorku.ca\\\/yfile\\\/2021\\\/03\\\/10\\\/toronto-moves-into-grey-lockdown\\\/#primaryimage\"},\"thumbnailUrl\":\"https:\\\/\\\/www.yorku.ca\\\/yfile\\\/wp-content\\\/uploads\\\/sites\\\/889\\\/2018\\\/01\\\/VariFEATURED.jpg\",\"datePublished\":\"2021-03-10T22:15:35+00:00\",\"dateModified\":\"2025-04-03T15:12:09+00:00\",\"author\":{\"@id\":\"https:\\\/\\\/www.yorku.ca\\\/yfile\\\/#\\\/schema\\\/person\\\/21f3dffe794363be5ece4ec7f538a0c0\"},\"breadcrumb\":{\"@id\":\"https:\\\/\\\/www.yorku.ca\\\/yfile\\\/2021\\\/03\\\/10\\\/toronto-moves-into-grey-lockdown\\\/#breadcrumb\"},\"inLanguage\":\"en-CA\",\"potentialAction\":[{\"@type\":\"ReadAction\",\"target\":[\"https:\\\/\\\/www.yorku.ca\\\/yfile\\\/2021\\\/03\\\/10\\\/toronto-moves-into-grey-lockdown\\\/\"]}]},{\"@type\":\"ImageObject\",\"inLanguage\":\"en-CA\",\"@id\":\"https:\\\/\\\/www.yorku.ca\\\/yfile\\\/2021\\\/03\\\/10\\\/toronto-moves-into-grey-lockdown\\\/#primaryimage\",\"url\":\"https:\\\/\\\/www.yorku.ca\\\/yfile\\\/wp-content\\\/uploads\\\/sites\\\/889\\\/2018\\\/01\\\/VariFEATURED.jpg\",\"contentUrl\":\"https:\\\/\\\/www.yorku.ca\\\/yfile\\\/wp-content\\\/uploads\\\/sites\\\/889\\\/2018\\\/01\\\/VariFEATURED.jpg\",\"width\":880,\"height\":290,\"caption\":\"Vari Hall at night\"},{\"@type\":\"BreadcrumbList\",\"@id\":\"https:\\\/\\\/www.yorku.ca\\\/yfile\\\/2021\\\/03\\\/10\\\/toronto-moves-into-grey-lockdown\\\/#breadcrumb\",\"itemListElement\":[{\"@type\":\"ListItem\",\"position\":1,\"name\":\"Home\",\"item\":\"https:\\\/\\\/www.yorku.ca\\\/yfile\\\/\"},{\"@type\":\"ListItem\",\"position\":2,\"name\":\"Toronto moves into Grey-lockdown\"}]},{\"@type\":\"WebSite\",\"@id\":\"https:\\\/\\\/www.yorku.ca\\\/yfile\\\/#website\",\"url\":\"https:\\\/\\\/www.yorku.ca\\\/yfile\\\/\",\"name\":\"YFile\",\"description\":\"\",\"potentialAction\":[{\"@type\":\"SearchAction\",\"target\":{\"@type\":\"EntryPoint\",\"urlTemplate\":\"https:\\\/\\\/www.yorku.ca\\\/yfile\\\/?s={search_term_string}\"},\"query-input\":{\"@type\":\"PropertyValueSpecification\",\"valueRequired\":true,\"valueName\":\"search_term_string\"}}],\"inLanguage\":\"en-CA\"},{\"@type\":\"Person\",\"@id\":\"https:\\\/\\\/www.yorku.ca\\\/yfile\\\/#\\\/schema\\\/person\\\/21f3dffe794363be5ece4ec7f538a0c0\",\"name\":\"phalfert\",\"image\":{\"@type\":\"ImageObject\",\"inLanguage\":\"en-CA\",\"@id\":\"https:\\\/\\\/secure.gravatar.com\\\/avatar\\\/9e3ac8a4ede7f72dd695c074c5291e11739705deae1422de177298d5aad6d559?s=96&d=mm&r=g\",\"url\":\"https:\\\/\\\/secure.gravatar.com\\\/avatar\\\/9e3ac8a4ede7f72dd695c074c5291e11739705deae1422de177298d5aad6d559?s=96&d=mm&r=g\",\"contentUrl\":\"https:\\\/\\\/secure.gravatar.com\\\/avatar\\\/9e3ac8a4ede7f72dd695c074c5291e11739705deae1422de177298d5aad6d559?s=96&d=mm&r=g\",\"caption\":\"phalfert\"},\"url\":\"https:\\\/\\\/www.yorku.ca\\\/yfile\\\/author\\\/phalfert\\\/\"}]}<\/script>\n<!-- \/ Yoast SEO plugin. -->","yoast_head_json":{"title":"Toronto moves into Grey-lockdown - YFile","robots":{"index":"index","follow":"follow","max-snippet":"max-snippet:-1","max-image-preview":"max-image-preview:large","max-video-preview":"max-video-preview:-1"},"canonical":"https:\/\/www.yorku.ca\/yfile\/2021\/03\/10\/toronto-moves-into-grey-lockdown\/","og_locale":"en_US","og_type":"article","og_title":"Toronto moves into Grey-lockdown - YFile","og_description":"On Friday, March 5 the Ontario government announced that the City of Toronto will move into \"Grey-lockdown,\" officially ending the Stay-at-Home order in the GTA as of March 8 at 12:01 a.m. At this time, the University can confirm that this change does not pose any significant impacts to on-campus classes that have been planned for the Winter 2021 term.","og_url":"https:\/\/www.yorku.ca\/yfile\/2021\/03\/10\/toronto-moves-into-grey-lockdown\/","og_site_name":"YFile","article_published_time":"2021-03-10T22:15:35+00:00","article_modified_time":"2025-04-03T15:12:09+00:00","og_image":[{"width":880,"height":290,"url":"https:\/\/www.yorku.ca\/yfile\/wp-content\/uploads\/sites\/889\/2018\/01\/VariFEATURED.jpg","type":"image\/jpeg"}],"author":"phalfert","twitter_card":"summary_large_image","twitter_misc":{"Written by":"phalfert","Est. reading time":"4 minutes"},"schema":{"@context":"https:\/\/schema.org","@graph":[{"@type":"Article","@id":"https:\/\/www.yorku.ca\/yfile\/2021\/03\/10\/toronto-moves-into-grey-lockdown\/#article","isPartOf":{"@id":"https:\/\/www.yorku.ca\/yfile\/2021\/03\/10\/toronto-moves-into-grey-lockdown\/"},"author":{"name":"phalfert","@id":"https:\/\/www.yorku.ca\/yfile\/#\/schema\/person\/21f3dffe794363be5ece4ec7f538a0c0"},"headline":"Toronto moves into Grey-lockdown","datePublished":"2021-03-10T22:15:35+00:00","dateModified":"2025-04-03T15:12:09+00:00","mainEntityOfPage":{"@id":"https:\/\/www.yorku.ca\/yfile\/2021\/03\/10\/toronto-moves-into-grey-lockdown\/"},"wordCount":756,"image":{"@id":"https:\/\/www.yorku.ca\/yfile\/2021\/03\/10\/toronto-moves-into-grey-lockdown\/#primaryimage"},"thumbnailUrl":"https:\/\/www.yorku.ca\/yfile\/wp-content\/uploads\/sites\/889\/2018\/01\/VariFEATURED.jpg","inLanguage":"en-CA","copyrightYear":"2021","copyrightHolder":{"@id":"https:\/\/www.yorku.ca\/yfile\/#organization"}},{"@type":"WebPage","@id":"https:\/\/www.yorku.ca\/yfile\/2021\/03\/10\/toronto-moves-into-grey-lockdown\/","url":"https:\/\/www.yorku.ca\/yfile\/2021\/03\/10\/toronto-moves-into-grey-lockdown\/","name":"Toronto moves into Grey-lockdown - YFile","isPartOf":{"@id":"https:\/\/www.yorku.ca\/yfile\/#website"},"primaryImageOfPage":{"@id":"https:\/\/www.yorku.ca\/yfile\/2021\/03\/10\/toronto-moves-into-grey-lockdown\/#primaryimage"},"image":{"@id":"https:\/\/www.yorku.ca\/yfile\/2021\/03\/10\/toronto-moves-into-grey-lockdown\/#primaryimage"},"thumbnailUrl":"https:\/\/www.yorku.ca\/yfile\/wp-content\/uploads\/sites\/889\/2018\/01\/VariFEATURED.jpg","datePublished":"2021-03-10T22:15:35+00:00","dateModified":"2025-04-03T15:12:09+00:00","author":{"@id":"https:\/\/www.yorku.ca\/yfile\/#\/schema\/person\/21f3dffe794363be5ece4ec7f538a0c0"},"breadcrumb":{"@id":"https:\/\/www.yorku.ca\/yfile\/2021\/03\/10\/toronto-moves-into-grey-lockdown\/#breadcrumb"},"inLanguage":"en-CA","potentialAction":[{"@type":"ReadAction","target":["https:\/\/www.yorku.ca\/yfile\/2021\/03\/10\/toronto-moves-into-grey-lockdown\/"]}]},{"@type":"ImageObject","inLanguage":"en-CA","@id":"https:\/\/www.yorku.ca\/yfile\/2021\/03\/10\/toronto-moves-into-grey-lockdown\/#primaryimage","url":"https:\/\/www.yorku.ca\/yfile\/wp-content\/uploads\/sites\/889\/2018\/01\/VariFEATURED.jpg","contentUrl":"https:\/\/www.yorku.ca\/yfile\/wp-content\/uploads\/sites\/889\/2018\/01\/VariFEATURED.jpg","width":880,"height":290,"caption":"Vari Hall at night"},{"@type":"BreadcrumbList","@id":"https:\/\/www.yorku.ca\/yfile\/2021\/03\/10\/toronto-moves-into-grey-lockdown\/#breadcrumb","itemListElement":[{"@type":"ListItem","position":1,"name":"Home","item":"https:\/\/www.yorku.ca\/yfile\/"},{"@type":"ListItem","position":2,"name":"Toronto moves into Grey-lockdown"}]},{"@type":"WebSite","@id":"https:\/\/www.yorku.ca\/yfile\/#website","url":"https:\/\/www.yorku.ca\/yfile\/","name":"YFile","description":"","potentialAction":[{"@type":"SearchAction","target":{"@type":"EntryPoint","urlTemplate":"https:\/\/www.yorku.ca\/yfile\/?s={search_term_string}"},"query-input":{"@type":"PropertyValueSpecification","valueRequired":true,"valueName":"search_term_string"}}],"inLanguage":"en-CA"},{"@type":"Person","@id":"https:\/\/www.yorku.ca\/yfile\/#\/schema\/person\/21f3dffe794363be5ece4ec7f538a0c0","name":"phalfert","image":{"@type":"ImageObject","inLanguage":"en-CA","@id":"https:\/\/secure.gravatar.com\/avatar\/9e3ac8a4ede7f72dd695c074c5291e11739705deae1422de177298d5aad6d559?s=96&d=mm&r=g","url":"https:\/\/secure.gravatar.com\/avatar\/9e3ac8a4ede7f72dd695c074c5291e11739705deae1422de177298d5aad6d559?s=96&d=mm&r=g","contentUrl":"https:\/\/secure.gravatar.com\/avatar\/9e3ac8a4ede7f72dd695c074c5291e11739705deae1422de177298d5aad6d559?s=96&d=mm&r=g","caption":"phalfert"},"url":"https:\/\/www.yorku.ca\/yfile\/author\/phalfert\/"}]}},"taxonomy_info":{"category":[{"value":1,"label":"Uncategorized"}],"yfileauthor":[{"value":204,"label":"YFile Staff"}],"tags-to-show":[{"value":146,"label":"Students"}]},"featured_image_src_large":["https:\/\/www.yorku.ca\/yfile\/wp-content\/uploads\/sites\/889\/2018\/01\/VariFEATURED.jpg",880,290,false],"author_info":{"display_name":"phalfert","author_link":"https:\/\/www.yorku.ca\/yfile\/author\/phalfert\/"},"comment_info":0,"category_info":[{"term_id":1,"name":"Uncategorized","slug":"uncategorized","term_group":0,"term_taxonomy_id":1,"taxonomy":"category","description":"","parent":0,"count":1810,"filter":"raw","cat_ID":1,"category_count":1810,"category_description":"","cat_name":"Uncategorized","category_nicename":"uncategorized","category_parent":0}],"tag_info":false,"_links":{"self":[{"href":"https:\/\/www.yorku.ca\/yfile\/wp-json\/wp\/v2\/posts\/285515","targetHints":{"allow":["GET"]}}],"collection":[{"href":"https:\/\/www.yorku.ca\/yfile\/wp-json\/wp\/v2\/posts"}],"about":[{"href":"https:\/\/www.yorku.ca\/yfile\/wp-json\/wp\/v2\/types\/post"}],"author":[{"embeddable":true,"href":"https:\/\/www.yorku.ca\/yfile\/wp-json\/wp\/v2\/users\/5"}],"replies":[{"embeddable":true,"href":"https:\/\/www.yorku.ca\/yfile\/wp-json\/wp\/v2\/comments?post=285515"}],"version-history":[{"count":1,"href":"https:\/\/www.yorku.ca\/yfile\/wp-json\/wp\/v2\/posts\/285515\/revisions"}],"predecessor-version":[{"id":389249,"href":"https:\/\/www.yorku.ca\/yfile\/wp-json\/wp\/v2\/posts\/285515\/revisions\/389249"}],"wp:featuredmedia":[{"embeddable":true,"href":"https:\/\/www.yorku.ca\/yfile\/wp-json\/wp\/v2\/media\/249731"}],"wp:attachment":[{"href":"https:\/\/www.yorku.ca\/yfile\/wp-json\/wp\/v2\/media?parent=285515"}],"wp:term":[{"taxonomy":"category","embeddable":true,"href":"https:\/\/www.yorku.ca\/yfile\/wp-json\/wp\/v2\/categories?post=285515"},{"taxonomy":"post_tag","embeddable":true,"href":"https:\/\/www.yorku.ca\/yfile\/wp-json\/wp\/v2\/tags?post=285515"},{"taxonomy":"yfileauthor","embeddable":true,"href":"https:\/\/www.yorku.ca\/yfile\/wp-json\/wp\/v2\/yfileauthor?post=285515"},{"taxonomy":"qualifier","embeddable":true,"href":"https:\/\/www.yorku.ca\/yfile\/wp-json\/wp\/v2\/qualifier?post=285515"},{"taxonomy":"yfile-author","embeddable":true,"href":"https:\/\/www.yorku.ca\/yfile\/wp-json\/wp\/v2\/yfile-author?post=285515"},{"taxonomy":"tags-to-show","embeddable":true,"href":"https:\/\/www.yorku.ca\/yfile\/wp-json\/wp\/v2\/tags-to-show?post=285515"},{"taxonomy":"workflow","embeddable":true,"href":"https:\/\/www.yorku.ca\/yfile\/wp-json\/wp\/v2\/workflow?post=285515"}],"curies":[{"name":"wp","href":"https:\/\/api.w.org\/{rel}","templated":true}]}}