{"id":293729,"date":"2021-09-28T15:45:07","date_gmt":"2021-09-28T19:45:07","guid":{"rendered":"https:\/\/yfile.news.yorku.ca\/?p=293729"},"modified":"2025-04-02T13:22:45","modified_gmt":"2025-04-02T17:22:45","slug":"key-reminders-about-york-universitys-vaccination-mandate","status":"publish","type":"post","link":"https:\/\/www.yorku.ca\/yfile\/2021\/09\/28\/key-reminders-about-york-universitys-vaccination-mandate\/","title":{"rendered":"Key reminders about York University\u2019s vaccination mandate"},"content":{"rendered":"\n<p>Dear York community,<\/p>\n\n\n\n<p>As recently <a href=\"https:\/\/news.ontario.ca\/en\/release\/1000779\/ontario-to-require-proof-of-vaccination-in-select-settings\" data-type=\"URL\" data-id=\"https:\/\/news.ontario.ca\/en\/release\/1000779\/ontario-to-require-proof-of-vaccination-in-select-settings\" target=\"_blank\" rel=\"noreferrer noopener\">announced by the province<\/a>, Ontarians will need to provide proof of vaccination to access certain businesses and services from <strong>Sept. 22<\/strong> onward. You may already be aware that this can impact different spaces located on York\u2019s campuses and you will be required to have proof of vaccination ready to show if and when it is requested.<\/p>\n\n\n\n<p>The University\u2019s <a rel=\"noreferrer noopener\" href=\"https:\/\/www.yorku.ca\/secretariat\/policies\/policies\/covid-19-vaccination-mandate\/\" target=\"_blank\">vaccine policy<\/a> is integral to our ongoing commitment to health and safety. As a reminder, you are required to have received your second dose of a two-dose series or a complete one-dose series by <strong>Oct. 5<\/strong> in order to continue accessing York\u2019s campuses from <strong>Oct. 19<\/strong> onward, including for the winter term. If you have not received a Health Canada-approved vaccine, please see this <a rel=\"noreferrer noopener\" href=\"https:\/\/www.yorku.ca\/bettertogether\/2021\/09\/21\/important-updated-vaccination-guidelines-for-ontario\/\" data-type=\"URL\" data-id=\"https:\/\/www.yorku.ca\/bettertogether\/2021\/09\/21\/important-updated-vaccination-guidelines-for-ontario\/\" target=\"_blank\">update<\/a> for next steps.<\/p>\n\n\n\n<p>To ensure our continued alignment with this direction, all York University employees will be required to disclose their vaccination status through <a href=\"https:\/\/yorku.ubixhealth.com\/login\" data-type=\"URL\" data-id=\"https:\/\/yorku.ubixhealth.com\/login\" target=\"_blank\" rel=\"noreferrer noopener\">YU Screen<\/a> by no later than <strong>Oct. 5<\/strong>. Additionally, all students who will be accessing York campuses for any activity will be required to disclose their vaccination status by this date.<\/p>\n\n\n\n<p><strong>Until Oct.18<\/strong>, if you are unvaccinated, partially vaccinated or seeking an exemption, you must participate in York\u2019s testing program, with FAQs <a rel=\"noreferrer noopener\" href=\"https:\/\/www.yorku.ca\/bettertogether\/faqs\/#Testing\" data-type=\"URL\" data-id=\"https:\/\/www.yorku.ca\/bettertogether\/faqs\/#Testing\" target=\"_blank\">available here<\/a>. All University community members can access free rapid testing (followed by a PCR test should the rapid test come back positive) up to two times per week. Testing is provided by registered clinicians and, please note, you must pass YU Screen before coming to clinics.<\/p>\n\n\n\n<p>If you are a guest or a visitor to York\u2019s campuses, you must use YU Screen before coming to York\u2019s campuses to confirm that you are not currently experiencing any symptoms of COVID-19 and to confirm your vaccination status before visiting.<\/p>\n\n\n\n<p>We appreciate your commitment to keeping our campuses safe this fall. Here is a reminder of key dates that relate to York\u2019s vaccine policy:<\/p>\n\n\n\n<h3 class=\"wp-block-heading\">Key Dates<\/h3>\n\n\n\n<p>\u2022 <strong>Sept. 28 to 30<\/strong>: Vaccine clinics continue to run at the Aviva Centre on Keele Campus. You do not need an appointment and will be required to show one piece of identification.<br>\u2022 <strong>Oct. 5<\/strong>: All York University employees and students who are accessing York\u2019s campuses must disclose vaccination status through YU Screen.<br>\u2022 <strong>Oct. 19<\/strong>: All University community members must be fully vaccinated or have an approved exemption in order to access campuses for the fall and winter terms. Those with an approved exemption will continue to participate in York\u2019s COVID-19 Testing Program, with FAQs <a rel=\"noreferrer noopener\" href=\"https:\/\/www.yorku.ca\/bettertogether\/faqs\/#Testing\" target=\"_blank\">available here<\/a>.<\/p>\n\n\n\n<p>Thank you for continuing to use <a href=\"https:\/\/yorku.ubixhealth.com\/login\" data-type=\"URL\" data-id=\"https:\/\/yorku.ubixhealth.com\/login\" target=\"_blank\" rel=\"noreferrer noopener\">YU Screen<\/a> before coming to campus on the days you are scheduled to be present this fall. For the latest updates relating to health and safety with respect to the pandemic, please continue to visit the <a href=\"https:\/\/www.yorku.ca\/bettertogether\/\" data-type=\"URL\" data-id=\"https:\/\/www.yorku.ca\/bettertogether\/\" target=\"_blank\" rel=\"noreferrer noopener\">Better Together<\/a> website.<\/p>\n\n\n\n<p>Sincerely,<\/p>\n\n\n\n<p><strong>Parissa Safai<br>Special Advisor to the President for Academic Continuity Planning and COVID-19 Response<\/strong><\/p>\n\n\n\n<hr class=\"wp-block-separator\"\/>\n\n\n\n<h2 class=\"wp-block-heading\"><strong>Rappels importants au sujet de la politique de vaccination obligatoire de York<\/strong><\/h2>\n\n\n\n<p>Chers membres de la communaut\u00e9 de York,<\/p>\n\n\n\n<p>Comme <a href=\"https:\/\/news.ontario.ca\/fr\/release\/1000779\/lontario-exigera-une-preuve-de-vaccination-dans-certains-etablissements\">annonc\u00e9<\/a> r\u00e9cemment par la province, les Ontariens et Ontariennes devront fournir une preuve de vaccination pour acc\u00e9der \u00e0 certaines entreprises et \u00e0 certains services \u00e0 partir du 22&nbsp;septembre. Vous connaissez peut-\u00eatre d\u00e9j\u00e0 les r\u00e9percussions que cela aura sur les diff\u00e9rents espaces des campus de York. Vous devrez notamment pr\u00e9senter une preuve de vaccination si on vous le demande.<\/p>\n\n\n\n<p><a href=\"https:\/\/www.yorku.ca\/secretariat\/policies\/policies\/covid-19-vaccination-mandate\/\">La politique de vaccination<\/a> de l\u2019Universit\u00e9 fait partie int\u00e9grante de notre engagement envers la sant\u00e9 et la s\u00e9curit\u00e9. Nous vous rappelons que vous devez&nbsp;avoir re\u00e7u la deuxi\u00e8me dose d\u2019une s\u00e9rie de vaccins \u00e0 deux doses ou une s\u00e9rie compl\u00e8te de vaccins \u00e0 une seule dose&nbsp;avant le 5&nbsp;octobre pour pouvoir continuer \u00e0 fr\u00e9quenter les campus de York \u00e0 partir du 19&nbsp;octobre, y compris durant le trimestre d\u2019hiver.&nbsp;Si vous n\u2019avez pas encore re\u00e7u un vaccin approuv\u00e9 par Sant\u00e9 Canada, veuillez consulter <a href=\"https:\/\/www.yorku.ca\/bettertogether\/2021\/09\/21\/important-nouvelles-directives-de-vaccination-pour-lontario\/?lang=fr\">cette mise \u00e0 jour<\/a> pour conna\u00eetre les prochaines \u00e9tapes.&nbsp;<\/p>\n\n\n\n<p>Afin de garantir le respect continu de cette orientation, tous les employ\u00e9s de l\u2019Universit\u00e9 York devront d\u00e9clarer leur statut vaccinal dans l\u2019outil <a href=\"https:\/\/yorku.ubixhealth.com\/login\">YU d\u00e9pistage<\/a> <strong>le 5&nbsp;octobre <\/strong>au plus tard. De plus, tous les \u00e9tudiants qui se rendront sur les campus de York pour quelque activit\u00e9 que ce soit devront d\u00e9clarer leur statut vaccinal \u00e0 cette date.<\/p>\n\n\n\n<p>Jusqu\u2019au 18&nbsp;octobre, si vous n\u2019\u00eates pas vaccin\u00e9, si vous \u00eates partiellement vaccin\u00e9\/vaccine ou si vous demandez une exemption, vous devez participer au programme de d\u00e9pistage de York; une FAQ \u00e0 ce sujet est <a href=\"https:\/\/www.yorku.ca\/bettertogether\/foire-aux-questions-faqs\/?lang=fr#Testing\">disponible ici.<\/a> Tous les membres de la communaut\u00e9 universitaire peuvent obtenir un test de d\u00e9pistage gratuit (suivi d\u2019un test PCR si le test rapide est positif) jusqu\u2019\u00e0 deux fois par semaine. Les tests sont effectu\u00e9s par des cliniciens agr\u00e9\u00e9s. Veuillez noter qu\u2019il faut d\u2019abord \u00ab&nbsp;r\u00e9ussir&nbsp;\u00bb l\u2019auto\u00e9valuation dans YU D\u00e9pistage avant de se pr\u00e9senter aux cliniques. &nbsp;<\/p>\n\n\n\n<p>Si vous \u00eates invit\u00e9\/invit\u00e9e ou en visite sur les campus de York, vous devez utiliser l\u2019outil YU D\u00e9pistage avant de venir pour confirmer que vous ne pr\u00e9sentez actuellement aucun sympt\u00f4me de la COVID-19 et confirmer votre statut vaccinal avant votre visite.<\/p>\n\n\n\n<p>Nous vous remercions pour votre engagement envers la s\u00e9curit\u00e9 de nos campus cet automne. Voici un rappel des dates cl\u00e9s associ\u00e9es \u00e0 la politique de vaccination de York&nbsp;:<\/p>\n\n\n\n<h3 class=\"wp-block-heading\"><strong>Dates importantes<\/strong><strong><\/strong><\/h3>\n\n\n\n<ul class=\"wp-block-list\"><li><strong>28 au 30&nbsp;septembre<\/strong>&nbsp;: Les cliniques de vaccination se poursuivent au <a href=\"https:\/\/www.yorku.ca\/bettertogether\/2021\/09\/20\/community-update-62-upcoming-vaccine-clinics-at-york\/\">Centre Aviva sur le campus Keele<\/a>. Vous n\u2019avez pas besoin de prendre rendez-vous. Vous devrez pr\u00e9senter une pi\u00e8ce d\u2019identit\u00e9.<\/li><li><strong>5&nbsp;octobre<\/strong>&nbsp;: Tous les membres de la population \u00e9tudiante et du personnel de l\u2019Universit\u00e9 York qui se rendent sur les campus de l\u2019Universit\u00e9 doivent d\u00e9clarer leur statut vaccinal dans YU D\u00e9pistage.<\/li><li><strong>19&nbsp;octobre<\/strong>&nbsp;: Tous les membres de la communaut\u00e9 universitaire doivent \u00eatre enti\u00e8rement vaccin\u00e9s ou avoir une exemption approuv\u00e9e pour fr\u00e9quenter les campus durant les trimestres d\u2019automne et d\u2019hiver. Les personnes ayant une exemption approuv\u00e9e continueront \u00e0 participer au programme de d\u00e9pistage de la COVID-19 de York; une FAQ \u00e0 ce sujet est <a href=\"https:\/\/www.yorku.ca\/bettertogether\/foire-aux-questions-faqs\/?lang=fr#Testing\">disponible ici<\/a>.<\/li><\/ul>\n\n\n\n<p>Merci de bien vouloir utiliser l\u2019outil <a href=\"https:\/\/yorku.ubixhealth.com\/login\">YU D\u00e9pistage<\/a> avant de venir sur le campus les jours o\u00f9 votre pr\u00e9sence est pr\u00e9vue cet automne. Pour les derni\u00e8res mises \u00e0 jour sur la sant\u00e9 et la s\u00e9curit\u00e9 dans le cadre de la pand\u00e9mie, veuillez consulter le site <a href=\"https:\/\/www.yorku.ca\/bettertogether\/?lang=fr\">Better Together<\/a>.<\/p>\n\n\n\n<p>Sinc\u00e8res salutations,<\/p>\n\n\n\n<p><strong>Parissa Safai<br>Conseill\u00e8re sp\u00e9ciale de la pr\u00e9sidente pour la planification de la continuit\u00e9 acad\u00e9mique et la r\u00e9ponse \u00e0 la COVID-19<\/strong><\/p>\n","protected":false},"excerpt":{"rendered":"<p>As a reminder, University community members are required to have received the second dose of a two-dose series or a complete one-dose series by Oct. 5 in order to continue accessing York\u2019s campuses from Oct. 19 onward, including for the winter term.<\/p>\n","protected":false},"author":5,"featured_media":288282,"comment_status":"closed","ping_status":"closed","sticky":false,"template":"","format":"standard","meta":{"_acf_changed":false,"_kad_blocks_custom_css":"","_kad_blocks_head_custom_js":"","_kad_blocks_body_custom_js":"","_kad_blocks_footer_custom_js":"","footnotes":""},"categories":[25],"tags":[],"yfileauthor":[204],"qualifier":[],"yfile-author":[],"tags-to-show":[146],"workflow":[],"class_list":["post-293729","post","type-post","status-publish","format-standard","has-post-thumbnail","hentry","category-editors-picks","yfileauthor-yfilestaff","tags-to-show-students"],"acf":{"internal_publish_date":null,"original_image":null},"yoast_head":"<!-- This site is optimized with the Yoast SEO plugin v27.4 - https:\/\/yoast.com\/product\/yoast-seo-wordpress\/ -->\n<title>Key reminders about York University\u2019s vaccination mandate - YFile<\/title>\n<meta name=\"robots\" content=\"index, follow, max-snippet:-1, max-image-preview:large, max-video-preview:-1\" \/>\n<link rel=\"canonical\" href=\"https:\/\/www.yorku.ca\/yfile\/2021\/09\/28\/key-reminders-about-york-universitys-vaccination-mandate\/\" \/>\n<meta property=\"og:locale\" content=\"en_US\" \/>\n<meta property=\"og:type\" content=\"article\" \/>\n<meta property=\"og:title\" content=\"Key reminders about York University\u2019s vaccination mandate - YFile\" \/>\n<meta property=\"og:description\" content=\"As a reminder, University community members are required to have received the second dose of a two-dose series or a complete one-dose series by Oct. 5 in order to continue accessing York\u2019s campuses from Oct. 19 onward, including for the winter term.\" \/>\n<meta property=\"og:url\" content=\"https:\/\/www.yorku.ca\/yfile\/2021\/09\/28\/key-reminders-about-york-universitys-vaccination-mandate\/\" \/>\n<meta property=\"og:site_name\" content=\"YFile\" \/>\n<meta property=\"article:published_time\" content=\"2021-09-28T19:45:07+00:00\" \/>\n<meta property=\"article:modified_time\" content=\"2025-04-02T17:22:45+00:00\" \/>\n<meta property=\"og:image\" content=\"https:\/\/www.yorku.ca\/yfile\/wp-content\/uploads\/sites\/889\/2021\/05\/Vaccine-injection-photo-FEATURED.jpg\" \/>\n\t<meta property=\"og:image:width\" content=\"880\" \/>\n\t<meta property=\"og:image:height\" content=\"290\" \/>\n\t<meta property=\"og:image:type\" content=\"image\/jpeg\" \/>\n<meta name=\"author\" content=\"phalfert\" \/>\n<meta name=\"twitter:card\" content=\"summary_large_image\" \/>\n<meta name=\"twitter:label1\" content=\"Written by\" \/>\n\t<meta name=\"twitter:data1\" content=\"phalfert\" \/>\n\t<meta name=\"twitter:label2\" content=\"Est. reading time\" \/>\n\t<meta name=\"twitter:data2\" content=\"6 minutes\" \/>\n<script type=\"application\/ld+json\" class=\"yoast-schema-graph\">{\"@context\":\"https:\\\/\\\/schema.org\",\"@graph\":[{\"@type\":\"Article\",\"@id\":\"https:\\\/\\\/www.yorku.ca\\\/yfile\\\/2021\\\/09\\\/28\\\/key-reminders-about-york-universitys-vaccination-mandate\\\/#article\",\"isPartOf\":{\"@id\":\"https:\\\/\\\/www.yorku.ca\\\/yfile\\\/2021\\\/09\\\/28\\\/key-reminders-about-york-universitys-vaccination-mandate\\\/\"},\"author\":{\"name\":\"phalfert\",\"@id\":\"https:\\\/\\\/www.yorku.ca\\\/yfile\\\/#\\\/schema\\\/person\\\/21f3dffe794363be5ece4ec7f538a0c0\"},\"headline\":\"Key reminders about York University\u2019s vaccination mandate\",\"datePublished\":\"2021-09-28T19:45:07+00:00\",\"dateModified\":\"2025-04-02T17:22:45+00:00\",\"mainEntityOfPage\":{\"@id\":\"https:\\\/\\\/www.yorku.ca\\\/yfile\\\/2021\\\/09\\\/28\\\/key-reminders-about-york-universitys-vaccination-mandate\\\/\"},\"wordCount\":1129,\"image\":{\"@id\":\"https:\\\/\\\/www.yorku.ca\\\/yfile\\\/2021\\\/09\\\/28\\\/key-reminders-about-york-universitys-vaccination-mandate\\\/#primaryimage\"},\"thumbnailUrl\":\"https:\\\/\\\/www.yorku.ca\\\/yfile\\\/wp-content\\\/uploads\\\/sites\\\/889\\\/2021\\\/05\\\/Vaccine-injection-photo-FEATURED.jpg\",\"articleSection\":[\"Editor's Picks\"],\"inLanguage\":\"en-CA\",\"copyrightYear\":\"2021\",\"copyrightHolder\":{\"@id\":\"https:\\\/\\\/www.yorku.ca\\\/yfile\\\/#organization\"}},{\"@type\":\"WebPage\",\"@id\":\"https:\\\/\\\/www.yorku.ca\\\/yfile\\\/2021\\\/09\\\/28\\\/key-reminders-about-york-universitys-vaccination-mandate\\\/\",\"url\":\"https:\\\/\\\/www.yorku.ca\\\/yfile\\\/2021\\\/09\\\/28\\\/key-reminders-about-york-universitys-vaccination-mandate\\\/\",\"name\":\"Key reminders about York University\u2019s vaccination mandate - YFile\",\"isPartOf\":{\"@id\":\"https:\\\/\\\/www.yorku.ca\\\/yfile\\\/#website\"},\"primaryImageOfPage\":{\"@id\":\"https:\\\/\\\/www.yorku.ca\\\/yfile\\\/2021\\\/09\\\/28\\\/key-reminders-about-york-universitys-vaccination-mandate\\\/#primaryimage\"},\"image\":{\"@id\":\"https:\\\/\\\/www.yorku.ca\\\/yfile\\\/2021\\\/09\\\/28\\\/key-reminders-about-york-universitys-vaccination-mandate\\\/#primaryimage\"},\"thumbnailUrl\":\"https:\\\/\\\/www.yorku.ca\\\/yfile\\\/wp-content\\\/uploads\\\/sites\\\/889\\\/2021\\\/05\\\/Vaccine-injection-photo-FEATURED.jpg\",\"datePublished\":\"2021-09-28T19:45:07+00:00\",\"dateModified\":\"2025-04-02T17:22:45+00:00\",\"author\":{\"@id\":\"https:\\\/\\\/www.yorku.ca\\\/yfile\\\/#\\\/schema\\\/person\\\/21f3dffe794363be5ece4ec7f538a0c0\"},\"breadcrumb\":{\"@id\":\"https:\\\/\\\/www.yorku.ca\\\/yfile\\\/2021\\\/09\\\/28\\\/key-reminders-about-york-universitys-vaccination-mandate\\\/#breadcrumb\"},\"inLanguage\":\"en-CA\",\"potentialAction\":[{\"@type\":\"ReadAction\",\"target\":[\"https:\\\/\\\/www.yorku.ca\\\/yfile\\\/2021\\\/09\\\/28\\\/key-reminders-about-york-universitys-vaccination-mandate\\\/\"]}]},{\"@type\":\"ImageObject\",\"inLanguage\":\"en-CA\",\"@id\":\"https:\\\/\\\/www.yorku.ca\\\/yfile\\\/2021\\\/09\\\/28\\\/key-reminders-about-york-universitys-vaccination-mandate\\\/#primaryimage\",\"url\":\"https:\\\/\\\/www.yorku.ca\\\/yfile\\\/wp-content\\\/uploads\\\/sites\\\/889\\\/2021\\\/05\\\/Vaccine-injection-photo-FEATURED.jpg\",\"contentUrl\":\"https:\\\/\\\/www.yorku.ca\\\/yfile\\\/wp-content\\\/uploads\\\/sites\\\/889\\\/2021\\\/05\\\/Vaccine-injection-photo-FEATURED.jpg\",\"width\":880,\"height\":290,\"caption\":\"A photo with a black backgroud that features two vials of COVID-19 vaccine and a syringe\"},{\"@type\":\"BreadcrumbList\",\"@id\":\"https:\\\/\\\/www.yorku.ca\\\/yfile\\\/2021\\\/09\\\/28\\\/key-reminders-about-york-universitys-vaccination-mandate\\\/#breadcrumb\",\"itemListElement\":[{\"@type\":\"ListItem\",\"position\":1,\"name\":\"Home\",\"item\":\"https:\\\/\\\/www.yorku.ca\\\/yfile\\\/\"},{\"@type\":\"ListItem\",\"position\":2,\"name\":\"Key reminders about York University\u2019s vaccination mandate\"}]},{\"@type\":\"WebSite\",\"@id\":\"https:\\\/\\\/www.yorku.ca\\\/yfile\\\/#website\",\"url\":\"https:\\\/\\\/www.yorku.ca\\\/yfile\\\/\",\"name\":\"YFile\",\"description\":\"\",\"potentialAction\":[{\"@type\":\"SearchAction\",\"target\":{\"@type\":\"EntryPoint\",\"urlTemplate\":\"https:\\\/\\\/www.yorku.ca\\\/yfile\\\/?s={search_term_string}\"},\"query-input\":{\"@type\":\"PropertyValueSpecification\",\"valueRequired\":true,\"valueName\":\"search_term_string\"}}],\"inLanguage\":\"en-CA\"},{\"@type\":\"Person\",\"@id\":\"https:\\\/\\\/www.yorku.ca\\\/yfile\\\/#\\\/schema\\\/person\\\/21f3dffe794363be5ece4ec7f538a0c0\",\"name\":\"phalfert\",\"image\":{\"@type\":\"ImageObject\",\"inLanguage\":\"en-CA\",\"@id\":\"https:\\\/\\\/secure.gravatar.com\\\/avatar\\\/9e3ac8a4ede7f72dd695c074c5291e11739705deae1422de177298d5aad6d559?s=96&d=mm&r=g\",\"url\":\"https:\\\/\\\/secure.gravatar.com\\\/avatar\\\/9e3ac8a4ede7f72dd695c074c5291e11739705deae1422de177298d5aad6d559?s=96&d=mm&r=g\",\"contentUrl\":\"https:\\\/\\\/secure.gravatar.com\\\/avatar\\\/9e3ac8a4ede7f72dd695c074c5291e11739705deae1422de177298d5aad6d559?s=96&d=mm&r=g\",\"caption\":\"phalfert\"},\"url\":\"https:\\\/\\\/www.yorku.ca\\\/yfile\\\/author\\\/phalfert\\\/\"}]}<\/script>\n<!-- \/ Yoast SEO plugin. -->","yoast_head_json":{"title":"Key reminders about York University\u2019s vaccination mandate - YFile","robots":{"index":"index","follow":"follow","max-snippet":"max-snippet:-1","max-image-preview":"max-image-preview:large","max-video-preview":"max-video-preview:-1"},"canonical":"https:\/\/www.yorku.ca\/yfile\/2021\/09\/28\/key-reminders-about-york-universitys-vaccination-mandate\/","og_locale":"en_US","og_type":"article","og_title":"Key reminders about York University\u2019s vaccination mandate - YFile","og_description":"As a reminder, University community members are required to have received the second dose of a two-dose series or a complete one-dose series by Oct. 5 in order to continue accessing York\u2019s campuses from Oct. 19 onward, including for the winter term.","og_url":"https:\/\/www.yorku.ca\/yfile\/2021\/09\/28\/key-reminders-about-york-universitys-vaccination-mandate\/","og_site_name":"YFile","article_published_time":"2021-09-28T19:45:07+00:00","article_modified_time":"2025-04-02T17:22:45+00:00","og_image":[{"width":880,"height":290,"url":"https:\/\/www.yorku.ca\/yfile\/wp-content\/uploads\/sites\/889\/2021\/05\/Vaccine-injection-photo-FEATURED.jpg","type":"image\/jpeg"}],"author":"phalfert","twitter_card":"summary_large_image","twitter_misc":{"Written by":"phalfert","Est. reading time":"6 minutes"},"schema":{"@context":"https:\/\/schema.org","@graph":[{"@type":"Article","@id":"https:\/\/www.yorku.ca\/yfile\/2021\/09\/28\/key-reminders-about-york-universitys-vaccination-mandate\/#article","isPartOf":{"@id":"https:\/\/www.yorku.ca\/yfile\/2021\/09\/28\/key-reminders-about-york-universitys-vaccination-mandate\/"},"author":{"name":"phalfert","@id":"https:\/\/www.yorku.ca\/yfile\/#\/schema\/person\/21f3dffe794363be5ece4ec7f538a0c0"},"headline":"Key reminders about York University\u2019s vaccination mandate","datePublished":"2021-09-28T19:45:07+00:00","dateModified":"2025-04-02T17:22:45+00:00","mainEntityOfPage":{"@id":"https:\/\/www.yorku.ca\/yfile\/2021\/09\/28\/key-reminders-about-york-universitys-vaccination-mandate\/"},"wordCount":1129,"image":{"@id":"https:\/\/www.yorku.ca\/yfile\/2021\/09\/28\/key-reminders-about-york-universitys-vaccination-mandate\/#primaryimage"},"thumbnailUrl":"https:\/\/www.yorku.ca\/yfile\/wp-content\/uploads\/sites\/889\/2021\/05\/Vaccine-injection-photo-FEATURED.jpg","articleSection":["Editor's Picks"],"inLanguage":"en-CA","copyrightYear":"2021","copyrightHolder":{"@id":"https:\/\/www.yorku.ca\/yfile\/#organization"}},{"@type":"WebPage","@id":"https:\/\/www.yorku.ca\/yfile\/2021\/09\/28\/key-reminders-about-york-universitys-vaccination-mandate\/","url":"https:\/\/www.yorku.ca\/yfile\/2021\/09\/28\/key-reminders-about-york-universitys-vaccination-mandate\/","name":"Key reminders about York University\u2019s vaccination mandate - YFile","isPartOf":{"@id":"https:\/\/www.yorku.ca\/yfile\/#website"},"primaryImageOfPage":{"@id":"https:\/\/www.yorku.ca\/yfile\/2021\/09\/28\/key-reminders-about-york-universitys-vaccination-mandate\/#primaryimage"},"image":{"@id":"https:\/\/www.yorku.ca\/yfile\/2021\/09\/28\/key-reminders-about-york-universitys-vaccination-mandate\/#primaryimage"},"thumbnailUrl":"https:\/\/www.yorku.ca\/yfile\/wp-content\/uploads\/sites\/889\/2021\/05\/Vaccine-injection-photo-FEATURED.jpg","datePublished":"2021-09-28T19:45:07+00:00","dateModified":"2025-04-02T17:22:45+00:00","author":{"@id":"https:\/\/www.yorku.ca\/yfile\/#\/schema\/person\/21f3dffe794363be5ece4ec7f538a0c0"},"breadcrumb":{"@id":"https:\/\/www.yorku.ca\/yfile\/2021\/09\/28\/key-reminders-about-york-universitys-vaccination-mandate\/#breadcrumb"},"inLanguage":"en-CA","potentialAction":[{"@type":"ReadAction","target":["https:\/\/www.yorku.ca\/yfile\/2021\/09\/28\/key-reminders-about-york-universitys-vaccination-mandate\/"]}]},{"@type":"ImageObject","inLanguage":"en-CA","@id":"https:\/\/www.yorku.ca\/yfile\/2021\/09\/28\/key-reminders-about-york-universitys-vaccination-mandate\/#primaryimage","url":"https:\/\/www.yorku.ca\/yfile\/wp-content\/uploads\/sites\/889\/2021\/05\/Vaccine-injection-photo-FEATURED.jpg","contentUrl":"https:\/\/www.yorku.ca\/yfile\/wp-content\/uploads\/sites\/889\/2021\/05\/Vaccine-injection-photo-FEATURED.jpg","width":880,"height":290,"caption":"A photo with a black backgroud that features two vials of COVID-19 vaccine and a syringe"},{"@type":"BreadcrumbList","@id":"https:\/\/www.yorku.ca\/yfile\/2021\/09\/28\/key-reminders-about-york-universitys-vaccination-mandate\/#breadcrumb","itemListElement":[{"@type":"ListItem","position":1,"name":"Home","item":"https:\/\/www.yorku.ca\/yfile\/"},{"@type":"ListItem","position":2,"name":"Key reminders about York University\u2019s vaccination mandate"}]},{"@type":"WebSite","@id":"https:\/\/www.yorku.ca\/yfile\/#website","url":"https:\/\/www.yorku.ca\/yfile\/","name":"YFile","description":"","potentialAction":[{"@type":"SearchAction","target":{"@type":"EntryPoint","urlTemplate":"https:\/\/www.yorku.ca\/yfile\/?s={search_term_string}"},"query-input":{"@type":"PropertyValueSpecification","valueRequired":true,"valueName":"search_term_string"}}],"inLanguage":"en-CA"},{"@type":"Person","@id":"https:\/\/www.yorku.ca\/yfile\/#\/schema\/person\/21f3dffe794363be5ece4ec7f538a0c0","name":"phalfert","image":{"@type":"ImageObject","inLanguage":"en-CA","@id":"https:\/\/secure.gravatar.com\/avatar\/9e3ac8a4ede7f72dd695c074c5291e11739705deae1422de177298d5aad6d559?s=96&d=mm&r=g","url":"https:\/\/secure.gravatar.com\/avatar\/9e3ac8a4ede7f72dd695c074c5291e11739705deae1422de177298d5aad6d559?s=96&d=mm&r=g","contentUrl":"https:\/\/secure.gravatar.com\/avatar\/9e3ac8a4ede7f72dd695c074c5291e11739705deae1422de177298d5aad6d559?s=96&d=mm&r=g","caption":"phalfert"},"url":"https:\/\/www.yorku.ca\/yfile\/author\/phalfert\/"}]}},"taxonomy_info":{"category":[{"value":25,"label":"Editor's Picks"}],"yfileauthor":[{"value":204,"label":"YFile Staff"}],"tags-to-show":[{"value":146,"label":"Students"}]},"featured_image_src_large":["https:\/\/www.yorku.ca\/yfile\/wp-content\/uploads\/sites\/889\/2021\/05\/Vaccine-injection-photo-FEATURED.jpg",880,290,false],"author_info":{"display_name":"phalfert","author_link":"https:\/\/www.yorku.ca\/yfile\/author\/phalfert\/"},"comment_info":0,"category_info":[{"term_id":25,"name":"Editor's Picks","slug":"editors-picks","term_group":0,"term_taxonomy_id":25,"taxonomy":"category","description":"","parent":0,"count":6270,"filter":"raw","cat_ID":25,"category_count":6270,"category_description":"","cat_name":"Editor's Picks","category_nicename":"editors-picks","category_parent":0}],"tag_info":false,"_links":{"self":[{"href":"https:\/\/www.yorku.ca\/yfile\/wp-json\/wp\/v2\/posts\/293729","targetHints":{"allow":["GET"]}}],"collection":[{"href":"https:\/\/www.yorku.ca\/yfile\/wp-json\/wp\/v2\/posts"}],"about":[{"href":"https:\/\/www.yorku.ca\/yfile\/wp-json\/wp\/v2\/types\/post"}],"author":[{"embeddable":true,"href":"https:\/\/www.yorku.ca\/yfile\/wp-json\/wp\/v2\/users\/5"}],"replies":[{"embeddable":true,"href":"https:\/\/www.yorku.ca\/yfile\/wp-json\/wp\/v2\/comments?post=293729"}],"version-history":[{"count":1,"href":"https:\/\/www.yorku.ca\/yfile\/wp-json\/wp\/v2\/posts\/293729\/revisions"}],"predecessor-version":[{"id":390656,"href":"https:\/\/www.yorku.ca\/yfile\/wp-json\/wp\/v2\/posts\/293729\/revisions\/390656"}],"wp:featuredmedia":[{"embeddable":true,"href":"https:\/\/www.yorku.ca\/yfile\/wp-json\/wp\/v2\/media\/288282"}],"wp:attachment":[{"href":"https:\/\/www.yorku.ca\/yfile\/wp-json\/wp\/v2\/media?parent=293729"}],"wp:term":[{"taxonomy":"category","embeddable":true,"href":"https:\/\/www.yorku.ca\/yfile\/wp-json\/wp\/v2\/categories?post=293729"},{"taxonomy":"post_tag","embeddable":true,"href":"https:\/\/www.yorku.ca\/yfile\/wp-json\/wp\/v2\/tags?post=293729"},{"taxonomy":"yfileauthor","embeddable":true,"href":"https:\/\/www.yorku.ca\/yfile\/wp-json\/wp\/v2\/yfileauthor?post=293729"},{"taxonomy":"qualifier","embeddable":true,"href":"https:\/\/www.yorku.ca\/yfile\/wp-json\/wp\/v2\/qualifier?post=293729"},{"taxonomy":"yfile-author","embeddable":true,"href":"https:\/\/www.yorku.ca\/yfile\/wp-json\/wp\/v2\/yfile-author?post=293729"},{"taxonomy":"tags-to-show","embeddable":true,"href":"https:\/\/www.yorku.ca\/yfile\/wp-json\/wp\/v2\/tags-to-show?post=293729"},{"taxonomy":"workflow","embeddable":true,"href":"https:\/\/www.yorku.ca\/yfile\/wp-json\/wp\/v2\/workflow?post=293729"}],"curies":[{"name":"wp","href":"https:\/\/api.w.org\/{rel}","templated":true}]}}