{"id":294500,"date":"2021-10-20T18:10:59","date_gmt":"2021-10-20T22:10:59","guid":{"rendered":"https:\/\/yfile.news.yorku.ca\/?p=294500"},"modified":"2025-04-02T13:22:31","modified_gmt":"2025-04-02T17:22:31","slug":"canadian-writers-in-person-features-emily-st-john-mandel-oct-26","status":"publish","type":"post","link":"https:\/\/www.yorku.ca\/yfile\/2021\/10\/20\/canadian-writers-in-person-features-emily-st-john-mandel-oct-26\/","title":{"rendered":"Canadian Writers in Person features Emily St. John Mandel, Oct. 26"},"content":{"rendered":"\n<h3 class=\"wp-block-heading\">If you love meeting talented writers and hearing them read from their published work, or just want to soak up a unique cultural experience, don\u2019t miss the&nbsp;Canadian Writers in Person Lecture Series, which continues&nbsp;<strong>Oct. 26<\/strong>&nbsp;with a reading from&nbsp;<strong>Emily St. John Mandel<\/strong>\u2019s fifth novel, <em><a rel=\"noreferrer noopener\" href=\"https:\/\/www.penguinrandomhouse.com\/books\/567284\/the-glass-hotel-by-emily-st-john-mandel\/\" data-type=\"URL\" data-id=\"https:\/\/www.penguinrandomhouse.com\/books\/567284\/the-glass-hotel-by-emily-st-john-mandel\/\" target=\"_blank\">The Glass Hotel<\/a><\/em>&nbsp;(Penguin Random House, 2021).<\/h3>\n\n\n\n<div class=\"wp-block-image\"><figure class=\"alignright size-large is-resized\"><img loading=\"lazy\" decoding=\"async\" src=\"https:\/\/yfile.news.yorku.ca\/wp-content\/uploads\/2021\/10\/The-Glass-Hotel-684x1024.jpeg\" alt=\"Cover of Emily St. John Mandel's novel &quot;The Glass Hotel&quot;\" class=\"wp-image-294576\" width=\"342\" height=\"512\" srcset=\"https:\/\/www.yorku.ca\/yfile\/wp-content\/uploads\/sites\/889\/2021\/10\/The-Glass-Hotel-684x1024.jpeg 684w, https:\/\/www.yorku.ca\/yfile\/wp-content\/uploads\/sites\/889\/2021\/10\/The-Glass-Hotel-267x400.jpeg 267w, https:\/\/www.yorku.ca\/yfile\/wp-content\/uploads\/sites\/889\/2021\/10\/The-Glass-Hotel-600x900.jpeg 600w, https:\/\/www.yorku.ca\/yfile\/wp-content\/uploads\/sites\/889\/2021\/10\/The-Glass-Hotel.jpeg 1000w\" sizes=\"auto, (max-width: 342px) 100vw, 342px\" \/><\/figure><\/div>\n\n\n\n<p>The series gives attendees an opportunity to get up close and personal with 11 authors who will present their work and answer questions. Canadian Writers in Person is a for-credit course for students and a free-admission event for members of the public. All readings take place at&nbsp;<strong>7 p.m.<\/strong>&nbsp;on select Tuesday evenings via Zoom. Links for each reading can be found&nbsp;<a rel=\"noreferrer noopener\" href=\"https:\/\/www.yorku.ca\/laps\/huma\/canadian-writers\/\" target=\"_blank\">here<\/a>.<\/p>\n\n\n\n<p>St. John Mandel <meta charset=\"utf-8\">lives in New York City with her husband and daughter. Her four previous novels include<em> Last Night In Montreal<\/em>, <em>The Singer's Gun<\/em>, <em>The Lola Quartet<\/em> and&nbsp;<em>Station Eleven,<\/em>&nbsp;which was a finalist for a National Book Award and the PEN\/Faulkner Award for Fiction and has been translated into 32 languages. Her latest novel, <em>Sea of Tranquility<\/em>, will be released in April 2022.<\/p>\n\n\n\n<p><em>The Glass Hotel<\/em> is set at the glittering intersection of two seemingly disparate events \u2013 the exposure of a massive criminal enterprise and the mysterious disappearance of a woman from a ship at sea. In this captivating story of crisis and survival, St. John Mandel takes readers through often hidden landscapes: campgrounds for the near-homeless, underground electronica clubs, service in luxury hotels and life in a federal prison. Rife with unexpected beauty, <em>The Glass Hotel<\/em> is a captivating portrait of greed and guilt, love and delusion, ghosts and unintended consequences, and the infinite ways we search for meaning in our lives.<\/p>\n\n\n\n<p>This year\u2019s Canadian Writers in Person Lecture Series lineup consists of a unique selection of emerging and established Canadian writers whose writing explores a broad range of topics and geographical and cultural landscapes. Featuring seasoned and emerging poets and fiction writers, the series highlights Canada\u2019s ever-growing pool of literary talent.<\/p>\n\n\n\n<h3 class=\"wp-block-heading\">Other readings scheduled in this series are:<\/h3>\n\n\n\n<ul class=\"wp-block-list\"><li>Nov. 9: Chantal Gibson,&nbsp;<em><a rel=\"noreferrer noopener\" href=\"https:\/\/caitlin-press.com\/our-books\/how-she-read\/\" target=\"_blank\">How She Read<\/a><\/em>&nbsp;(Caitlin Press)<\/li><li>Nov. 23: Ava Homa,&nbsp;<em><a rel=\"noreferrer noopener\" href=\"https:\/\/www.harpercollins.ca\/9781443460132\/daughters-of-smoke-and-fire\/\" target=\"_blank\">Daughters of Smoke and Fire<\/a><\/em>&nbsp;(HarperCollins Canada)<\/li><li>Dec. 7: Kat\u0142\u012f\u00e0 (Catherine) Lafferty,&nbsp;<em><a rel=\"noreferrer noopener\" href=\"https:\/\/fernwoodpublishing.ca\/book\/land-water-sky-nde-t1-yata\" target=\"_blank\">Land-Water-Sky \/Nd\u00e8\u2013T\u0131\u2013Yat\u2019a<\/a><\/em>&nbsp;(Fernwood Publishing)<\/li><\/ul>\n\n\n\n<h3 class=\"wp-block-heading\">2022<\/h3>\n\n\n\n<ul class=\"wp-block-list\"><li>Jan. 18: Thomas King,&nbsp;<em><a rel=\"noreferrer noopener\" href=\"https:\/\/www.harpercollins.ca\/9781443463102\/sufferance\/\" target=\"_blank\">Suffrance<\/a><\/em>&nbsp;(HarperCollins Canada)<\/li><li>Feb. 1: Zsuzsi Gartner,&nbsp;<em><a rel=\"noreferrer noopener\" href=\"https:\/\/www.penguinrandomhouse.ca\/books\/617820\/the-beguiling-by-zsuzsi-gartner\/9780735239371\" target=\"_blank\">The Beguiling<\/a><\/em>&nbsp;(Penguin Random House Canada)<\/li><li>Feb. 22: Rebecca Salazar,&nbsp;<em><a rel=\"noreferrer noopener\" href=\"https:\/\/www.penguinrandomhouse.ca\/books\/636382\/sulphurtongue-by-rebecca-salazar\/9780771094699\" target=\"_blank\">sulphurtongue<\/a><\/em>&nbsp;(Penguin Random House Canada)<\/li><li>March 8: Silvia Moreno-Garcia,&nbsp;<em><a rel=\"noreferrer noopener\" href=\"https:\/\/www.penguinrandomhouse.com\/books\/577068\/mexican-gothic-by-silvia-moreno-garcia\/\" target=\"_blank\">Mexican Gothic<\/a><\/em>&nbsp;(Penguin Random House)<\/li><li>March 22: Louise B. Halfe\/Sky Dancer,&nbsp;<em><a rel=\"noreferrer noopener\" href=\"https:\/\/www.brickbooks.ca\/books\/burning-in-this-midnight-dream\/\" target=\"_blank\">Burning in This Midnight Dream<\/a><\/em>&nbsp;(Brick Books)<\/li><\/ul>\n\n\n\n<p>Canadian Writers in Person is a course offered in the Culture &amp; Expression program in the Department of Humanities in York University\u2019s Faculty of Liberal Arts &amp; Professional Studies. For more information on the series, visit&nbsp;<a rel=\"noreferrer noopener\" href=\"http:\/\/cltr.huma.laps.yorku.ca\/canwrite\/\" target=\"_blank\">yorku.ca\/laps\/canwrite<\/a>, or email Professor<strong>&nbsp;Gail Vanstone<\/strong>&nbsp;at&nbsp;<a href=\"mailto:gailv@yorku.ca\">gailv@yorku.ca<\/a>&nbsp;or Professor&nbsp;<strong>Leslie Sanders<\/strong>&nbsp;at&nbsp;<a rel=\"noreferrer noopener\" href=\"mailto:leslie@yorku.ca\" target=\"_blank\">leslie@yorku.ca<\/a>.<\/p>\n","protected":false},"excerpt":{"rendered":"<p>The Canadian Writers in Person Lecture Series continues\u00a0Oct. 26\u00a0with a reading from\u00a0Emily St. John Mandel\u2019s fifth novel, <em>The Glass Hotel<\/em>.<\/p>\n","protected":false},"author":5,"featured_media":293679,"comment_status":"closed","ping_status":"closed","sticky":false,"template":"","format":"standard","meta":{"_acf_changed":false,"_kad_blocks_custom_css":"","_kad_blocks_head_custom_js":"","_kad_blocks_body_custom_js":"","_kad_blocks_footer_custom_js":"","footnotes":""},"categories":[11],"tags":[],"yfileauthor":[204],"qualifier":[],"yfile-author":[],"tags-to-show":[150],"workflow":[],"class_list":["post-294500","post","type-post","status-publish","format-standard","has-post-thumbnail","hentry","category-latest-news","yfileauthor-yfilestaff","tags-to-show-laps"],"acf":{"internal_publish_date":null,"original_image":null},"yoast_head":"<!-- This site is optimized with the Yoast SEO plugin v27.4 - https:\/\/yoast.com\/product\/yoast-seo-wordpress\/ -->\n<title>Canadian Writers in Person features Emily St. John Mandel, Oct. 26 - YFile<\/title>\n<meta name=\"robots\" content=\"index, follow, max-snippet:-1, max-image-preview:large, max-video-preview:-1\" \/>\n<link rel=\"canonical\" href=\"https:\/\/www.yorku.ca\/yfile\/2021\/10\/20\/canadian-writers-in-person-features-emily-st-john-mandel-oct-26\/\" \/>\n<meta property=\"og:locale\" content=\"en_US\" \/>\n<meta property=\"og:type\" content=\"article\" \/>\n<meta property=\"og:title\" content=\"Canadian Writers in Person features Emily St. John Mandel, Oct. 26 - YFile\" \/>\n<meta property=\"og:description\" content=\"The Canadian Writers in Person Lecture Series continues\u00a0Oct. 26\u00a0with a reading from\u00a0Emily St. John Mandel\u2019s fifth novel, The Glass Hotel.\" \/>\n<meta property=\"og:url\" content=\"https:\/\/www.yorku.ca\/yfile\/2021\/10\/20\/canadian-writers-in-person-features-emily-st-john-mandel-oct-26\/\" \/>\n<meta property=\"og:site_name\" content=\"YFile\" \/>\n<meta property=\"article:published_time\" content=\"2021-10-20T22:10:59+00:00\" \/>\n<meta property=\"article:modified_time\" content=\"2025-04-02T17:22:31+00:00\" \/>\n<meta property=\"og:image\" content=\"https:\/\/www.yorku.ca\/yfile\/wp-content\/uploads\/sites\/889\/2021\/09\/CWIP_FEATURED.jpg\" \/>\n\t<meta property=\"og:image:width\" content=\"870\" \/>\n\t<meta property=\"og:image:height\" content=\"290\" \/>\n\t<meta property=\"og:image:type\" content=\"image\/jpeg\" \/>\n<meta name=\"author\" content=\"phalfert\" \/>\n<meta name=\"twitter:card\" content=\"summary_large_image\" \/>\n<meta name=\"twitter:label1\" content=\"Written by\" \/>\n\t<meta name=\"twitter:data1\" content=\"phalfert\" \/>\n\t<meta name=\"twitter:label2\" content=\"Est. reading time\" \/>\n\t<meta name=\"twitter:data2\" content=\"3 minutes\" \/>\n<script type=\"application\/ld+json\" class=\"yoast-schema-graph\">{\"@context\":\"https:\\\/\\\/schema.org\",\"@graph\":[{\"@type\":\"Article\",\"@id\":\"https:\\\/\\\/www.yorku.ca\\\/yfile\\\/2021\\\/10\\\/20\\\/canadian-writers-in-person-features-emily-st-john-mandel-oct-26\\\/#article\",\"isPartOf\":{\"@id\":\"https:\\\/\\\/www.yorku.ca\\\/yfile\\\/2021\\\/10\\\/20\\\/canadian-writers-in-person-features-emily-st-john-mandel-oct-26\\\/\"},\"author\":{\"name\":\"phalfert\",\"@id\":\"https:\\\/\\\/www.yorku.ca\\\/yfile\\\/#\\\/schema\\\/person\\\/21f3dffe794363be5ece4ec7f538a0c0\"},\"headline\":\"Canadian Writers in Person features Emily St. John Mandel, Oct. 26\",\"datePublished\":\"2021-10-20T22:10:59+00:00\",\"dateModified\":\"2025-04-02T17:22:31+00:00\",\"mainEntityOfPage\":{\"@id\":\"https:\\\/\\\/www.yorku.ca\\\/yfile\\\/2021\\\/10\\\/20\\\/canadian-writers-in-person-features-emily-st-john-mandel-oct-26\\\/\"},\"wordCount\":515,\"image\":{\"@id\":\"https:\\\/\\\/www.yorku.ca\\\/yfile\\\/2021\\\/10\\\/20\\\/canadian-writers-in-person-features-emily-st-john-mandel-oct-26\\\/#primaryimage\"},\"thumbnailUrl\":\"https:\\\/\\\/www.yorku.ca\\\/yfile\\\/wp-content\\\/uploads\\\/sites\\\/889\\\/2021\\\/09\\\/CWIP_FEATURED.jpg\",\"articleSection\":[\"Latest News\"],\"inLanguage\":\"en-CA\",\"copyrightYear\":\"2021\",\"copyrightHolder\":{\"@id\":\"https:\\\/\\\/www.yorku.ca\\\/yfile\\\/#organization\"}},{\"@type\":\"WebPage\",\"@id\":\"https:\\\/\\\/www.yorku.ca\\\/yfile\\\/2021\\\/10\\\/20\\\/canadian-writers-in-person-features-emily-st-john-mandel-oct-26\\\/\",\"url\":\"https:\\\/\\\/www.yorku.ca\\\/yfile\\\/2021\\\/10\\\/20\\\/canadian-writers-in-person-features-emily-st-john-mandel-oct-26\\\/\",\"name\":\"Canadian Writers in Person features Emily St. John Mandel, Oct. 26 - YFile\",\"isPartOf\":{\"@id\":\"https:\\\/\\\/www.yorku.ca\\\/yfile\\\/#website\"},\"primaryImageOfPage\":{\"@id\":\"https:\\\/\\\/www.yorku.ca\\\/yfile\\\/2021\\\/10\\\/20\\\/canadian-writers-in-person-features-emily-st-john-mandel-oct-26\\\/#primaryimage\"},\"image\":{\"@id\":\"https:\\\/\\\/www.yorku.ca\\\/yfile\\\/2021\\\/10\\\/20\\\/canadian-writers-in-person-features-emily-st-john-mandel-oct-26\\\/#primaryimage\"},\"thumbnailUrl\":\"https:\\\/\\\/www.yorku.ca\\\/yfile\\\/wp-content\\\/uploads\\\/sites\\\/889\\\/2021\\\/09\\\/CWIP_FEATURED.jpg\",\"datePublished\":\"2021-10-20T22:10:59+00:00\",\"dateModified\":\"2025-04-02T17:22:31+00:00\",\"author\":{\"@id\":\"https:\\\/\\\/www.yorku.ca\\\/yfile\\\/#\\\/schema\\\/person\\\/21f3dffe794363be5ece4ec7f538a0c0\"},\"breadcrumb\":{\"@id\":\"https:\\\/\\\/www.yorku.ca\\\/yfile\\\/2021\\\/10\\\/20\\\/canadian-writers-in-person-features-emily-st-john-mandel-oct-26\\\/#breadcrumb\"},\"inLanguage\":\"en-CA\",\"potentialAction\":[{\"@type\":\"ReadAction\",\"target\":[\"https:\\\/\\\/www.yorku.ca\\\/yfile\\\/2021\\\/10\\\/20\\\/canadian-writers-in-person-features-emily-st-john-mandel-oct-26\\\/\"]}]},{\"@type\":\"ImageObject\",\"inLanguage\":\"en-CA\",\"@id\":\"https:\\\/\\\/www.yorku.ca\\\/yfile\\\/2021\\\/10\\\/20\\\/canadian-writers-in-person-features-emily-st-john-mandel-oct-26\\\/#primaryimage\",\"url\":\"https:\\\/\\\/www.yorku.ca\\\/yfile\\\/wp-content\\\/uploads\\\/sites\\\/889\\\/2021\\\/09\\\/CWIP_FEATURED.jpg\",\"contentUrl\":\"https:\\\/\\\/www.yorku.ca\\\/yfile\\\/wp-content\\\/uploads\\\/sites\\\/889\\\/2021\\\/09\\\/CWIP_FEATURED.jpg\",\"width\":870,\"height\":290,\"caption\":\"stack of books\"},{\"@type\":\"BreadcrumbList\",\"@id\":\"https:\\\/\\\/www.yorku.ca\\\/yfile\\\/2021\\\/10\\\/20\\\/canadian-writers-in-person-features-emily-st-john-mandel-oct-26\\\/#breadcrumb\",\"itemListElement\":[{\"@type\":\"ListItem\",\"position\":1,\"name\":\"Home\",\"item\":\"https:\\\/\\\/www.yorku.ca\\\/yfile\\\/\"},{\"@type\":\"ListItem\",\"position\":2,\"name\":\"Canadian Writers in Person features Emily St. John Mandel, Oct. 26\"}]},{\"@type\":\"WebSite\",\"@id\":\"https:\\\/\\\/www.yorku.ca\\\/yfile\\\/#website\",\"url\":\"https:\\\/\\\/www.yorku.ca\\\/yfile\\\/\",\"name\":\"YFile\",\"description\":\"\",\"potentialAction\":[{\"@type\":\"SearchAction\",\"target\":{\"@type\":\"EntryPoint\",\"urlTemplate\":\"https:\\\/\\\/www.yorku.ca\\\/yfile\\\/?s={search_term_string}\"},\"query-input\":{\"@type\":\"PropertyValueSpecification\",\"valueRequired\":true,\"valueName\":\"search_term_string\"}}],\"inLanguage\":\"en-CA\"},{\"@type\":\"Person\",\"@id\":\"https:\\\/\\\/www.yorku.ca\\\/yfile\\\/#\\\/schema\\\/person\\\/21f3dffe794363be5ece4ec7f538a0c0\",\"name\":\"phalfert\",\"image\":{\"@type\":\"ImageObject\",\"inLanguage\":\"en-CA\",\"@id\":\"https:\\\/\\\/secure.gravatar.com\\\/avatar\\\/9e3ac8a4ede7f72dd695c074c5291e11739705deae1422de177298d5aad6d559?s=96&d=mm&r=g\",\"url\":\"https:\\\/\\\/secure.gravatar.com\\\/avatar\\\/9e3ac8a4ede7f72dd695c074c5291e11739705deae1422de177298d5aad6d559?s=96&d=mm&r=g\",\"contentUrl\":\"https:\\\/\\\/secure.gravatar.com\\\/avatar\\\/9e3ac8a4ede7f72dd695c074c5291e11739705deae1422de177298d5aad6d559?s=96&d=mm&r=g\",\"caption\":\"phalfert\"},\"url\":\"https:\\\/\\\/www.yorku.ca\\\/yfile\\\/author\\\/phalfert\\\/\"}]}<\/script>\n<!-- \/ Yoast SEO plugin. -->","yoast_head_json":{"title":"Canadian Writers in Person features Emily St. John Mandel, Oct. 26 - YFile","robots":{"index":"index","follow":"follow","max-snippet":"max-snippet:-1","max-image-preview":"max-image-preview:large","max-video-preview":"max-video-preview:-1"},"canonical":"https:\/\/www.yorku.ca\/yfile\/2021\/10\/20\/canadian-writers-in-person-features-emily-st-john-mandel-oct-26\/","og_locale":"en_US","og_type":"article","og_title":"Canadian Writers in Person features Emily St. John Mandel, Oct. 26 - YFile","og_description":"The Canadian Writers in Person Lecture Series continues\u00a0Oct. 26\u00a0with a reading from\u00a0Emily St. John Mandel\u2019s fifth novel, The Glass Hotel.","og_url":"https:\/\/www.yorku.ca\/yfile\/2021\/10\/20\/canadian-writers-in-person-features-emily-st-john-mandel-oct-26\/","og_site_name":"YFile","article_published_time":"2021-10-20T22:10:59+00:00","article_modified_time":"2025-04-02T17:22:31+00:00","og_image":[{"width":870,"height":290,"url":"https:\/\/www.yorku.ca\/yfile\/wp-content\/uploads\/sites\/889\/2021\/09\/CWIP_FEATURED.jpg","type":"image\/jpeg"}],"author":"phalfert","twitter_card":"summary_large_image","twitter_misc":{"Written by":"phalfert","Est. reading time":"3 minutes"},"schema":{"@context":"https:\/\/schema.org","@graph":[{"@type":"Article","@id":"https:\/\/www.yorku.ca\/yfile\/2021\/10\/20\/canadian-writers-in-person-features-emily-st-john-mandel-oct-26\/#article","isPartOf":{"@id":"https:\/\/www.yorku.ca\/yfile\/2021\/10\/20\/canadian-writers-in-person-features-emily-st-john-mandel-oct-26\/"},"author":{"name":"phalfert","@id":"https:\/\/www.yorku.ca\/yfile\/#\/schema\/person\/21f3dffe794363be5ece4ec7f538a0c0"},"headline":"Canadian Writers in Person features Emily St. John Mandel, Oct. 26","datePublished":"2021-10-20T22:10:59+00:00","dateModified":"2025-04-02T17:22:31+00:00","mainEntityOfPage":{"@id":"https:\/\/www.yorku.ca\/yfile\/2021\/10\/20\/canadian-writers-in-person-features-emily-st-john-mandel-oct-26\/"},"wordCount":515,"image":{"@id":"https:\/\/www.yorku.ca\/yfile\/2021\/10\/20\/canadian-writers-in-person-features-emily-st-john-mandel-oct-26\/#primaryimage"},"thumbnailUrl":"https:\/\/www.yorku.ca\/yfile\/wp-content\/uploads\/sites\/889\/2021\/09\/CWIP_FEATURED.jpg","articleSection":["Latest News"],"inLanguage":"en-CA","copyrightYear":"2021","copyrightHolder":{"@id":"https:\/\/www.yorku.ca\/yfile\/#organization"}},{"@type":"WebPage","@id":"https:\/\/www.yorku.ca\/yfile\/2021\/10\/20\/canadian-writers-in-person-features-emily-st-john-mandel-oct-26\/","url":"https:\/\/www.yorku.ca\/yfile\/2021\/10\/20\/canadian-writers-in-person-features-emily-st-john-mandel-oct-26\/","name":"Canadian Writers in Person features Emily St. John Mandel, Oct. 26 - YFile","isPartOf":{"@id":"https:\/\/www.yorku.ca\/yfile\/#website"},"primaryImageOfPage":{"@id":"https:\/\/www.yorku.ca\/yfile\/2021\/10\/20\/canadian-writers-in-person-features-emily-st-john-mandel-oct-26\/#primaryimage"},"image":{"@id":"https:\/\/www.yorku.ca\/yfile\/2021\/10\/20\/canadian-writers-in-person-features-emily-st-john-mandel-oct-26\/#primaryimage"},"thumbnailUrl":"https:\/\/www.yorku.ca\/yfile\/wp-content\/uploads\/sites\/889\/2021\/09\/CWIP_FEATURED.jpg","datePublished":"2021-10-20T22:10:59+00:00","dateModified":"2025-04-02T17:22:31+00:00","author":{"@id":"https:\/\/www.yorku.ca\/yfile\/#\/schema\/person\/21f3dffe794363be5ece4ec7f538a0c0"},"breadcrumb":{"@id":"https:\/\/www.yorku.ca\/yfile\/2021\/10\/20\/canadian-writers-in-person-features-emily-st-john-mandel-oct-26\/#breadcrumb"},"inLanguage":"en-CA","potentialAction":[{"@type":"ReadAction","target":["https:\/\/www.yorku.ca\/yfile\/2021\/10\/20\/canadian-writers-in-person-features-emily-st-john-mandel-oct-26\/"]}]},{"@type":"ImageObject","inLanguage":"en-CA","@id":"https:\/\/www.yorku.ca\/yfile\/2021\/10\/20\/canadian-writers-in-person-features-emily-st-john-mandel-oct-26\/#primaryimage","url":"https:\/\/www.yorku.ca\/yfile\/wp-content\/uploads\/sites\/889\/2021\/09\/CWIP_FEATURED.jpg","contentUrl":"https:\/\/www.yorku.ca\/yfile\/wp-content\/uploads\/sites\/889\/2021\/09\/CWIP_FEATURED.jpg","width":870,"height":290,"caption":"stack of books"},{"@type":"BreadcrumbList","@id":"https:\/\/www.yorku.ca\/yfile\/2021\/10\/20\/canadian-writers-in-person-features-emily-st-john-mandel-oct-26\/#breadcrumb","itemListElement":[{"@type":"ListItem","position":1,"name":"Home","item":"https:\/\/www.yorku.ca\/yfile\/"},{"@type":"ListItem","position":2,"name":"Canadian Writers in Person features Emily St. John Mandel, Oct. 26"}]},{"@type":"WebSite","@id":"https:\/\/www.yorku.ca\/yfile\/#website","url":"https:\/\/www.yorku.ca\/yfile\/","name":"YFile","description":"","potentialAction":[{"@type":"SearchAction","target":{"@type":"EntryPoint","urlTemplate":"https:\/\/www.yorku.ca\/yfile\/?s={search_term_string}"},"query-input":{"@type":"PropertyValueSpecification","valueRequired":true,"valueName":"search_term_string"}}],"inLanguage":"en-CA"},{"@type":"Person","@id":"https:\/\/www.yorku.ca\/yfile\/#\/schema\/person\/21f3dffe794363be5ece4ec7f538a0c0","name":"phalfert","image":{"@type":"ImageObject","inLanguage":"en-CA","@id":"https:\/\/secure.gravatar.com\/avatar\/9e3ac8a4ede7f72dd695c074c5291e11739705deae1422de177298d5aad6d559?s=96&d=mm&r=g","url":"https:\/\/secure.gravatar.com\/avatar\/9e3ac8a4ede7f72dd695c074c5291e11739705deae1422de177298d5aad6d559?s=96&d=mm&r=g","contentUrl":"https:\/\/secure.gravatar.com\/avatar\/9e3ac8a4ede7f72dd695c074c5291e11739705deae1422de177298d5aad6d559?s=96&d=mm&r=g","caption":"phalfert"},"url":"https:\/\/www.yorku.ca\/yfile\/author\/phalfert\/"}]}},"taxonomy_info":{"category":[{"value":11,"label":"Latest News"}],"yfileauthor":[{"value":204,"label":"YFile Staff"}],"tags-to-show":[{"value":150,"label":"LAPS"}]},"featured_image_src_large":["https:\/\/www.yorku.ca\/yfile\/wp-content\/uploads\/sites\/889\/2021\/09\/CWIP_FEATURED.jpg",870,290,false],"author_info":{"display_name":"phalfert","author_link":"https:\/\/www.yorku.ca\/yfile\/author\/phalfert\/"},"comment_info":0,"category_info":[{"term_id":11,"name":"Latest News","slug":"latest-news","term_group":0,"term_taxonomy_id":11,"taxonomy":"category","description":"","parent":0,"count":12680,"filter":"raw","cat_ID":11,"category_count":12680,"category_description":"","cat_name":"Latest News","category_nicename":"latest-news","category_parent":0}],"tag_info":false,"_links":{"self":[{"href":"https:\/\/www.yorku.ca\/yfile\/wp-json\/wp\/v2\/posts\/294500","targetHints":{"allow":["GET"]}}],"collection":[{"href":"https:\/\/www.yorku.ca\/yfile\/wp-json\/wp\/v2\/posts"}],"about":[{"href":"https:\/\/www.yorku.ca\/yfile\/wp-json\/wp\/v2\/types\/post"}],"author":[{"embeddable":true,"href":"https:\/\/www.yorku.ca\/yfile\/wp-json\/wp\/v2\/users\/5"}],"replies":[{"embeddable":true,"href":"https:\/\/www.yorku.ca\/yfile\/wp-json\/wp\/v2\/comments?post=294500"}],"version-history":[{"count":1,"href":"https:\/\/www.yorku.ca\/yfile\/wp-json\/wp\/v2\/posts\/294500\/revisions"}],"predecessor-version":[{"id":390731,"href":"https:\/\/www.yorku.ca\/yfile\/wp-json\/wp\/v2\/posts\/294500\/revisions\/390731"}],"wp:featuredmedia":[{"embeddable":true,"href":"https:\/\/www.yorku.ca\/yfile\/wp-json\/wp\/v2\/media\/293679"}],"wp:attachment":[{"href":"https:\/\/www.yorku.ca\/yfile\/wp-json\/wp\/v2\/media?parent=294500"}],"wp:term":[{"taxonomy":"category","embeddable":true,"href":"https:\/\/www.yorku.ca\/yfile\/wp-json\/wp\/v2\/categories?post=294500"},{"taxonomy":"post_tag","embeddable":true,"href":"https:\/\/www.yorku.ca\/yfile\/wp-json\/wp\/v2\/tags?post=294500"},{"taxonomy":"yfileauthor","embeddable":true,"href":"https:\/\/www.yorku.ca\/yfile\/wp-json\/wp\/v2\/yfileauthor?post=294500"},{"taxonomy":"qualifier","embeddable":true,"href":"https:\/\/www.yorku.ca\/yfile\/wp-json\/wp\/v2\/qualifier?post=294500"},{"taxonomy":"yfile-author","embeddable":true,"href":"https:\/\/www.yorku.ca\/yfile\/wp-json\/wp\/v2\/yfile-author?post=294500"},{"taxonomy":"tags-to-show","embeddable":true,"href":"https:\/\/www.yorku.ca\/yfile\/wp-json\/wp\/v2\/tags-to-show?post=294500"},{"taxonomy":"workflow","embeddable":true,"href":"https:\/\/www.yorku.ca\/yfile\/wp-json\/wp\/v2\/workflow?post=294500"}],"curies":[{"name":"wp","href":"https:\/\/api.w.org\/{rel}","templated":true}]}}