{"id":312024,"date":"2022-04-03T15:09:42","date_gmt":"2022-04-03T20:09:42","guid":{"rendered":"https:\/\/yfile.news.yorku.ca\/?p=312024"},"modified":"2025-04-02T12:12:45","modified_gmt":"2025-04-02T16:12:45","slug":"york-university-announces-2022s-top-30-alumni-under-30","status":"publish","type":"post","link":"https:\/\/www.yorku.ca\/yfile\/2022\/04\/03\/york-university-announces-2022s-top-30-alumni-under-30\/","title":{"rendered":"York University announces 2022's Top 30 Alumni Under 30"},"content":{"rendered":"\n<p><em>La version fran\u00e7aise suit la version anglaise.<\/em><\/p>\n\n\n\n<h3 class=\"wp-block-heading\" id=\"the-30-outstanding-graduates-including-author-kaleb-dahlgren-and-olympian-melissa-humana-paredes-are-working-to-right-the-future-in-a-variety-of-fields-and-highlight-the-many-career-and-life-paths-made-possible-with-a-york-degree\">The 30 outstanding graduates, including author <strong>Kaleb Dahlgren<\/strong> and Olympian <strong>Melissa Humana-Paredes<\/strong>, are working to right the future in a variety of fields and highlight the many career and life paths made possible with a York degree.<\/h3>\n\n\n\n<p>York University has announced its list of Top 30 Alumni Under 30. The remarkable group of civically engaged young leaders are tackling complex societal challenges in a world facing a convergence of unprecedented trials, all before the age of 30.<\/p>\n\n\n\n<p>\u201cYork\u2019s Top 30 Alumni Under 30 program aims to recognize inspiring young alumni who <a>are working to right the future in varied and significant ways<\/a>,\u201d says <strong>Julie Lafford<\/strong>, executive director, Alumni Engagement. \u201cFrom business leaders championing equity, diversity and inclusion in the workplace, to social entrepreneurs, environmental advocates and community builders, alumni across all sectors are making meaningful differences in their communities and beyond.\u201d<\/p>\n\n\n\n<p>Representing every Faculty at the University, these&nbsp;alumni are applying the education, skills and experiences they received at York to meaningful careers and community service endeavours demonstrating a long-standing commitment to the public good.<\/p>\n\n\n\n<div class=\"wp-block-image\"><figure class=\"alignright size-full\"><img loading=\"lazy\" decoding=\"async\" width=\"300\" height=\"300\" src=\"https:\/\/yfile.news.yorku.ca\/wp-content\/uploads\/2022\/03\/AllamgirKhandwala.jpg\" alt=\"Headshot of Alamgir Khandwala\" class=\"wp-image-312029\" srcset=\"https:\/\/www.yorku.ca\/yfile\/wp-content\/uploads\/sites\/889\/2022\/03\/AllamgirKhandwala.jpg 300w, https:\/\/www.yorku.ca\/yfile\/wp-content\/uploads\/sites\/889\/2022\/03\/AllamgirKhandwala-150x150.jpg 150w\" sizes=\"auto, (max-width: 300px) 100vw, 300px\" \/><figcaption>Alamgir Khandwala<\/figcaption><\/figure><\/div>\n\n\n\n<p>\u201cI am honoured and humbled to be selected for this award and recognition,\u201d says <strong>Alamgir Khandwala<\/strong> (BAS \u201917), manager, Corporate Accounting and Financial Reporting at Moneris. Through his significant volunteer work, Khandwala advocates for underprivileged communities and advances equity, diversity and inclusion (EDI) initiatives to help create an equitable and sustainable future. \u201cMeeting the rest of the cohort and learning about the amazing work they are doing in their respective communities has helped me revive my passion for continuously making an impact at every opportunity possible, whether it be one person, or thousands of people around the world.\u201d&nbsp;<\/p>\n\n\n\n<p>Launched in 2021, York\u2019s Top 30 Alumni Under 30 program seeks to highlight the success and diversity of the University\u2019s alumni community, while inspiring the next generation of young alumni leaders to make a positive difference locally and globally.<\/p>\n\n\n\n<p>For more information on the 2022 Top 30 Alumni Under 30,&nbsp;<a href=\"https:\/\/www.yorku.ca\/alumniandfriends\/top30\/\" target=\"_blank\" rel=\"noreferrer noopener\">visit the website<\/a>.<\/p>\n\n\n\n<hr class=\"wp-block-separator\"\/>\n\n\n\n<h2 class=\"wp-block-heading\" id=\"l-universite-york-annonce-les-30-meilleurs-diplomes-de-moins-de-30-ans-pour-2022\"><strong>L\u2019Universit\u00e9 York annonce les 30 meilleurs dipl\u00f4m\u00e9s de moins de 30 ans pour 2022<\/strong><\/h2>\n\n\n\n<h3 class=\"wp-block-heading\" id=\"les-30-diplomes-exceptionnels-dont-font-partie-l-auteur-kaleb-dahlgren-et-l-athlete-olympique-melissa-humana-paredes-s-emploient-a-etre-presents-pour-l-avenir-dans-des-domaines-varies-ils-et-elles-mettent-en-evidence-les-nombreux-parcours-de-carriere-et-de-vie-rendus-possibles-par-l-obtention-d-un-diplome-a-york\">Les 30 dipl\u00f4m\u00e9s exceptionnels, dont font partie l\u2019auteur <strong>Kaleb Dahlgren<\/strong> et l\u2019athl\u00e8te olympique <strong>Melissa Humana-Paredes<\/strong>, s\u2019emploient \u00e0 \u00eatre pr\u00e9sents pour l\u2019avenir dans des domaines vari\u00e9s. Ils et elles mettent en \u00e9vidence les nombreux parcours de carri\u00e8re et de vie rendus possibles par l\u2019obtention d\u2019un dipl\u00f4me \u00e0 York.<\/h3>\n\n\n\n<p>L\u2019Universit\u00e9 York annonce sa liste des 30 meilleurs dipl\u00f4m\u00e9s de moins de 30 ans. Ce groupe remarquable de jeunes leaders engag\u00e9s civiquement s\u2019attaque \u00e0 des d\u00e9fis soci\u00e9taux complexes dans un monde confront\u00e9 \u00e0 une convergence d\u2019\u00e9preuves sans pr\u00e9c\u00e9dent, tout cela dans la vingtaine.<\/p>\n\n\n\n<p>\u00ab Le programme des 30 meilleurs dipl\u00f4m\u00e9s de York de moins de 30 ans vise \u00e0 reconna\u00eetre les jeunes dipl\u00f4m\u00e9es et dipl\u00f4m\u00e9s inspirants qui s\u2019efforcent d\u2019\u00eatre pr\u00e9sents pour l\u2019avenir de fa\u00e7ons diverses et concr\u00e8tes \u00bb, d\u00e9clare <strong>Julie Lafford<\/strong>, directrice g\u00e9n\u00e9rale des relations avec les dipl\u00f4m\u00e9s. \u00ab Des chefs d\u2019entreprise qui d\u00e9fendent l\u2019\u00e9quit\u00e9, la diversit\u00e9 et l\u2019inclusion sur le lieu de travail, aux entrepreneuses sociales, en passant par les d\u00e9fenseurs de l\u2019environnement et les b\u00e2tisseuses de communaut\u00e9s, les dipl\u00f4m\u00e9s et dipl\u00f4m\u00e9es de tous les secteurs apportent une diff\u00e9rence dans leurs communaut\u00e9s et au-del\u00e0. \u00bb<\/p>\n\n\n\n<p>Repr\u00e9sentant toutes les facult\u00e9s de l\u2019Universit\u00e9, ces dipl\u00f4m\u00e9s et dipl\u00f4m\u00e9es appliquent l\u2019\u00e9ducation, les comp\u00e9tences et les exp\u00e9riences acquises \u00e0 York \u00e0 des carri\u00e8res int\u00e9ressantes et \u00e0 des projets de service communautaire d\u00e9montrant un engagement de longue date envers le bien collectif.<\/p>\n\n\n\n<div class=\"wp-block-image\"><figure class=\"alignright size-full\"><img loading=\"lazy\" decoding=\"async\" width=\"300\" height=\"300\" src=\"https:\/\/yfile.news.yorku.ca\/wp-content\/uploads\/2022\/03\/AllamgirKhandwala.jpg\" alt=\"Headshot of Alamgir Khandwala\" class=\"wp-image-312029\" srcset=\"https:\/\/www.yorku.ca\/yfile\/wp-content\/uploads\/sites\/889\/2022\/03\/AllamgirKhandwala.jpg 300w, https:\/\/www.yorku.ca\/yfile\/wp-content\/uploads\/sites\/889\/2022\/03\/AllamgirKhandwala-150x150.jpg 150w\" sizes=\"auto, (max-width: 300px) 100vw, 300px\" \/><figcaption>Alamgir Khandwala<\/figcaption><\/figure><\/div>\n\n\n\n<p>\u00ab C\u2019est un honneur pour moi d\u2019avoir \u00e9t\u00e9 s\u00e9lectionn\u00e9 pour ce prix et cette reconnaissance, que je re\u00e7ois avec humilit\u00e9 \u00bb, a d\u00e9clar\u00e9 <strong>Alamgir Khandwala<\/strong> (B.A.S. 2017), directeur, comptabilit\u00e9 d\u2019entreprise et rapports financiers chez Moneris. Gr\u00e2ce \u00e0 son importante contribution b\u00e9n\u00e9vole, M. Khandwala d\u00e9fend les communaut\u00e9s d\u00e9favoris\u00e9es et fait avancer les initiatives d\u2019EDI pour cr\u00e9er un avenir \u00e9quitable et durable. \u00ab Rencontrer le reste de la cohorte et d\u00e9couvrir le travail extraordinaire qu\u2019elle accomplit dans ses communaut\u00e9s respectives a raviv\u00e9 ma passion pour changer les choses \u00e0 chaque occasion qui se pr\u00e9sente, qu\u2019il s\u2019agisse d\u2019une personne ou de milliers de personnes dans le monde. \u00bb&nbsp;<\/p>\n\n\n\n<p>Lanc\u00e9 en 2021, le programme des 30 meilleurs dipl\u00f4m\u00e9s de moins de 30 ans de York vise \u00e0 mettre en \u00e9vidence le succ\u00e8s et la diversit\u00e9 de la communaut\u00e9 des jeunes dipl\u00f4m\u00e9s de l\u2019Universit\u00e9, tout en inspirant la prochaine g\u00e9n\u00e9ration de leaders \u00e0 agir concr\u00e8tement au niveau local et mondial.<\/p>\n\n\n\n<p>Pour plus d\u2019information sur le palmar\u00e8s 2022 des 30 meilleurs dipl\u00f4m\u00e9s de moins de 30 ans, visitez le <a href=\"https:\/\/www.yorku.ca\/alumniandfriends\/top30\/\" target=\"_blank\" rel=\"noreferrer noopener\">site Web<\/a>.<a id=\"_msocom_1\"><\/a><\/p>\n","protected":false},"excerpt":{"rendered":"<p>The 30 outstanding graduates, including author Kaleb Dahlgren and Olympian Melissa Humana-Paredes, are working to right the future in a variety of fields and highlight the many career and life paths made possible with a York degree.<\/p>\n","protected":false},"author":5,"featured_media":312028,"comment_status":"closed","ping_status":"closed","sticky":false,"template":"","format":"standard","meta":{"_acf_changed":false,"_kad_blocks_custom_css":"","_kad_blocks_head_custom_js":"","_kad_blocks_body_custom_js":"","_kad_blocks_footer_custom_js":"","footnotes":""},"categories":[11],"tags":[78,30,18,28,29,76,47,39,75,49,60,84,23,17,50,40,48,37,15,4],"yfileauthor":[],"qualifier":[],"yfile-author":[],"tags-to-show":[151,203,155,156,145,158],"workflow":[],"class_list":["post-312024","post","type-post","status-publish","format-standard","has-post-thumbnail","hentry","category-latest-news","tag-advancement","tag-alumni","tag-awards","tag-changemakers","tag-community","tag-sdg-1","tag-sdg-10","tag-sdg-11","tag-sdg-12","tag-sdg-13","tag-sdg-16","tag-sdg-2","tag-sdg-3","tag-sdg-4","tag-sdg-5","tag-sdg-6","tag-sdg-8","tag-sdg-9","tag-sdg","tag-yfile","tags-to-show-advancement","tags-to-show-alumni","tags-to-show-awards","tags-to-show-changemakers","tags-to-show-community","tags-to-show-sdg"],"acf":{"internal_publish_date":null,"original_image":null},"yoast_head":"<!-- This site is optimized with the Yoast SEO plugin v27.4 - https:\/\/yoast.com\/product\/yoast-seo-wordpress\/ -->\n<title>York University announces 2022&#039;s Top 30 Alumni Under 30 - YFile<\/title>\n<meta name=\"robots\" content=\"index, follow, max-snippet:-1, max-image-preview:large, max-video-preview:-1\" \/>\n<link rel=\"canonical\" href=\"https:\/\/www.yorku.ca\/yfile\/2022\/04\/03\/york-university-announces-2022s-top-30-alumni-under-30\/\" \/>\n<meta property=\"og:locale\" content=\"en_US\" \/>\n<meta property=\"og:type\" content=\"article\" \/>\n<meta property=\"og:title\" content=\"York University announces 2022&#039;s Top 30 Alumni Under 30 - YFile\" \/>\n<meta property=\"og:description\" content=\"The 30 outstanding graduates, including author Kaleb Dahlgren and Olympian Melissa Humana-Paredes, are working to right the future in a variety of fields and highlight the many career and life paths made possible with a York degree.\" \/>\n<meta property=\"og:url\" content=\"https:\/\/www.yorku.ca\/yfile\/2022\/04\/03\/york-university-announces-2022s-top-30-alumni-under-30\/\" \/>\n<meta property=\"og:site_name\" content=\"YFile\" \/>\n<meta property=\"article:published_time\" content=\"2022-04-03T20:09:42+00:00\" \/>\n<meta property=\"article:modified_time\" content=\"2025-04-02T16:12:45+00:00\" \/>\n<meta property=\"og:image\" content=\"https:\/\/www.yorku.ca\/yfile\/wp-content\/uploads\/sites\/889\/2022\/03\/Top-30-alumni-banner.jpg\" \/>\n\t<meta property=\"og:image:width\" content=\"1923\" \/>\n\t<meta property=\"og:image:height\" content=\"500\" \/>\n\t<meta property=\"og:image:type\" content=\"image\/jpeg\" \/>\n<meta name=\"author\" content=\"phalfert\" \/>\n<meta name=\"twitter:card\" content=\"summary_large_image\" \/>\n<meta name=\"twitter:label1\" content=\"Written by\" \/>\n\t<meta name=\"twitter:data1\" content=\"phalfert\" \/>\n\t<meta name=\"twitter:label2\" content=\"Est. reading time\" \/>\n\t<meta name=\"twitter:data2\" content=\"4 minutes\" \/>\n<script type=\"application\/ld+json\" class=\"yoast-schema-graph\">{\"@context\":\"https:\\\/\\\/schema.org\",\"@graph\":[{\"@type\":\"Article\",\"@id\":\"https:\\\/\\\/www.yorku.ca\\\/yfile\\\/2022\\\/04\\\/03\\\/york-university-announces-2022s-top-30-alumni-under-30\\\/#article\",\"isPartOf\":{\"@id\":\"https:\\\/\\\/www.yorku.ca\\\/yfile\\\/2022\\\/04\\\/03\\\/york-university-announces-2022s-top-30-alumni-under-30\\\/\"},\"author\":{\"name\":\"phalfert\",\"@id\":\"https:\\\/\\\/www.yorku.ca\\\/yfile\\\/#\\\/schema\\\/person\\\/21f3dffe794363be5ece4ec7f538a0c0\"},\"headline\":\"York University announces 2022's Top 30 Alumni Under 30\",\"datePublished\":\"2022-04-03T20:09:42+00:00\",\"dateModified\":\"2025-04-02T16:12:45+00:00\",\"mainEntityOfPage\":{\"@id\":\"https:\\\/\\\/www.yorku.ca\\\/yfile\\\/2022\\\/04\\\/03\\\/york-university-announces-2022s-top-30-alumni-under-30\\\/\"},\"wordCount\":825,\"image\":{\"@id\":\"https:\\\/\\\/www.yorku.ca\\\/yfile\\\/2022\\\/04\\\/03\\\/york-university-announces-2022s-top-30-alumni-under-30\\\/#primaryimage\"},\"thumbnailUrl\":\"https:\\\/\\\/www.yorku.ca\\\/yfile\\\/wp-content\\\/uploads\\\/sites\\\/889\\\/2022\\\/03\\\/Top-30-alumni-banner.jpg\",\"keywords\":[\"Advancement\",\"Alumni\",\"Awards\",\"Changemakers\",\"Community\",\"SDG 1\",\"SDG 10\",\"SDG 11\",\"SDG 12\",\"SDG 13\",\"SDG 16\",\"SDG 2\",\"SDG 3\",\"SDG 4\",\"SDG 5\",\"SDG 6\",\"SDG 8\",\"SDG 9\",\"SDGs\",\"YFile\"],\"articleSection\":[\"Latest News\"],\"inLanguage\":\"en-CA\",\"copyrightYear\":\"2022\",\"copyrightHolder\":{\"@id\":\"https:\\\/\\\/www.yorku.ca\\\/yfile\\\/#organization\"}},{\"@type\":\"WebPage\",\"@id\":\"https:\\\/\\\/www.yorku.ca\\\/yfile\\\/2022\\\/04\\\/03\\\/york-university-announces-2022s-top-30-alumni-under-30\\\/\",\"url\":\"https:\\\/\\\/www.yorku.ca\\\/yfile\\\/2022\\\/04\\\/03\\\/york-university-announces-2022s-top-30-alumni-under-30\\\/\",\"name\":\"York University announces 2022's Top 30 Alumni Under 30 - YFile\",\"isPartOf\":{\"@id\":\"https:\\\/\\\/www.yorku.ca\\\/yfile\\\/#website\"},\"primaryImageOfPage\":{\"@id\":\"https:\\\/\\\/www.yorku.ca\\\/yfile\\\/2022\\\/04\\\/03\\\/york-university-announces-2022s-top-30-alumni-under-30\\\/#primaryimage\"},\"image\":{\"@id\":\"https:\\\/\\\/www.yorku.ca\\\/yfile\\\/2022\\\/04\\\/03\\\/york-university-announces-2022s-top-30-alumni-under-30\\\/#primaryimage\"},\"thumbnailUrl\":\"https:\\\/\\\/www.yorku.ca\\\/yfile\\\/wp-content\\\/uploads\\\/sites\\\/889\\\/2022\\\/03\\\/Top-30-alumni-banner.jpg\",\"datePublished\":\"2022-04-03T20:09:42+00:00\",\"dateModified\":\"2025-04-02T16:12:45+00:00\",\"author\":{\"@id\":\"https:\\\/\\\/www.yorku.ca\\\/yfile\\\/#\\\/schema\\\/person\\\/21f3dffe794363be5ece4ec7f538a0c0\"},\"breadcrumb\":{\"@id\":\"https:\\\/\\\/www.yorku.ca\\\/yfile\\\/2022\\\/04\\\/03\\\/york-university-announces-2022s-top-30-alumni-under-30\\\/#breadcrumb\"},\"inLanguage\":\"en-CA\",\"potentialAction\":[{\"@type\":\"ReadAction\",\"target\":[\"https:\\\/\\\/www.yorku.ca\\\/yfile\\\/2022\\\/04\\\/03\\\/york-university-announces-2022s-top-30-alumni-under-30\\\/\"]}]},{\"@type\":\"ImageObject\",\"inLanguage\":\"en-CA\",\"@id\":\"https:\\\/\\\/www.yorku.ca\\\/yfile\\\/2022\\\/04\\\/03\\\/york-university-announces-2022s-top-30-alumni-under-30\\\/#primaryimage\",\"url\":\"https:\\\/\\\/www.yorku.ca\\\/yfile\\\/wp-content\\\/uploads\\\/sites\\\/889\\\/2022\\\/03\\\/Top-30-alumni-banner.jpg\",\"contentUrl\":\"https:\\\/\\\/www.yorku.ca\\\/yfile\\\/wp-content\\\/uploads\\\/sites\\\/889\\\/2022\\\/03\\\/Top-30-alumni-banner.jpg\",\"width\":1923,\"height\":500,\"caption\":\"Top 30 alumni under 30 banner\"},{\"@type\":\"BreadcrumbList\",\"@id\":\"https:\\\/\\\/www.yorku.ca\\\/yfile\\\/2022\\\/04\\\/03\\\/york-university-announces-2022s-top-30-alumni-under-30\\\/#breadcrumb\",\"itemListElement\":[{\"@type\":\"ListItem\",\"position\":1,\"name\":\"Home\",\"item\":\"https:\\\/\\\/www.yorku.ca\\\/yfile\\\/\"},{\"@type\":\"ListItem\",\"position\":2,\"name\":\"York University announces 2022's Top 30 Alumni Under 30\"}]},{\"@type\":\"WebSite\",\"@id\":\"https:\\\/\\\/www.yorku.ca\\\/yfile\\\/#website\",\"url\":\"https:\\\/\\\/www.yorku.ca\\\/yfile\\\/\",\"name\":\"YFile\",\"description\":\"\",\"potentialAction\":[{\"@type\":\"SearchAction\",\"target\":{\"@type\":\"EntryPoint\",\"urlTemplate\":\"https:\\\/\\\/www.yorku.ca\\\/yfile\\\/?s={search_term_string}\"},\"query-input\":{\"@type\":\"PropertyValueSpecification\",\"valueRequired\":true,\"valueName\":\"search_term_string\"}}],\"inLanguage\":\"en-CA\"},{\"@type\":\"Person\",\"@id\":\"https:\\\/\\\/www.yorku.ca\\\/yfile\\\/#\\\/schema\\\/person\\\/21f3dffe794363be5ece4ec7f538a0c0\",\"name\":\"phalfert\",\"image\":{\"@type\":\"ImageObject\",\"inLanguage\":\"en-CA\",\"@id\":\"https:\\\/\\\/secure.gravatar.com\\\/avatar\\\/9e3ac8a4ede7f72dd695c074c5291e11739705deae1422de177298d5aad6d559?s=96&d=mm&r=g\",\"url\":\"https:\\\/\\\/secure.gravatar.com\\\/avatar\\\/9e3ac8a4ede7f72dd695c074c5291e11739705deae1422de177298d5aad6d559?s=96&d=mm&r=g\",\"contentUrl\":\"https:\\\/\\\/secure.gravatar.com\\\/avatar\\\/9e3ac8a4ede7f72dd695c074c5291e11739705deae1422de177298d5aad6d559?s=96&d=mm&r=g\",\"caption\":\"phalfert\"},\"url\":\"https:\\\/\\\/www.yorku.ca\\\/yfile\\\/author\\\/phalfert\\\/\"}]}<\/script>\n<!-- \/ Yoast SEO plugin. -->","yoast_head_json":{"title":"York University announces 2022's Top 30 Alumni Under 30 - YFile","robots":{"index":"index","follow":"follow","max-snippet":"max-snippet:-1","max-image-preview":"max-image-preview:large","max-video-preview":"max-video-preview:-1"},"canonical":"https:\/\/www.yorku.ca\/yfile\/2022\/04\/03\/york-university-announces-2022s-top-30-alumni-under-30\/","og_locale":"en_US","og_type":"article","og_title":"York University announces 2022's Top 30 Alumni Under 30 - YFile","og_description":"The 30 outstanding graduates, including author Kaleb Dahlgren and Olympian Melissa Humana-Paredes, are working to right the future in a variety of fields and highlight the many career and life paths made possible with a York degree.","og_url":"https:\/\/www.yorku.ca\/yfile\/2022\/04\/03\/york-university-announces-2022s-top-30-alumni-under-30\/","og_site_name":"YFile","article_published_time":"2022-04-03T20:09:42+00:00","article_modified_time":"2025-04-02T16:12:45+00:00","og_image":[{"width":1923,"height":500,"url":"https:\/\/www.yorku.ca\/yfile\/wp-content\/uploads\/sites\/889\/2022\/03\/Top-30-alumni-banner.jpg","type":"image\/jpeg"}],"author":"phalfert","twitter_card":"summary_large_image","twitter_misc":{"Written by":"phalfert","Est. reading time":"4 minutes"},"schema":{"@context":"https:\/\/schema.org","@graph":[{"@type":"Article","@id":"https:\/\/www.yorku.ca\/yfile\/2022\/04\/03\/york-university-announces-2022s-top-30-alumni-under-30\/#article","isPartOf":{"@id":"https:\/\/www.yorku.ca\/yfile\/2022\/04\/03\/york-university-announces-2022s-top-30-alumni-under-30\/"},"author":{"name":"phalfert","@id":"https:\/\/www.yorku.ca\/yfile\/#\/schema\/person\/21f3dffe794363be5ece4ec7f538a0c0"},"headline":"York University announces 2022's Top 30 Alumni Under 30","datePublished":"2022-04-03T20:09:42+00:00","dateModified":"2025-04-02T16:12:45+00:00","mainEntityOfPage":{"@id":"https:\/\/www.yorku.ca\/yfile\/2022\/04\/03\/york-university-announces-2022s-top-30-alumni-under-30\/"},"wordCount":825,"image":{"@id":"https:\/\/www.yorku.ca\/yfile\/2022\/04\/03\/york-university-announces-2022s-top-30-alumni-under-30\/#primaryimage"},"thumbnailUrl":"https:\/\/www.yorku.ca\/yfile\/wp-content\/uploads\/sites\/889\/2022\/03\/Top-30-alumni-banner.jpg","keywords":["Advancement","Alumni","Awards","Changemakers","Community","SDG 1","SDG 10","SDG 11","SDG 12","SDG 13","SDG 16","SDG 2","SDG 3","SDG 4","SDG 5","SDG 6","SDG 8","SDG 9","SDGs","YFile"],"articleSection":["Latest News"],"inLanguage":"en-CA","copyrightYear":"2022","copyrightHolder":{"@id":"https:\/\/www.yorku.ca\/yfile\/#organization"}},{"@type":"WebPage","@id":"https:\/\/www.yorku.ca\/yfile\/2022\/04\/03\/york-university-announces-2022s-top-30-alumni-under-30\/","url":"https:\/\/www.yorku.ca\/yfile\/2022\/04\/03\/york-university-announces-2022s-top-30-alumni-under-30\/","name":"York University announces 2022's Top 30 Alumni Under 30 - YFile","isPartOf":{"@id":"https:\/\/www.yorku.ca\/yfile\/#website"},"primaryImageOfPage":{"@id":"https:\/\/www.yorku.ca\/yfile\/2022\/04\/03\/york-university-announces-2022s-top-30-alumni-under-30\/#primaryimage"},"image":{"@id":"https:\/\/www.yorku.ca\/yfile\/2022\/04\/03\/york-university-announces-2022s-top-30-alumni-under-30\/#primaryimage"},"thumbnailUrl":"https:\/\/www.yorku.ca\/yfile\/wp-content\/uploads\/sites\/889\/2022\/03\/Top-30-alumni-banner.jpg","datePublished":"2022-04-03T20:09:42+00:00","dateModified":"2025-04-02T16:12:45+00:00","author":{"@id":"https:\/\/www.yorku.ca\/yfile\/#\/schema\/person\/21f3dffe794363be5ece4ec7f538a0c0"},"breadcrumb":{"@id":"https:\/\/www.yorku.ca\/yfile\/2022\/04\/03\/york-university-announces-2022s-top-30-alumni-under-30\/#breadcrumb"},"inLanguage":"en-CA","potentialAction":[{"@type":"ReadAction","target":["https:\/\/www.yorku.ca\/yfile\/2022\/04\/03\/york-university-announces-2022s-top-30-alumni-under-30\/"]}]},{"@type":"ImageObject","inLanguage":"en-CA","@id":"https:\/\/www.yorku.ca\/yfile\/2022\/04\/03\/york-university-announces-2022s-top-30-alumni-under-30\/#primaryimage","url":"https:\/\/www.yorku.ca\/yfile\/wp-content\/uploads\/sites\/889\/2022\/03\/Top-30-alumni-banner.jpg","contentUrl":"https:\/\/www.yorku.ca\/yfile\/wp-content\/uploads\/sites\/889\/2022\/03\/Top-30-alumni-banner.jpg","width":1923,"height":500,"caption":"Top 30 alumni under 30 banner"},{"@type":"BreadcrumbList","@id":"https:\/\/www.yorku.ca\/yfile\/2022\/04\/03\/york-university-announces-2022s-top-30-alumni-under-30\/#breadcrumb","itemListElement":[{"@type":"ListItem","position":1,"name":"Home","item":"https:\/\/www.yorku.ca\/yfile\/"},{"@type":"ListItem","position":2,"name":"York University announces 2022's Top 30 Alumni Under 30"}]},{"@type":"WebSite","@id":"https:\/\/www.yorku.ca\/yfile\/#website","url":"https:\/\/www.yorku.ca\/yfile\/","name":"YFile","description":"","potentialAction":[{"@type":"SearchAction","target":{"@type":"EntryPoint","urlTemplate":"https:\/\/www.yorku.ca\/yfile\/?s={search_term_string}"},"query-input":{"@type":"PropertyValueSpecification","valueRequired":true,"valueName":"search_term_string"}}],"inLanguage":"en-CA"},{"@type":"Person","@id":"https:\/\/www.yorku.ca\/yfile\/#\/schema\/person\/21f3dffe794363be5ece4ec7f538a0c0","name":"phalfert","image":{"@type":"ImageObject","inLanguage":"en-CA","@id":"https:\/\/secure.gravatar.com\/avatar\/9e3ac8a4ede7f72dd695c074c5291e11739705deae1422de177298d5aad6d559?s=96&d=mm&r=g","url":"https:\/\/secure.gravatar.com\/avatar\/9e3ac8a4ede7f72dd695c074c5291e11739705deae1422de177298d5aad6d559?s=96&d=mm&r=g","contentUrl":"https:\/\/secure.gravatar.com\/avatar\/9e3ac8a4ede7f72dd695c074c5291e11739705deae1422de177298d5aad6d559?s=96&d=mm&r=g","caption":"phalfert"},"url":"https:\/\/www.yorku.ca\/yfile\/author\/phalfert\/"}]}},"taxonomy_info":{"category":[{"value":11,"label":"Latest News"}],"post_tag":[{"value":78,"label":"Advancement"},{"value":30,"label":"Alumni"},{"value":18,"label":"Awards"},{"value":28,"label":"Changemakers"},{"value":29,"label":"Community"},{"value":76,"label":"SDG 1"},{"value":47,"label":"SDG 10"},{"value":39,"label":"SDG 11"},{"value":75,"label":"SDG 12"},{"value":49,"label":"SDG 13"},{"value":60,"label":"SDG 16"},{"value":84,"label":"SDG 2"},{"value":23,"label":"SDG 3"},{"value":17,"label":"SDG 4"},{"value":50,"label":"SDG 5"},{"value":40,"label":"SDG 6"},{"value":48,"label":"SDG 8"},{"value":37,"label":"SDG 9"},{"value":15,"label":"SDGs"},{"value":4,"label":"YFile"}],"tags-to-show":[{"value":151,"label":"Advancement"},{"value":203,"label":"Alumni"},{"value":155,"label":"Awards"},{"value":156,"label":"Changemakers"},{"value":145,"label":"Community"},{"value":158,"label":"SDGs"}]},"featured_image_src_large":["https:\/\/www.yorku.ca\/yfile\/wp-content\/uploads\/sites\/889\/2022\/03\/Top-30-alumni-banner-1024x266.jpg",1024,266,true],"author_info":{"display_name":"phalfert","author_link":"https:\/\/www.yorku.ca\/yfile\/author\/phalfert\/"},"comment_info":0,"category_info":[{"term_id":11,"name":"Latest News","slug":"latest-news","term_group":0,"term_taxonomy_id":11,"taxonomy":"category","description":"","parent":0,"count":12680,"filter":"raw","cat_ID":11,"category_count":12680,"category_description":"","cat_name":"Latest News","category_nicename":"latest-news","category_parent":0}],"tag_info":[{"term_id":78,"name":"Advancement","slug":"advancement","term_group":0,"term_taxonomy_id":78,"taxonomy":"post_tag","description":"","parent":0,"count":71,"filter":"raw"},{"term_id":30,"name":"Alumni","slug":"alumni","term_group":0,"term_taxonomy_id":30,"taxonomy":"post_tag","description":"","parent":0,"count":259,"filter":"raw"},{"term_id":18,"name":"Awards","slug":"awards","term_group":0,"term_taxonomy_id":18,"taxonomy":"post_tag","description":"","parent":0,"count":663,"filter":"raw"},{"term_id":28,"name":"Changemakers","slug":"changemakers","term_group":0,"term_taxonomy_id":28,"taxonomy":"post_tag","description":"","parent":0,"count":184,"filter":"raw"},{"term_id":29,"name":"Community","slug":"community","term_group":0,"term_taxonomy_id":29,"taxonomy":"post_tag","description":"","parent":0,"count":966,"filter":"raw"},{"term_id":76,"name":"SDG 1","slug":"sdg-1","term_group":0,"term_taxonomy_id":76,"taxonomy":"post_tag","description":"","parent":0,"count":54,"filter":"raw"},{"term_id":47,"name":"SDG 10","slug":"sdg-10","term_group":0,"term_taxonomy_id":47,"taxonomy":"post_tag","description":"","parent":0,"count":445,"filter":"raw"},{"term_id":39,"name":"SDG 11","slug":"sdg-11","term_group":0,"term_taxonomy_id":39,"taxonomy":"post_tag","description":"","parent":0,"count":194,"filter":"raw"},{"term_id":75,"name":"SDG 12","slug":"sdg-12","term_group":0,"term_taxonomy_id":75,"taxonomy":"post_tag","description":"","parent":0,"count":102,"filter":"raw"},{"term_id":49,"name":"SDG 13","slug":"sdg-13","term_group":0,"term_taxonomy_id":49,"taxonomy":"post_tag","description":"","parent":0,"count":192,"filter":"raw"},{"term_id":60,"name":"SDG 16","slug":"sdg-16","term_group":0,"term_taxonomy_id":60,"taxonomy":"post_tag","description":"","parent":0,"count":188,"filter":"raw"},{"term_id":84,"name":"SDG 2","slug":"sdg-2","term_group":0,"term_taxonomy_id":84,"taxonomy":"post_tag","description":"","parent":0,"count":30,"filter":"raw"},{"term_id":23,"name":"SDG 3","slug":"sdg-3","term_group":0,"term_taxonomy_id":23,"taxonomy":"post_tag","description":"","parent":0,"count":333,"filter":"raw"},{"term_id":17,"name":"SDG 4","slug":"sdg-4","term_group":0,"term_taxonomy_id":17,"taxonomy":"post_tag","description":"","parent":0,"count":438,"filter":"raw"},{"term_id":50,"name":"SDG 5","slug":"sdg-5","term_group":0,"term_taxonomy_id":50,"taxonomy":"post_tag","description":"","parent":0,"count":155,"filter":"raw"},{"term_id":40,"name":"SDG 6","slug":"sdg-6","term_group":0,"term_taxonomy_id":40,"taxonomy":"post_tag","description":"","parent":0,"count":65,"filter":"raw"},{"term_id":48,"name":"SDG 8","slug":"sdg-8","term_group":0,"term_taxonomy_id":48,"taxonomy":"post_tag","description":"","parent":0,"count":102,"filter":"raw"},{"term_id":37,"name":"SDG 9","slug":"sdg-9","term_group":0,"term_taxonomy_id":37,"taxonomy":"post_tag","description":"","parent":0,"count":182,"filter":"raw"},{"term_id":15,"name":"SDGs","slug":"sdg","term_group":0,"term_taxonomy_id":15,"taxonomy":"post_tag","description":"","parent":0,"count":1254,"filter":"raw"},{"term_id":4,"name":"YFile","slug":"yfile","term_group":0,"term_taxonomy_id":4,"taxonomy":"post_tag","description":"","parent":0,"count":5314,"filter":"raw"}],"_links":{"self":[{"href":"https:\/\/www.yorku.ca\/yfile\/wp-json\/wp\/v2\/posts\/312024","targetHints":{"allow":["GET"]}}],"collection":[{"href":"https:\/\/www.yorku.ca\/yfile\/wp-json\/wp\/v2\/posts"}],"about":[{"href":"https:\/\/www.yorku.ca\/yfile\/wp-json\/wp\/v2\/types\/post"}],"author":[{"embeddable":true,"href":"https:\/\/www.yorku.ca\/yfile\/wp-json\/wp\/v2\/users\/5"}],"replies":[{"embeddable":true,"href":"https:\/\/www.yorku.ca\/yfile\/wp-json\/wp\/v2\/comments?post=312024"}],"version-history":[{"count":1,"href":"https:\/\/www.yorku.ca\/yfile\/wp-json\/wp\/v2\/posts\/312024\/revisions"}],"predecessor-version":[{"id":391384,"href":"https:\/\/www.yorku.ca\/yfile\/wp-json\/wp\/v2\/posts\/312024\/revisions\/391384"}],"wp:featuredmedia":[{"embeddable":true,"href":"https:\/\/www.yorku.ca\/yfile\/wp-json\/wp\/v2\/media\/312028"}],"wp:attachment":[{"href":"https:\/\/www.yorku.ca\/yfile\/wp-json\/wp\/v2\/media?parent=312024"}],"wp:term":[{"taxonomy":"category","embeddable":true,"href":"https:\/\/www.yorku.ca\/yfile\/wp-json\/wp\/v2\/categories?post=312024"},{"taxonomy":"post_tag","embeddable":true,"href":"https:\/\/www.yorku.ca\/yfile\/wp-json\/wp\/v2\/tags?post=312024"},{"taxonomy":"yfileauthor","embeddable":true,"href":"https:\/\/www.yorku.ca\/yfile\/wp-json\/wp\/v2\/yfileauthor?post=312024"},{"taxonomy":"qualifier","embeddable":true,"href":"https:\/\/www.yorku.ca\/yfile\/wp-json\/wp\/v2\/qualifier?post=312024"},{"taxonomy":"yfile-author","embeddable":true,"href":"https:\/\/www.yorku.ca\/yfile\/wp-json\/wp\/v2\/yfile-author?post=312024"},{"taxonomy":"tags-to-show","embeddable":true,"href":"https:\/\/www.yorku.ca\/yfile\/wp-json\/wp\/v2\/tags-to-show?post=312024"},{"taxonomy":"workflow","embeddable":true,"href":"https:\/\/www.yorku.ca\/yfile\/wp-json\/wp\/v2\/workflow?post=312024"}],"curies":[{"name":"wp","href":"https:\/\/api.w.org\/{rel}","templated":true}]}}