{"id":320805,"date":"2022-09-07T12:25:07","date_gmt":"2022-09-07T17:25:07","guid":{"rendered":"https:\/\/yfile.news.yorku.ca\/?p=320805"},"modified":"2025-04-02T12:19:30","modified_gmt":"2025-04-02T16:19:30","slug":"welcome-to-the-2022-23-academic-year","status":"publish","type":"post","link":"https:\/\/www.yorku.ca\/yfile\/2022\/09\/07\/welcome-to-the-2022-23-academic-year\/","title":{"rendered":"Welcome to the 2022-23 academic year"},"content":{"rendered":"\n<p><em>La version fran\u00e7aise suit la version anglaise.<\/em><\/p>\n\n\n\n<p>Dear York community,<\/p>\n\n\n\n<p>It is my pleasure to offer you all a very warm welcome to the 2022\u201323 academic year!<\/p>\n\n\n\n<p>For those of you who are new to York University, we are delighted you have chosen to be part of our ever-growing community. To all returning students, faculty, course instructors and staff, welcome back.<\/p>\n\n\n\n<p>Despite the complex challenges we have faced, we have consistently balanced our responsibility towards the broader community with a wholehearted commitment to providing a welcoming, inclusive and engaging teaching, learning, and working experience for everyone at York University.<\/p>\n\n\n\n<p>As we return to the more typical in-person experiences we remember, I hope you will take advantage of every opportunity York has to offer as a 21st-century university, including engaging in work-integrated learning opportunities, participating or supporting athletics and recreation programs, joining clubs and organizations and attending events. These experiences have a profound impact on our lives. We benefit immensely both personally and professionally from the development of new connections, experiences and ideas that have the potential to shape our future success.<\/p>\n\n\n\n<p><strong>Learn how York is fostering a holistic community of well-being this academic year<\/strong><\/p>\n\n\n\n<figure class=\"wp-block-embed is-type-video is-provider-youtube wp-block-embed-youtube wp-embed-aspect-16-9 wp-has-aspect-ratio\"><div class=\"wp-block-embed__wrapper\">\n<iframe loading=\"lazy\" title=\"Welcome to the 2022\u201323 Academic Year at York University\" width=\"1778\" height=\"1000\" src=\"https:\/\/www.youtube.com\/embed\/nVBGPKZ9Ehc?feature=oembed\" frameborder=\"0\" allow=\"accelerometer; autoplay; clipboard-write; encrypted-media; gyroscope; picture-in-picture; web-share\" referrerpolicy=\"strict-origin-when-cross-origin\" allowfullscreen><\/iframe>\n<\/div><\/figure>\n\n\n\n<p>As mentioned in a <a href=\"https:\/\/www.yorku.ca\/bettertogether\/2022\/09\/06\/york-university-covid-19-update-for-fall-academic-term\/\" data-type=\"URL\" data-id=\"https:\/\/www.yorku.ca\/bettertogether\/2022\/09\/06\/york-university-covid-19-update-for-fall-academic-term\/\" target=\"_blank\" rel=\"noreferrer noopener\">recent update<\/a>, York University has transitioned to a community of care approach to health and safety which will see a pause on requirements related to masking, vaccination and screening in alignment with public health guidance. Masking and vaccination remain the two most effective ways for everyone to protect their health. York will continue to monitor the changing COVID-19 landscape on an ongoing basis to ensure the safety and well-being of the community. Please note that it may be necessary to pivot or introduce new measures if circumstances should change during the academic year.<\/p>\n\n\n\n<p>For more information on the different resources available to you on-campus \u2013 including vaccine clinics, rapid tests, and masks \u2013 and updates on what the University is doing in response to the ongoing pandemic, I encourage you to visit our <a href=\"https:\/\/www.yorku.ca\/bettertogether\/\" data-type=\"URL\" data-id=\"https:\/\/www.yorku.ca\/bettertogether\/\" target=\"_blank\" rel=\"noreferrer noopener\">Better Together<\/a> website.<\/p>\n\n\n\n<p>I would like to thank all of you for your role in fostering an inclusive, welcoming and resilient community across our campuses over the past few years, and for embodying our trademark York spirit by pursuing excellence, innovation, and leadership while uplifting one another and the world around us through purposeful action.<\/p>\n\n\n\n<p>I am confident that this academic year will yield countless new achievements as we continue to come together and make connections that not only add value to our lives but also lay the foundation for catalyzing positive change in our local and global communities. Together, we will right the future.<\/p>\n\n\n\n<p>I wish you all the best for a healthy and successful 2022\u201323 academic year and look forward to seeing you on campus!<\/p>\n\n\n\n<p>Sincerely,<\/p>\n\n\n\n<p><strong>Rhonda Lenton<br>President and Vice-Chancellor<\/strong><\/p>\n\n\n\n<hr class=\"wp-block-separator\"\/>\n\n\n\n<h2 class=\"wp-block-heading\" id=\"bon-debut-d-annee-universitaire-2022-2023\">Bon d\u00e9but d\u2019ann\u00e9e universitaire 2022-2023<\/h2>\n\n\n\n<p>Chers membres de la communaut\u00e9 de York,&nbsp;<\/p>\n\n\n\n<p>J\u2019ai le plaisir de vous souhaiter un excellent d\u00e9but d\u2019ann\u00e9e universitaire&nbsp;2022-2023!&nbsp;<\/p>\n\n\n\n<p>Si vous faites partie des personnes nouvelles \u00e0 l\u2019Universit\u00e9 York, nous nous r\u00e9jouissons que vous ayez choisi de vous joindre \u00e0 notre communaut\u00e9 en pleine expansion. Nous souhaitons un agr\u00e9able retour \u00e0 tous les membres de la population \u00e9tudiante, du corps professoral, du corps enseignant et du personnel.&nbsp;<\/p>\n\n\n\n<p>Malgr\u00e9 les d\u00e9fis complexes auxquels nous avons \u00e9t\u00e9 confront\u00e9s, nous avons toujours su concilier notre responsabilit\u00e9 envers la communaut\u00e9 avec une ferme volont\u00e9 d\u2019offrir une exp\u00e9rience d\u2019enseignement, d\u2019apprentissage et de travail accueillante, inclusive et engageante pour tout un chacun \u00e0 l\u2019Universit\u00e9 York.&nbsp;&nbsp;<\/p>\n\n\n\n<p>Nous retrouvons cette ann\u00e9e les exp\u00e9riences en personne plus typiques dont nous gardons le souvenir. J\u2019esp\u00e8re que vous profiterez de toutes les possibilit\u00e9s que York a \u00e0 offrir en tant qu\u2019universit\u00e9 du 21<sup>e<\/sup>&nbsp;si\u00e8cle, notamment en vous impliquant dans des possibilit\u00e9s d\u2019apprentissage int\u00e9gr\u00e9 au travail, en participant \u00e0 des programmes sportifs et de loisirs ou en les appuyant, ou encore, en adh\u00e9rant \u00e0 des clubs et des organisations et en assistant \u00e0 des \u00e9v\u00e9nements. Toutes ces exp\u00e9riences ont une incidence sur nos vies. Nous b\u00e9n\u00e9ficions \u00e9norm\u00e9ment du point de vue personnel et professionnel de la cr\u00e9ation de nouvelles connexions, exp\u00e9riences et id\u00e9es qui peuvent fa\u00e7onner notre r\u00e9ussite future.<\/p>\n\n\n\n<p><strong>D\u00e9couvrez comment York encourage une communaut\u00e9 holistique<\/strong> <strong>de bien-\u00eatre cette ann\u00e9e<\/strong><\/p>\n\n\n\n<figure class=\"wp-block-embed is-type-video is-provider-youtube wp-block-embed-youtube wp-embed-aspect-16-9 wp-has-aspect-ratio\"><div class=\"wp-block-embed__wrapper\">\n<iframe loading=\"lazy\" title=\"Bon d\u00e9but d\u2019ann\u00e9e universitaire 2022-2023 \u00e0 York!\" width=\"1778\" height=\"1000\" src=\"https:\/\/www.youtube.com\/embed\/KVT8P2eo2Wo?feature=oembed\" frameborder=\"0\" allow=\"accelerometer; autoplay; clipboard-write; encrypted-media; gyroscope; picture-in-picture; web-share\" referrerpolicy=\"strict-origin-when-cross-origin\" allowfullscreen><\/iframe>\n<\/div><\/figure>\n\n\n\n<p>Comme nous l\u2019avons mentionn\u00e9 dans une&nbsp;<a href=\"https:\/\/www.yorku.ca\/bettertogether\/2022\/09\/06\/mise-a-jour-de-luniversite-york-sur-la-covid-19-pour-le-trimestre-dautomne\/?lang=fr&amp;repeat=w3tc\" target=\"_blank\" rel=\"noreferrer noopener\">communication r\u00e9cente<\/a>, l\u2019Universit\u00e9 York a adopt\u00e9 une approche de sant\u00e9 et de s\u00e9curit\u00e9 ax\u00e9e sur le bien-\u00eatre de la communaut\u00e9, ce qui signifie l\u2019interruption des exigences li\u00e9es au port de masque, \u00e0 la vaccination et au d\u00e9pistage, conform\u00e9ment aux directives de sant\u00e9 publique. Le port de masque et la vaccination restent les deux moyens les plus efficaces de prot\u00e9ger notre sant\u00e9. York continuera \u00e0 surveiller \u00e9troitement l\u2019\u00e9volution de la COVID-19 afin d\u2019assurer la s\u00e9curit\u00e9 et le bien-\u00eatre de sa communaut\u00e9. Veuillez noter qu\u2019il sera peut-\u00eatre n\u00e9cessaire de changer de cap ou d\u2019introduire de nouvelles mesures si les circonstances viennent \u00e0 changer durant l\u2019ann\u00e9e universitaire.&nbsp;&nbsp;<\/p>\n\n\n\n<p>Pour plus d\u2019informations sur les diff\u00e9rentes ressources disponibles sur le campus \u2014 y compris les cliniques de vaccination, les tests rapides et les masques \u2014 et les mises \u00e0 jour en mati\u00e8re de r\u00e9ponse \u00e0 la pand\u00e9mie en cours, je vous encourage \u00e0 consulter notre site Web&nbsp;<a href=\"https:\/\/www.yorku.ca\/bettertogether\/?lang=fr\" target=\"_blank\" rel=\"noreferrer noopener\">Mieux ensemble<\/a>.&nbsp;<\/p>\n\n\n\n<p>Je tiens \u00e0 vous remercier pour le r\u00f4le que vous avez jou\u00e9 dans la cr\u00e9ation d\u2019une communaut\u00e9 inclusive, accueillante et r\u00e9siliente sur nos campus au cours des derni\u00e8res ann\u00e9es, et pour avoir incarn\u00e9 l\u2019esprit typique de York en visant l\u2019excellence, l\u2019innovation et le leadership, tout en nous stimulant mutuellement gr\u00e2ce des actions cibl\u00e9es.&nbsp;<\/p>\n\n\n\n<p>Je suis convaincue que cette ann\u00e9e universitaire favorisera une multitude de nouvelles r\u00e9alisations, tandis que nous continuons \u00e0 faire front commun et \u00e0 cr\u00e9er des liens qui non seulement ajoutent de la valeur \u00e0 nos vies, mais \u00e9tablissent aussi les bases de changements positifs dans nos communaut\u00e9s locales et mondiales. Continuons ensemble d\u2019\u00eatre pr\u00e9sents pour l\u2019avenir.&nbsp;<\/p>\n\n\n\n<p>Je vous souhaite une excellente ann\u00e9e&nbsp;2022-2023 en bonne sant\u00e9 et remplie de succ\u00e8s et j\u2019ai h\u00e2te de vous voir sur les campus!&nbsp;&nbsp;<\/p>\n\n\n\n<p>Sinc\u00e8res salutations,&nbsp;<\/p>\n\n\n\n<p><strong>Rhonda Lenton<br>Pr\u00e9sidente et vice-chanceli\u00e8re&nbsp;<\/strong><\/p>\n","protected":false},"excerpt":{"rendered":"<p>York University President and Vice-Chancellor Rhonda Lenton offers a warm welcome to new and returning students, staff, faculty and course instructors and encourages community members to take advantage of every opportunity York has to offer as a 21st-century university.<\/p>\n","protected":false},"author":5,"featured_media":294433,"comment_status":"closed","ping_status":"closed","sticky":false,"template":"","format":"standard","meta":{"_acf_changed":false,"_kad_blocks_custom_css":"","_kad_blocks_head_custom_js":"","_kad_blocks_body_custom_js":"","_kad_blocks_footer_custom_js":"","footnotes":""},"categories":[25],"tags":[29,6,26,27,12,4],"yfileauthor":[],"qualifier":[],"yfile-author":[],"tags-to-show":[145,147,174,148,146],"workflow":[],"class_list":["post-320805","post","type-post","status-publish","format-standard","has-post-thumbnail","hentry","category-editors-picks","tag-community","tag-faculty","tag-president","tag-staff","tag-students","tag-yfile","tags-to-show-community","tags-to-show-faculty","tags-to-show-president","tags-to-show-staff","tags-to-show-students"],"acf":{"internal_publish_date":null,"original_image":null},"yoast_head":"<!-- This site is optimized with the Yoast SEO plugin v27.4 - https:\/\/yoast.com\/product\/yoast-seo-wordpress\/ -->\n<title>Welcome to the 2022-23 academic year - YFile<\/title>\n<meta name=\"robots\" content=\"index, follow, max-snippet:-1, max-image-preview:large, max-video-preview:-1\" \/>\n<link rel=\"canonical\" href=\"https:\/\/www.yorku.ca\/yfile\/2022\/09\/07\/welcome-to-the-2022-23-academic-year\/\" \/>\n<meta property=\"og:locale\" content=\"en_US\" \/>\n<meta property=\"og:type\" content=\"article\" \/>\n<meta property=\"og:title\" content=\"Welcome to the 2022-23 academic year - YFile\" \/>\n<meta property=\"og:description\" content=\"York University President and Vice-Chancellor Rhonda Lenton offers a warm welcome to new and returning students, staff, faculty and course instructors and encourages community members to take advantage of every opportunity York has to offer as a 21st-century university.\" \/>\n<meta property=\"og:url\" content=\"https:\/\/www.yorku.ca\/yfile\/2022\/09\/07\/welcome-to-the-2022-23-academic-year\/\" \/>\n<meta property=\"og:site_name\" content=\"YFile\" \/>\n<meta property=\"article:published_time\" content=\"2022-09-07T17:25:07+00:00\" \/>\n<meta property=\"article:modified_time\" content=\"2025-04-02T16:19:30+00:00\" \/>\n<meta property=\"og:image\" content=\"https:\/\/www.yorku.ca\/yfile\/wp-content\/uploads\/sites\/889\/2021\/10\/two-students-in-front-of-Vari-Hall.jpg\" \/>\n\t<meta property=\"og:image:width\" content=\"1800\" \/>\n\t<meta property=\"og:image:height\" content=\"600\" \/>\n\t<meta property=\"og:image:type\" content=\"image\/jpeg\" \/>\n<meta name=\"author\" content=\"phalfert\" \/>\n<meta name=\"twitter:card\" content=\"summary_large_image\" \/>\n<meta name=\"twitter:label1\" content=\"Written by\" \/>\n\t<meta name=\"twitter:data1\" content=\"phalfert\" \/>\n\t<meta name=\"twitter:label2\" content=\"Est. reading time\" \/>\n\t<meta name=\"twitter:data2\" content=\"5 minutes\" \/>\n<script type=\"application\/ld+json\" class=\"yoast-schema-graph\">{\"@context\":\"https:\\\/\\\/schema.org\",\"@graph\":[{\"@type\":\"Article\",\"@id\":\"https:\\\/\\\/www.yorku.ca\\\/yfile\\\/2022\\\/09\\\/07\\\/welcome-to-the-2022-23-academic-year\\\/#article\",\"isPartOf\":{\"@id\":\"https:\\\/\\\/www.yorku.ca\\\/yfile\\\/2022\\\/09\\\/07\\\/welcome-to-the-2022-23-academic-year\\\/\"},\"author\":{\"name\":\"phalfert\",\"@id\":\"https:\\\/\\\/www.yorku.ca\\\/yfile\\\/#\\\/schema\\\/person\\\/21f3dffe794363be5ece4ec7f538a0c0\"},\"headline\":\"Welcome to the 2022-23 academic year\",\"datePublished\":\"2022-09-07T17:25:07+00:00\",\"dateModified\":\"2025-04-02T16:19:30+00:00\",\"mainEntityOfPage\":{\"@id\":\"https:\\\/\\\/www.yorku.ca\\\/yfile\\\/2022\\\/09\\\/07\\\/welcome-to-the-2022-23-academic-year\\\/\"},\"wordCount\":1105,\"image\":{\"@id\":\"https:\\\/\\\/www.yorku.ca\\\/yfile\\\/2022\\\/09\\\/07\\\/welcome-to-the-2022-23-academic-year\\\/#primaryimage\"},\"thumbnailUrl\":\"https:\\\/\\\/www.yorku.ca\\\/yfile\\\/wp-content\\\/uploads\\\/sites\\\/889\\\/2021\\\/10\\\/two-students-in-front-of-Vari-Hall.jpg\",\"keywords\":[\"Community\",\"Faculty\",\"President\",\"Staff\",\"Students\",\"YFile\"],\"articleSection\":[\"Editor's Picks\"],\"inLanguage\":\"en-CA\",\"copyrightYear\":\"2022\",\"copyrightHolder\":{\"@id\":\"https:\\\/\\\/www.yorku.ca\\\/yfile\\\/#organization\"}},{\"@type\":\"WebPage\",\"@id\":\"https:\\\/\\\/www.yorku.ca\\\/yfile\\\/2022\\\/09\\\/07\\\/welcome-to-the-2022-23-academic-year\\\/\",\"url\":\"https:\\\/\\\/www.yorku.ca\\\/yfile\\\/2022\\\/09\\\/07\\\/welcome-to-the-2022-23-academic-year\\\/\",\"name\":\"Welcome to the 2022-23 academic year - YFile\",\"isPartOf\":{\"@id\":\"https:\\\/\\\/www.yorku.ca\\\/yfile\\\/#website\"},\"primaryImageOfPage\":{\"@id\":\"https:\\\/\\\/www.yorku.ca\\\/yfile\\\/2022\\\/09\\\/07\\\/welcome-to-the-2022-23-academic-year\\\/#primaryimage\"},\"image\":{\"@id\":\"https:\\\/\\\/www.yorku.ca\\\/yfile\\\/2022\\\/09\\\/07\\\/welcome-to-the-2022-23-academic-year\\\/#primaryimage\"},\"thumbnailUrl\":\"https:\\\/\\\/www.yorku.ca\\\/yfile\\\/wp-content\\\/uploads\\\/sites\\\/889\\\/2021\\\/10\\\/two-students-in-front-of-Vari-Hall.jpg\",\"datePublished\":\"2022-09-07T17:25:07+00:00\",\"dateModified\":\"2025-04-02T16:19:30+00:00\",\"author\":{\"@id\":\"https:\\\/\\\/www.yorku.ca\\\/yfile\\\/#\\\/schema\\\/person\\\/21f3dffe794363be5ece4ec7f538a0c0\"},\"breadcrumb\":{\"@id\":\"https:\\\/\\\/www.yorku.ca\\\/yfile\\\/2022\\\/09\\\/07\\\/welcome-to-the-2022-23-academic-year\\\/#breadcrumb\"},\"inLanguage\":\"en-CA\",\"potentialAction\":[{\"@type\":\"ReadAction\",\"target\":[\"https:\\\/\\\/www.yorku.ca\\\/yfile\\\/2022\\\/09\\\/07\\\/welcome-to-the-2022-23-academic-year\\\/\"]}]},{\"@type\":\"ImageObject\",\"inLanguage\":\"en-CA\",\"@id\":\"https:\\\/\\\/www.yorku.ca\\\/yfile\\\/2022\\\/09\\\/07\\\/welcome-to-the-2022-23-academic-year\\\/#primaryimage\",\"url\":\"https:\\\/\\\/www.yorku.ca\\\/yfile\\\/wp-content\\\/uploads\\\/sites\\\/889\\\/2021\\\/10\\\/two-students-in-front-of-Vari-Hall.jpg\",\"contentUrl\":\"https:\\\/\\\/www.yorku.ca\\\/yfile\\\/wp-content\\\/uploads\\\/sites\\\/889\\\/2021\\\/10\\\/two-students-in-front-of-Vari-Hall.jpg\",\"width\":1800,\"height\":600,\"caption\":\"Two students in front of Vari Hall\"},{\"@type\":\"BreadcrumbList\",\"@id\":\"https:\\\/\\\/www.yorku.ca\\\/yfile\\\/2022\\\/09\\\/07\\\/welcome-to-the-2022-23-academic-year\\\/#breadcrumb\",\"itemListElement\":[{\"@type\":\"ListItem\",\"position\":1,\"name\":\"Home\",\"item\":\"https:\\\/\\\/www.yorku.ca\\\/yfile\\\/\"},{\"@type\":\"ListItem\",\"position\":2,\"name\":\"Welcome to the 2022-23 academic year\"}]},{\"@type\":\"WebSite\",\"@id\":\"https:\\\/\\\/www.yorku.ca\\\/yfile\\\/#website\",\"url\":\"https:\\\/\\\/www.yorku.ca\\\/yfile\\\/\",\"name\":\"YFile\",\"description\":\"\",\"potentialAction\":[{\"@type\":\"SearchAction\",\"target\":{\"@type\":\"EntryPoint\",\"urlTemplate\":\"https:\\\/\\\/www.yorku.ca\\\/yfile\\\/?s={search_term_string}\"},\"query-input\":{\"@type\":\"PropertyValueSpecification\",\"valueRequired\":true,\"valueName\":\"search_term_string\"}}],\"inLanguage\":\"en-CA\"},{\"@type\":\"Person\",\"@id\":\"https:\\\/\\\/www.yorku.ca\\\/yfile\\\/#\\\/schema\\\/person\\\/21f3dffe794363be5ece4ec7f538a0c0\",\"name\":\"phalfert\",\"image\":{\"@type\":\"ImageObject\",\"inLanguage\":\"en-CA\",\"@id\":\"https:\\\/\\\/secure.gravatar.com\\\/avatar\\\/9e3ac8a4ede7f72dd695c074c5291e11739705deae1422de177298d5aad6d559?s=96&d=mm&r=g\",\"url\":\"https:\\\/\\\/secure.gravatar.com\\\/avatar\\\/9e3ac8a4ede7f72dd695c074c5291e11739705deae1422de177298d5aad6d559?s=96&d=mm&r=g\",\"contentUrl\":\"https:\\\/\\\/secure.gravatar.com\\\/avatar\\\/9e3ac8a4ede7f72dd695c074c5291e11739705deae1422de177298d5aad6d559?s=96&d=mm&r=g\",\"caption\":\"phalfert\"},\"url\":\"https:\\\/\\\/www.yorku.ca\\\/yfile\\\/author\\\/phalfert\\\/\"}]}<\/script>\n<!-- \/ Yoast SEO plugin. -->","yoast_head_json":{"title":"Welcome to the 2022-23 academic year - YFile","robots":{"index":"index","follow":"follow","max-snippet":"max-snippet:-1","max-image-preview":"max-image-preview:large","max-video-preview":"max-video-preview:-1"},"canonical":"https:\/\/www.yorku.ca\/yfile\/2022\/09\/07\/welcome-to-the-2022-23-academic-year\/","og_locale":"en_US","og_type":"article","og_title":"Welcome to the 2022-23 academic year - YFile","og_description":"York University President and Vice-Chancellor Rhonda Lenton offers a warm welcome to new and returning students, staff, faculty and course instructors and encourages community members to take advantage of every opportunity York has to offer as a 21st-century university.","og_url":"https:\/\/www.yorku.ca\/yfile\/2022\/09\/07\/welcome-to-the-2022-23-academic-year\/","og_site_name":"YFile","article_published_time":"2022-09-07T17:25:07+00:00","article_modified_time":"2025-04-02T16:19:30+00:00","og_image":[{"width":1800,"height":600,"url":"https:\/\/www.yorku.ca\/yfile\/wp-content\/uploads\/sites\/889\/2021\/10\/two-students-in-front-of-Vari-Hall.jpg","type":"image\/jpeg"}],"author":"phalfert","twitter_card":"summary_large_image","twitter_misc":{"Written by":"phalfert","Est. reading time":"5 minutes"},"schema":{"@context":"https:\/\/schema.org","@graph":[{"@type":"Article","@id":"https:\/\/www.yorku.ca\/yfile\/2022\/09\/07\/welcome-to-the-2022-23-academic-year\/#article","isPartOf":{"@id":"https:\/\/www.yorku.ca\/yfile\/2022\/09\/07\/welcome-to-the-2022-23-academic-year\/"},"author":{"name":"phalfert","@id":"https:\/\/www.yorku.ca\/yfile\/#\/schema\/person\/21f3dffe794363be5ece4ec7f538a0c0"},"headline":"Welcome to the 2022-23 academic year","datePublished":"2022-09-07T17:25:07+00:00","dateModified":"2025-04-02T16:19:30+00:00","mainEntityOfPage":{"@id":"https:\/\/www.yorku.ca\/yfile\/2022\/09\/07\/welcome-to-the-2022-23-academic-year\/"},"wordCount":1105,"image":{"@id":"https:\/\/www.yorku.ca\/yfile\/2022\/09\/07\/welcome-to-the-2022-23-academic-year\/#primaryimage"},"thumbnailUrl":"https:\/\/www.yorku.ca\/yfile\/wp-content\/uploads\/sites\/889\/2021\/10\/two-students-in-front-of-Vari-Hall.jpg","keywords":["Community","Faculty","President","Staff","Students","YFile"],"articleSection":["Editor's Picks"],"inLanguage":"en-CA","copyrightYear":"2022","copyrightHolder":{"@id":"https:\/\/www.yorku.ca\/yfile\/#organization"}},{"@type":"WebPage","@id":"https:\/\/www.yorku.ca\/yfile\/2022\/09\/07\/welcome-to-the-2022-23-academic-year\/","url":"https:\/\/www.yorku.ca\/yfile\/2022\/09\/07\/welcome-to-the-2022-23-academic-year\/","name":"Welcome to the 2022-23 academic year - YFile","isPartOf":{"@id":"https:\/\/www.yorku.ca\/yfile\/#website"},"primaryImageOfPage":{"@id":"https:\/\/www.yorku.ca\/yfile\/2022\/09\/07\/welcome-to-the-2022-23-academic-year\/#primaryimage"},"image":{"@id":"https:\/\/www.yorku.ca\/yfile\/2022\/09\/07\/welcome-to-the-2022-23-academic-year\/#primaryimage"},"thumbnailUrl":"https:\/\/www.yorku.ca\/yfile\/wp-content\/uploads\/sites\/889\/2021\/10\/two-students-in-front-of-Vari-Hall.jpg","datePublished":"2022-09-07T17:25:07+00:00","dateModified":"2025-04-02T16:19:30+00:00","author":{"@id":"https:\/\/www.yorku.ca\/yfile\/#\/schema\/person\/21f3dffe794363be5ece4ec7f538a0c0"},"breadcrumb":{"@id":"https:\/\/www.yorku.ca\/yfile\/2022\/09\/07\/welcome-to-the-2022-23-academic-year\/#breadcrumb"},"inLanguage":"en-CA","potentialAction":[{"@type":"ReadAction","target":["https:\/\/www.yorku.ca\/yfile\/2022\/09\/07\/welcome-to-the-2022-23-academic-year\/"]}]},{"@type":"ImageObject","inLanguage":"en-CA","@id":"https:\/\/www.yorku.ca\/yfile\/2022\/09\/07\/welcome-to-the-2022-23-academic-year\/#primaryimage","url":"https:\/\/www.yorku.ca\/yfile\/wp-content\/uploads\/sites\/889\/2021\/10\/two-students-in-front-of-Vari-Hall.jpg","contentUrl":"https:\/\/www.yorku.ca\/yfile\/wp-content\/uploads\/sites\/889\/2021\/10\/two-students-in-front-of-Vari-Hall.jpg","width":1800,"height":600,"caption":"Two students in front of Vari Hall"},{"@type":"BreadcrumbList","@id":"https:\/\/www.yorku.ca\/yfile\/2022\/09\/07\/welcome-to-the-2022-23-academic-year\/#breadcrumb","itemListElement":[{"@type":"ListItem","position":1,"name":"Home","item":"https:\/\/www.yorku.ca\/yfile\/"},{"@type":"ListItem","position":2,"name":"Welcome to the 2022-23 academic year"}]},{"@type":"WebSite","@id":"https:\/\/www.yorku.ca\/yfile\/#website","url":"https:\/\/www.yorku.ca\/yfile\/","name":"YFile","description":"","potentialAction":[{"@type":"SearchAction","target":{"@type":"EntryPoint","urlTemplate":"https:\/\/www.yorku.ca\/yfile\/?s={search_term_string}"},"query-input":{"@type":"PropertyValueSpecification","valueRequired":true,"valueName":"search_term_string"}}],"inLanguage":"en-CA"},{"@type":"Person","@id":"https:\/\/www.yorku.ca\/yfile\/#\/schema\/person\/21f3dffe794363be5ece4ec7f538a0c0","name":"phalfert","image":{"@type":"ImageObject","inLanguage":"en-CA","@id":"https:\/\/secure.gravatar.com\/avatar\/9e3ac8a4ede7f72dd695c074c5291e11739705deae1422de177298d5aad6d559?s=96&d=mm&r=g","url":"https:\/\/secure.gravatar.com\/avatar\/9e3ac8a4ede7f72dd695c074c5291e11739705deae1422de177298d5aad6d559?s=96&d=mm&r=g","contentUrl":"https:\/\/secure.gravatar.com\/avatar\/9e3ac8a4ede7f72dd695c074c5291e11739705deae1422de177298d5aad6d559?s=96&d=mm&r=g","caption":"phalfert"},"url":"https:\/\/www.yorku.ca\/yfile\/author\/phalfert\/"}]}},"taxonomy_info":{"category":[{"value":25,"label":"Editor's Picks"}],"post_tag":[{"value":29,"label":"Community"},{"value":6,"label":"Faculty"},{"value":26,"label":"President"},{"value":27,"label":"Staff"},{"value":12,"label":"Students"},{"value":4,"label":"YFile"}],"tags-to-show":[{"value":145,"label":"Community"},{"value":147,"label":"Faculty"},{"value":174,"label":"President"},{"value":148,"label":"Staff"},{"value":146,"label":"Students"}]},"featured_image_src_large":["https:\/\/www.yorku.ca\/yfile\/wp-content\/uploads\/sites\/889\/2021\/10\/two-students-in-front-of-Vari-Hall-1024x341.jpg",1024,341,true],"author_info":{"display_name":"phalfert","author_link":"https:\/\/www.yorku.ca\/yfile\/author\/phalfert\/"},"comment_info":0,"category_info":[{"term_id":25,"name":"Editor's Picks","slug":"editors-picks","term_group":0,"term_taxonomy_id":25,"taxonomy":"category","description":"","parent":0,"count":6269,"filter":"raw","cat_ID":25,"category_count":6269,"category_description":"","cat_name":"Editor's Picks","category_nicename":"editors-picks","category_parent":0}],"tag_info":[{"term_id":29,"name":"Community","slug":"community","term_group":0,"term_taxonomy_id":29,"taxonomy":"post_tag","description":"","parent":0,"count":966,"filter":"raw"},{"term_id":6,"name":"Faculty","slug":"faculty","term_group":0,"term_taxonomy_id":6,"taxonomy":"post_tag","description":"","parent":0,"count":2013,"filter":"raw"},{"term_id":26,"name":"President","slug":"president","term_group":0,"term_taxonomy_id":26,"taxonomy":"post_tag","description":"","parent":0,"count":405,"filter":"raw"},{"term_id":27,"name":"Staff","slug":"staff","term_group":0,"term_taxonomy_id":27,"taxonomy":"post_tag","description":"","parent":0,"count":600,"filter":"raw"},{"term_id":12,"name":"Students","slug":"students","term_group":0,"term_taxonomy_id":12,"taxonomy":"post_tag","description":"","parent":0,"count":1642,"filter":"raw"},{"term_id":4,"name":"YFile","slug":"yfile","term_group":0,"term_taxonomy_id":4,"taxonomy":"post_tag","description":"","parent":0,"count":5314,"filter":"raw"}],"_links":{"self":[{"href":"https:\/\/www.yorku.ca\/yfile\/wp-json\/wp\/v2\/posts\/320805","targetHints":{"allow":["GET"]}}],"collection":[{"href":"https:\/\/www.yorku.ca\/yfile\/wp-json\/wp\/v2\/posts"}],"about":[{"href":"https:\/\/www.yorku.ca\/yfile\/wp-json\/wp\/v2\/types\/post"}],"author":[{"embeddable":true,"href":"https:\/\/www.yorku.ca\/yfile\/wp-json\/wp\/v2\/users\/5"}],"replies":[{"embeddable":true,"href":"https:\/\/www.yorku.ca\/yfile\/wp-json\/wp\/v2\/comments?post=320805"}],"version-history":[{"count":1,"href":"https:\/\/www.yorku.ca\/yfile\/wp-json\/wp\/v2\/posts\/320805\/revisions"}],"predecessor-version":[{"id":391936,"href":"https:\/\/www.yorku.ca\/yfile\/wp-json\/wp\/v2\/posts\/320805\/revisions\/391936"}],"wp:featuredmedia":[{"embeddable":true,"href":"https:\/\/www.yorku.ca\/yfile\/wp-json\/wp\/v2\/media\/294433"}],"wp:attachment":[{"href":"https:\/\/www.yorku.ca\/yfile\/wp-json\/wp\/v2\/media?parent=320805"}],"wp:term":[{"taxonomy":"category","embeddable":true,"href":"https:\/\/www.yorku.ca\/yfile\/wp-json\/wp\/v2\/categories?post=320805"},{"taxonomy":"post_tag","embeddable":true,"href":"https:\/\/www.yorku.ca\/yfile\/wp-json\/wp\/v2\/tags?post=320805"},{"taxonomy":"yfileauthor","embeddable":true,"href":"https:\/\/www.yorku.ca\/yfile\/wp-json\/wp\/v2\/yfileauthor?post=320805"},{"taxonomy":"qualifier","embeddable":true,"href":"https:\/\/www.yorku.ca\/yfile\/wp-json\/wp\/v2\/qualifier?post=320805"},{"taxonomy":"yfile-author","embeddable":true,"href":"https:\/\/www.yorku.ca\/yfile\/wp-json\/wp\/v2\/yfile-author?post=320805"},{"taxonomy":"tags-to-show","embeddable":true,"href":"https:\/\/www.yorku.ca\/yfile\/wp-json\/wp\/v2\/tags-to-show?post=320805"},{"taxonomy":"workflow","embeddable":true,"href":"https:\/\/www.yorku.ca\/yfile\/wp-json\/wp\/v2\/workflow?post=320805"}],"curies":[{"name":"wp","href":"https:\/\/api.w.org\/{rel}","templated":true}]}}