{"id":325559,"date":"2022-11-29T15:54:23","date_gmt":"2022-11-29T20:54:23","guid":{"rendered":"https:\/\/yfile.news.yorku.ca\/?p=325559"},"modified":"2025-04-02T12:23:34","modified_gmt":"2025-04-02T16:23:34","slug":"new-date-join-president-lenton-at-the-holiday-social-on-friday-dec-2","status":"publish","type":"post","link":"https:\/\/www.yorku.ca\/yfile\/2022\/11\/29\/new-date-join-president-lenton-at-the-holiday-social-on-friday-dec-2\/","title":{"rendered":"New date: Join President Lenton at the Holiday Social on Friday, Dec. 2\u00a0"},"content":{"rendered":"\n<p><em>La version fran\u00e7aise suit la version anglaise.<\/em><em>&nbsp;<\/em><\/p>\n\n\n\n<p>Dear York community,&nbsp;<\/p>\n\n\n\n<p>President <strong>Rhonda Lenton<\/strong> invites all students, staff, faculty members and course instructors to celebrate the end of the fall term at York University\u2019s Holiday Social. Join her for cookies, cocoa, cider and other holiday festivities at the Keele and Glendon campuses to kick off the holiday season.&nbsp;&nbsp;<\/p>\n\n\n\n<p>Organizers will be accepting non-perishable food items for donation to food banks at both the Glendon and Keele campuses. Available all week, the York University Bookstore will offer a 25 per cent discount on all branded ceramic mugs, which can be purchased in store and at the event.&nbsp;<\/p>\n\n\n\n<p>Please note, York University strongly recommends wearing a mask in all indoor settings, except when eating or drinking.<em>&nbsp;<\/em><\/p>\n\n\n\n<p class=\"has-text-align-center\"><strong>Keele Campus<\/strong><br>Vari Hall (outside)<br>Friday, Dec. 2<br>11:30 a.m. to 2 p.m.<\/p>\n\n\n\n<p>Food donations will be provided to the York Federation of Students Food Support Centre.<br>For more information, please visit:&nbsp;<a rel=\"noreferrer noopener\" href=\"https:\/\/events.yorku.ca\/events\/holiday-social\/\" target=\"_blank\">https:\/\/events.yorku.ca\/events\/holiday-social\/<\/a>.<\/p>\n\n\n\n<p><strong>Please note that the date has changed to Friday, Dec. 2&nbsp;<\/strong><\/p>\n\n\n\n<p class=\"has-text-align-center\"><strong>Glendon Campus<\/strong><br>The East Quad (green space across from Glendon Hall)&nbsp;<br>Tuesday, Dec. 6<br>2 to 4 p.m.<\/p>\n\n\n\n<p class=\"has-text-align-left\"><br>Food donations will be provided to the North York Harvest Food Bank.<br>For more information, please visit:&nbsp;<a rel=\"noreferrer noopener\" href=\"https:\/\/events.yorku.ca\/events\/glendon-holiday-social\/\" target=\"_blank\">https:\/\/events.yorku.ca\/events\/glendon-holiday-social\/<\/a>.&nbsp;<\/p>\n\n\n\n<hr class=\"wp-block-separator\"\/>\n\n\n\n<h2 class=\"wp-block-heading\" id=\"nouvelle-date-joignez-vous-a-nous-pour-les-celebrations-du-temps-des-fetes-le-vendredi-2-decembre\">Nouvelle date : Joignez-vous \u00e0 nous pour les c\u00e9l\u00e9brations du temps des f\u00eates le vendredi 2 d\u00e9cembre<\/h2>\n\n\n\n<p>Chers membres de la communaut\u00e9 de York,&nbsp;&nbsp;<\/p>\n\n\n\n<p>La pr\u00e9sidente Rhonda Lenton invite tous les membres de la communaut\u00e9 \u00e9tudiante, du personnel et des corps professoral et enseignant \u00e0 c\u00e9l\u00e9brer la fin du trimestre d\u2019automne lors des c\u00e9l\u00e9brations du temps des f\u00eates \u00e0 l\u2019Universit\u00e9 York. Joignez-vous \u00e0 nous pour des biscuits, du chocolat et du cidre chauds et d\u2019autres festivit\u00e9s sur les campus Keele et Glendon pour bien commencer la p\u00e9riode des f\u00eates.&nbsp;<strong>&nbsp;<\/strong><\/p>\n\n\n\n<p>Nous accepterons les dons de denr\u00e9es alimentaires non p\u00e9rissables pour les banques alimentaires de Glendon et de Keele. Toute la semaine, la librairie de l\u2019Universit\u00e9 York offrira une r\u00e9duction de 25&nbsp;% sur toutes les tasses de marque en c\u00e9ramique achet\u00e9es en magasin et lors de l\u2019\u00e9v\u00e9nement.&nbsp;<\/p>\n\n\n\n<p><em>&nbsp;<\/em>Veuillez noter que l\u2019Universit\u00e9 York recommande fortement de porter un masque dans tous les environnements int\u00e9rieurs, sauf pour manger ou pour boire.&nbsp;<\/p>\n\n\n\n<p class=\"has-text-align-center\"><strong>Campus Keele<br><\/strong>Pavillon Vari (ext\u00e9rieur)<br>Vendredi 2 d\u00e9cembre 2022<br>11 h&nbsp;30 \u00e0 14&nbsp;h<\/p>\n\n\n\n<p><br>Les dons alimentaires seront remis au centre de soutien alimentaire de la F\u00e9d\u00e9ration des \u00e9tudiants de York.&nbsp;<br>Pour plus d\u2019information, veuillez consulter&nbsp;:&nbsp;<a rel=\"noreferrer noopener\" href=\"https:\/\/events.yorku.ca\/events\/holiday-social\/\" target=\"_blank\">https:\/\/events.yorku.ca\/events\/holiday-social\/<\/a>.<br><strong>Veuillez noter que la date a \u00e9t\u00e9 modifi\u00e9e pour le vendredi 2 d\u00e9cembre.<\/strong><\/p>\n\n\n\n<p><strong>&nbsp;<\/strong><\/p>\n\n\n\n<p class=\"has-text-align-center\"><strong>Campus Glendon<br><\/strong>Le Quad Est (espace vert en face du manoir Glendon)&nbsp;<br>Mardi 6 d\u00e9cembre 2022<br>14 h \u00e0 16 h<br><\/p>\n\n\n\n<p>Les dons alimentaires seront remis \u00e0 la banque alimentaire North York Harvest.&nbsp;<br>Pour plus d\u2019information, veuillez consulter&nbsp;:&nbsp;<a rel=\"noreferrer noopener\" href=\"https:\/\/events.yorku.ca\/events\/glendon-holiday-social\/\" target=\"_blank\">https:\/\/events.yorku.ca\/events\/glendon-holiday-social\/<\/a>.&nbsp;<\/p>\n","protected":false},"excerpt":{"rendered":"<p>President Rhonda Lenton invites all students, staff, faculty members and course instructors to celebrate the end of the fall term at York University\u2019s Holiday Social.<\/p>\n","protected":false},"author":5,"featured_media":325116,"comment_status":"closed","ping_status":"closed","sticky":false,"template":"","format":"standard","meta":{"_acf_changed":false,"_kad_blocks_custom_css":"","_kad_blocks_head_custom_js":"","_kad_blocks_body_custom_js":"","_kad_blocks_footer_custom_js":"","footnotes":""},"categories":[25],"tags":[29,6,80,26,27,12,4],"yfileauthor":[],"qualifier":[],"yfile-author":[],"tags-to-show":[145,147,171,174,148,146],"workflow":[],"class_list":["post-325559","post","type-post","status-publish","format-standard","has-post-thumbnail","hentry","category-editors-picks","tag-community","tag-faculty","tag-glendon","tag-president","tag-staff","tag-students","tag-yfile","tags-to-show-community","tags-to-show-faculty","tags-to-show-glendon","tags-to-show-president","tags-to-show-staff","tags-to-show-students"],"acf":{"internal_publish_date":null,"original_image":null},"yoast_head":"<!-- This site is optimized with the Yoast SEO plugin v27.4 - https:\/\/yoast.com\/product\/yoast-seo-wordpress\/ -->\n<title>New date: Join President Lenton at the Holiday Social on Friday, Dec. 2\u00a0 - YFile<\/title>\n<meta name=\"robots\" content=\"index, follow, max-snippet:-1, max-image-preview:large, max-video-preview:-1\" \/>\n<link rel=\"canonical\" href=\"https:\/\/www.yorku.ca\/yfile\/2022\/11\/29\/new-date-join-president-lenton-at-the-holiday-social-on-friday-dec-2\/\" \/>\n<meta property=\"og:locale\" content=\"en_US\" \/>\n<meta property=\"og:type\" content=\"article\" \/>\n<meta property=\"og:title\" content=\"New date: Join President Lenton at the Holiday Social on Friday, Dec. 2\u00a0 - YFile\" \/>\n<meta property=\"og:description\" content=\"President Rhonda Lenton invites all students, staff, faculty members and course instructors to celebrate the end of the fall term at York University\u2019s Holiday Social.\" \/>\n<meta property=\"og:url\" content=\"https:\/\/www.yorku.ca\/yfile\/2022\/11\/29\/new-date-join-president-lenton-at-the-holiday-social-on-friday-dec-2\/\" \/>\n<meta property=\"og:site_name\" content=\"YFile\" \/>\n<meta property=\"article:published_time\" content=\"2022-11-29T20:54:23+00:00\" \/>\n<meta property=\"article:modified_time\" content=\"2025-04-02T16:23:34+00:00\" \/>\n<meta property=\"og:image\" content=\"https:\/\/www.yorku.ca\/yfile\/wp-content\/uploads\/sites\/889\/2022\/11\/Holiday-Social-Featured-image-cropped-to-YFile-banner-specifications.jpg\" \/>\n\t<meta property=\"og:image:width\" content=\"1800\" \/>\n\t<meta property=\"og:image:height\" content=\"600\" \/>\n\t<meta property=\"og:image:type\" content=\"image\/jpeg\" \/>\n<meta name=\"author\" content=\"phalfert\" \/>\n<meta name=\"twitter:card\" content=\"summary_large_image\" \/>\n<meta name=\"twitter:label1\" content=\"Written by\" \/>\n\t<meta name=\"twitter:data1\" content=\"phalfert\" \/>\n\t<meta name=\"twitter:label2\" content=\"Est. reading time\" \/>\n\t<meta name=\"twitter:data2\" content=\"3 minutes\" \/>\n<script type=\"application\/ld+json\" class=\"yoast-schema-graph\">{\"@context\":\"https:\\\/\\\/schema.org\",\"@graph\":[{\"@type\":\"Article\",\"@id\":\"https:\\\/\\\/www.yorku.ca\\\/yfile\\\/2022\\\/11\\\/29\\\/new-date-join-president-lenton-at-the-holiday-social-on-friday-dec-2\\\/#article\",\"isPartOf\":{\"@id\":\"https:\\\/\\\/www.yorku.ca\\\/yfile\\\/2022\\\/11\\\/29\\\/new-date-join-president-lenton-at-the-holiday-social-on-friday-dec-2\\\/\"},\"author\":{\"name\":\"phalfert\",\"@id\":\"https:\\\/\\\/www.yorku.ca\\\/yfile\\\/#\\\/schema\\\/person\\\/21f3dffe794363be5ece4ec7f538a0c0\"},\"headline\":\"New date: Join President Lenton at the Holiday Social on Friday, Dec. 2\u00a0\",\"datePublished\":\"2022-11-29T20:54:23+00:00\",\"dateModified\":\"2025-04-02T16:23:34+00:00\",\"mainEntityOfPage\":{\"@id\":\"https:\\\/\\\/www.yorku.ca\\\/yfile\\\/2022\\\/11\\\/29\\\/new-date-join-president-lenton-at-the-holiday-social-on-friday-dec-2\\\/\"},\"wordCount\":524,\"image\":{\"@id\":\"https:\\\/\\\/www.yorku.ca\\\/yfile\\\/2022\\\/11\\\/29\\\/new-date-join-president-lenton-at-the-holiday-social-on-friday-dec-2\\\/#primaryimage\"},\"thumbnailUrl\":\"https:\\\/\\\/www.yorku.ca\\\/yfile\\\/wp-content\\\/uploads\\\/sites\\\/889\\\/2022\\\/11\\\/Holiday-Social-Featured-image-cropped-to-YFile-banner-specifications.jpg\",\"keywords\":[\"Community\",\"Faculty\",\"Glendon\",\"President\",\"Staff\",\"Students\",\"YFile\"],\"articleSection\":[\"Editor's Picks\"],\"inLanguage\":\"en-CA\",\"copyrightYear\":\"2022\",\"copyrightHolder\":{\"@id\":\"https:\\\/\\\/www.yorku.ca\\\/yfile\\\/#organization\"}},{\"@type\":\"WebPage\",\"@id\":\"https:\\\/\\\/www.yorku.ca\\\/yfile\\\/2022\\\/11\\\/29\\\/new-date-join-president-lenton-at-the-holiday-social-on-friday-dec-2\\\/\",\"url\":\"https:\\\/\\\/www.yorku.ca\\\/yfile\\\/2022\\\/11\\\/29\\\/new-date-join-president-lenton-at-the-holiday-social-on-friday-dec-2\\\/\",\"name\":\"New date: Join President Lenton at the Holiday Social on Friday, Dec. 2\u00a0 - YFile\",\"isPartOf\":{\"@id\":\"https:\\\/\\\/www.yorku.ca\\\/yfile\\\/#website\"},\"primaryImageOfPage\":{\"@id\":\"https:\\\/\\\/www.yorku.ca\\\/yfile\\\/2022\\\/11\\\/29\\\/new-date-join-president-lenton-at-the-holiday-social-on-friday-dec-2\\\/#primaryimage\"},\"image\":{\"@id\":\"https:\\\/\\\/www.yorku.ca\\\/yfile\\\/2022\\\/11\\\/29\\\/new-date-join-president-lenton-at-the-holiday-social-on-friday-dec-2\\\/#primaryimage\"},\"thumbnailUrl\":\"https:\\\/\\\/www.yorku.ca\\\/yfile\\\/wp-content\\\/uploads\\\/sites\\\/889\\\/2022\\\/11\\\/Holiday-Social-Featured-image-cropped-to-YFile-banner-specifications.jpg\",\"datePublished\":\"2022-11-29T20:54:23+00:00\",\"dateModified\":\"2025-04-02T16:23:34+00:00\",\"author\":{\"@id\":\"https:\\\/\\\/www.yorku.ca\\\/yfile\\\/#\\\/schema\\\/person\\\/21f3dffe794363be5ece4ec7f538a0c0\"},\"breadcrumb\":{\"@id\":\"https:\\\/\\\/www.yorku.ca\\\/yfile\\\/2022\\\/11\\\/29\\\/new-date-join-president-lenton-at-the-holiday-social-on-friday-dec-2\\\/#breadcrumb\"},\"inLanguage\":\"en-CA\",\"potentialAction\":[{\"@type\":\"ReadAction\",\"target\":[\"https:\\\/\\\/www.yorku.ca\\\/yfile\\\/2022\\\/11\\\/29\\\/new-date-join-president-lenton-at-the-holiday-social-on-friday-dec-2\\\/\"]}]},{\"@type\":\"ImageObject\",\"inLanguage\":\"en-CA\",\"@id\":\"https:\\\/\\\/www.yorku.ca\\\/yfile\\\/2022\\\/11\\\/29\\\/new-date-join-president-lenton-at-the-holiday-social-on-friday-dec-2\\\/#primaryimage\",\"url\":\"https:\\\/\\\/www.yorku.ca\\\/yfile\\\/wp-content\\\/uploads\\\/sites\\\/889\\\/2022\\\/11\\\/Holiday-Social-Featured-image-cropped-to-YFile-banner-specifications.jpg\",\"contentUrl\":\"https:\\\/\\\/www.yorku.ca\\\/yfile\\\/wp-content\\\/uploads\\\/sites\\\/889\\\/2022\\\/11\\\/Holiday-Social-Featured-image-cropped-to-YFile-banner-specifications.jpg\",\"width\":1800,\"height\":600,\"caption\":\"Holiday Social Featured image cropped to YFile banner specifications\"},{\"@type\":\"BreadcrumbList\",\"@id\":\"https:\\\/\\\/www.yorku.ca\\\/yfile\\\/2022\\\/11\\\/29\\\/new-date-join-president-lenton-at-the-holiday-social-on-friday-dec-2\\\/#breadcrumb\",\"itemListElement\":[{\"@type\":\"ListItem\",\"position\":1,\"name\":\"Home\",\"item\":\"https:\\\/\\\/www.yorku.ca\\\/yfile\\\/\"},{\"@type\":\"ListItem\",\"position\":2,\"name\":\"New date: Join President Lenton at the Holiday Social on Friday, Dec. 2\u00a0\"}]},{\"@type\":\"WebSite\",\"@id\":\"https:\\\/\\\/www.yorku.ca\\\/yfile\\\/#website\",\"url\":\"https:\\\/\\\/www.yorku.ca\\\/yfile\\\/\",\"name\":\"YFile\",\"description\":\"\",\"potentialAction\":[{\"@type\":\"SearchAction\",\"target\":{\"@type\":\"EntryPoint\",\"urlTemplate\":\"https:\\\/\\\/www.yorku.ca\\\/yfile\\\/?s={search_term_string}\"},\"query-input\":{\"@type\":\"PropertyValueSpecification\",\"valueRequired\":true,\"valueName\":\"search_term_string\"}}],\"inLanguage\":\"en-CA\"},{\"@type\":\"Person\",\"@id\":\"https:\\\/\\\/www.yorku.ca\\\/yfile\\\/#\\\/schema\\\/person\\\/21f3dffe794363be5ece4ec7f538a0c0\",\"name\":\"phalfert\",\"image\":{\"@type\":\"ImageObject\",\"inLanguage\":\"en-CA\",\"@id\":\"https:\\\/\\\/secure.gravatar.com\\\/avatar\\\/9e3ac8a4ede7f72dd695c074c5291e11739705deae1422de177298d5aad6d559?s=96&d=mm&r=g\",\"url\":\"https:\\\/\\\/secure.gravatar.com\\\/avatar\\\/9e3ac8a4ede7f72dd695c074c5291e11739705deae1422de177298d5aad6d559?s=96&d=mm&r=g\",\"contentUrl\":\"https:\\\/\\\/secure.gravatar.com\\\/avatar\\\/9e3ac8a4ede7f72dd695c074c5291e11739705deae1422de177298d5aad6d559?s=96&d=mm&r=g\",\"caption\":\"phalfert\"},\"url\":\"https:\\\/\\\/www.yorku.ca\\\/yfile\\\/author\\\/phalfert\\\/\"}]}<\/script>\n<!-- \/ Yoast SEO plugin. -->","yoast_head_json":{"title":"New date: Join President Lenton at the Holiday Social on Friday, Dec. 2\u00a0 - YFile","robots":{"index":"index","follow":"follow","max-snippet":"max-snippet:-1","max-image-preview":"max-image-preview:large","max-video-preview":"max-video-preview:-1"},"canonical":"https:\/\/www.yorku.ca\/yfile\/2022\/11\/29\/new-date-join-president-lenton-at-the-holiday-social-on-friday-dec-2\/","og_locale":"en_US","og_type":"article","og_title":"New date: Join President Lenton at the Holiday Social on Friday, Dec. 2\u00a0 - YFile","og_description":"President Rhonda Lenton invites all students, staff, faculty members and course instructors to celebrate the end of the fall term at York University\u2019s Holiday Social.","og_url":"https:\/\/www.yorku.ca\/yfile\/2022\/11\/29\/new-date-join-president-lenton-at-the-holiday-social-on-friday-dec-2\/","og_site_name":"YFile","article_published_time":"2022-11-29T20:54:23+00:00","article_modified_time":"2025-04-02T16:23:34+00:00","og_image":[{"width":1800,"height":600,"url":"https:\/\/www.yorku.ca\/yfile\/wp-content\/uploads\/sites\/889\/2022\/11\/Holiday-Social-Featured-image-cropped-to-YFile-banner-specifications.jpg","type":"image\/jpeg"}],"author":"phalfert","twitter_card":"summary_large_image","twitter_misc":{"Written by":"phalfert","Est. reading time":"3 minutes"},"schema":{"@context":"https:\/\/schema.org","@graph":[{"@type":"Article","@id":"https:\/\/www.yorku.ca\/yfile\/2022\/11\/29\/new-date-join-president-lenton-at-the-holiday-social-on-friday-dec-2\/#article","isPartOf":{"@id":"https:\/\/www.yorku.ca\/yfile\/2022\/11\/29\/new-date-join-president-lenton-at-the-holiday-social-on-friday-dec-2\/"},"author":{"name":"phalfert","@id":"https:\/\/www.yorku.ca\/yfile\/#\/schema\/person\/21f3dffe794363be5ece4ec7f538a0c0"},"headline":"New date: Join President Lenton at the Holiday Social on Friday, Dec. 2\u00a0","datePublished":"2022-11-29T20:54:23+00:00","dateModified":"2025-04-02T16:23:34+00:00","mainEntityOfPage":{"@id":"https:\/\/www.yorku.ca\/yfile\/2022\/11\/29\/new-date-join-president-lenton-at-the-holiday-social-on-friday-dec-2\/"},"wordCount":524,"image":{"@id":"https:\/\/www.yorku.ca\/yfile\/2022\/11\/29\/new-date-join-president-lenton-at-the-holiday-social-on-friday-dec-2\/#primaryimage"},"thumbnailUrl":"https:\/\/www.yorku.ca\/yfile\/wp-content\/uploads\/sites\/889\/2022\/11\/Holiday-Social-Featured-image-cropped-to-YFile-banner-specifications.jpg","keywords":["Community","Faculty","Glendon","President","Staff","Students","YFile"],"articleSection":["Editor's Picks"],"inLanguage":"en-CA","copyrightYear":"2022","copyrightHolder":{"@id":"https:\/\/www.yorku.ca\/yfile\/#organization"}},{"@type":"WebPage","@id":"https:\/\/www.yorku.ca\/yfile\/2022\/11\/29\/new-date-join-president-lenton-at-the-holiday-social-on-friday-dec-2\/","url":"https:\/\/www.yorku.ca\/yfile\/2022\/11\/29\/new-date-join-president-lenton-at-the-holiday-social-on-friday-dec-2\/","name":"New date: Join President Lenton at the Holiday Social on Friday, Dec. 2\u00a0 - YFile","isPartOf":{"@id":"https:\/\/www.yorku.ca\/yfile\/#website"},"primaryImageOfPage":{"@id":"https:\/\/www.yorku.ca\/yfile\/2022\/11\/29\/new-date-join-president-lenton-at-the-holiday-social-on-friday-dec-2\/#primaryimage"},"image":{"@id":"https:\/\/www.yorku.ca\/yfile\/2022\/11\/29\/new-date-join-president-lenton-at-the-holiday-social-on-friday-dec-2\/#primaryimage"},"thumbnailUrl":"https:\/\/www.yorku.ca\/yfile\/wp-content\/uploads\/sites\/889\/2022\/11\/Holiday-Social-Featured-image-cropped-to-YFile-banner-specifications.jpg","datePublished":"2022-11-29T20:54:23+00:00","dateModified":"2025-04-02T16:23:34+00:00","author":{"@id":"https:\/\/www.yorku.ca\/yfile\/#\/schema\/person\/21f3dffe794363be5ece4ec7f538a0c0"},"breadcrumb":{"@id":"https:\/\/www.yorku.ca\/yfile\/2022\/11\/29\/new-date-join-president-lenton-at-the-holiday-social-on-friday-dec-2\/#breadcrumb"},"inLanguage":"en-CA","potentialAction":[{"@type":"ReadAction","target":["https:\/\/www.yorku.ca\/yfile\/2022\/11\/29\/new-date-join-president-lenton-at-the-holiday-social-on-friday-dec-2\/"]}]},{"@type":"ImageObject","inLanguage":"en-CA","@id":"https:\/\/www.yorku.ca\/yfile\/2022\/11\/29\/new-date-join-president-lenton-at-the-holiday-social-on-friday-dec-2\/#primaryimage","url":"https:\/\/www.yorku.ca\/yfile\/wp-content\/uploads\/sites\/889\/2022\/11\/Holiday-Social-Featured-image-cropped-to-YFile-banner-specifications.jpg","contentUrl":"https:\/\/www.yorku.ca\/yfile\/wp-content\/uploads\/sites\/889\/2022\/11\/Holiday-Social-Featured-image-cropped-to-YFile-banner-specifications.jpg","width":1800,"height":600,"caption":"Holiday Social Featured image cropped to YFile banner specifications"},{"@type":"BreadcrumbList","@id":"https:\/\/www.yorku.ca\/yfile\/2022\/11\/29\/new-date-join-president-lenton-at-the-holiday-social-on-friday-dec-2\/#breadcrumb","itemListElement":[{"@type":"ListItem","position":1,"name":"Home","item":"https:\/\/www.yorku.ca\/yfile\/"},{"@type":"ListItem","position":2,"name":"New date: Join President Lenton at the Holiday Social on Friday, Dec. 2\u00a0"}]},{"@type":"WebSite","@id":"https:\/\/www.yorku.ca\/yfile\/#website","url":"https:\/\/www.yorku.ca\/yfile\/","name":"YFile","description":"","potentialAction":[{"@type":"SearchAction","target":{"@type":"EntryPoint","urlTemplate":"https:\/\/www.yorku.ca\/yfile\/?s={search_term_string}"},"query-input":{"@type":"PropertyValueSpecification","valueRequired":true,"valueName":"search_term_string"}}],"inLanguage":"en-CA"},{"@type":"Person","@id":"https:\/\/www.yorku.ca\/yfile\/#\/schema\/person\/21f3dffe794363be5ece4ec7f538a0c0","name":"phalfert","image":{"@type":"ImageObject","inLanguage":"en-CA","@id":"https:\/\/secure.gravatar.com\/avatar\/9e3ac8a4ede7f72dd695c074c5291e11739705deae1422de177298d5aad6d559?s=96&d=mm&r=g","url":"https:\/\/secure.gravatar.com\/avatar\/9e3ac8a4ede7f72dd695c074c5291e11739705deae1422de177298d5aad6d559?s=96&d=mm&r=g","contentUrl":"https:\/\/secure.gravatar.com\/avatar\/9e3ac8a4ede7f72dd695c074c5291e11739705deae1422de177298d5aad6d559?s=96&d=mm&r=g","caption":"phalfert"},"url":"https:\/\/www.yorku.ca\/yfile\/author\/phalfert\/"}]}},"taxonomy_info":{"category":[{"value":25,"label":"Editor's Picks"}],"post_tag":[{"value":29,"label":"Community"},{"value":6,"label":"Faculty"},{"value":80,"label":"Glendon"},{"value":26,"label":"President"},{"value":27,"label":"Staff"},{"value":12,"label":"Students"},{"value":4,"label":"YFile"}],"tags-to-show":[{"value":145,"label":"Community"},{"value":147,"label":"Faculty"},{"value":171,"label":"Glendon"},{"value":174,"label":"President"},{"value":148,"label":"Staff"},{"value":146,"label":"Students"}]},"featured_image_src_large":["https:\/\/www.yorku.ca\/yfile\/wp-content\/uploads\/sites\/889\/2022\/11\/Holiday-Social-Featured-image-cropped-to-YFile-banner-specifications-1024x341.jpg",1024,341,true],"author_info":{"display_name":"phalfert","author_link":"https:\/\/www.yorku.ca\/yfile\/author\/phalfert\/"},"comment_info":0,"category_info":[{"term_id":25,"name":"Editor's Picks","slug":"editors-picks","term_group":0,"term_taxonomy_id":25,"taxonomy":"category","description":"","parent":0,"count":6270,"filter":"raw","cat_ID":25,"category_count":6270,"category_description":"","cat_name":"Editor's Picks","category_nicename":"editors-picks","category_parent":0}],"tag_info":[{"term_id":29,"name":"Community","slug":"community","term_group":0,"term_taxonomy_id":29,"taxonomy":"post_tag","description":"","parent":0,"count":966,"filter":"raw"},{"term_id":6,"name":"Faculty","slug":"faculty","term_group":0,"term_taxonomy_id":6,"taxonomy":"post_tag","description":"","parent":0,"count":2014,"filter":"raw"},{"term_id":80,"name":"Glendon","slug":"glendon","term_group":0,"term_taxonomy_id":80,"taxonomy":"post_tag","description":"","parent":0,"count":312,"filter":"raw"},{"term_id":26,"name":"President","slug":"president","term_group":0,"term_taxonomy_id":26,"taxonomy":"post_tag","description":"","parent":0,"count":405,"filter":"raw"},{"term_id":27,"name":"Staff","slug":"staff","term_group":0,"term_taxonomy_id":27,"taxonomy":"post_tag","description":"","parent":0,"count":601,"filter":"raw"},{"term_id":12,"name":"Students","slug":"students","term_group":0,"term_taxonomy_id":12,"taxonomy":"post_tag","description":"","parent":0,"count":1642,"filter":"raw"},{"term_id":4,"name":"YFile","slug":"yfile","term_group":0,"term_taxonomy_id":4,"taxonomy":"post_tag","description":"","parent":0,"count":5318,"filter":"raw"}],"_links":{"self":[{"href":"https:\/\/www.yorku.ca\/yfile\/wp-json\/wp\/v2\/posts\/325559","targetHints":{"allow":["GET"]}}],"collection":[{"href":"https:\/\/www.yorku.ca\/yfile\/wp-json\/wp\/v2\/posts"}],"about":[{"href":"https:\/\/www.yorku.ca\/yfile\/wp-json\/wp\/v2\/types\/post"}],"author":[{"embeddable":true,"href":"https:\/\/www.yorku.ca\/yfile\/wp-json\/wp\/v2\/users\/5"}],"replies":[{"embeddable":true,"href":"https:\/\/www.yorku.ca\/yfile\/wp-json\/wp\/v2\/comments?post=325559"}],"version-history":[{"count":1,"href":"https:\/\/www.yorku.ca\/yfile\/wp-json\/wp\/v2\/posts\/325559\/revisions"}],"predecessor-version":[{"id":392266,"href":"https:\/\/www.yorku.ca\/yfile\/wp-json\/wp\/v2\/posts\/325559\/revisions\/392266"}],"wp:featuredmedia":[{"embeddable":true,"href":"https:\/\/www.yorku.ca\/yfile\/wp-json\/wp\/v2\/media\/325116"}],"wp:attachment":[{"href":"https:\/\/www.yorku.ca\/yfile\/wp-json\/wp\/v2\/media?parent=325559"}],"wp:term":[{"taxonomy":"category","embeddable":true,"href":"https:\/\/www.yorku.ca\/yfile\/wp-json\/wp\/v2\/categories?post=325559"},{"taxonomy":"post_tag","embeddable":true,"href":"https:\/\/www.yorku.ca\/yfile\/wp-json\/wp\/v2\/tags?post=325559"},{"taxonomy":"yfileauthor","embeddable":true,"href":"https:\/\/www.yorku.ca\/yfile\/wp-json\/wp\/v2\/yfileauthor?post=325559"},{"taxonomy":"qualifier","embeddable":true,"href":"https:\/\/www.yorku.ca\/yfile\/wp-json\/wp\/v2\/qualifier?post=325559"},{"taxonomy":"yfile-author","embeddable":true,"href":"https:\/\/www.yorku.ca\/yfile\/wp-json\/wp\/v2\/yfile-author?post=325559"},{"taxonomy":"tags-to-show","embeddable":true,"href":"https:\/\/www.yorku.ca\/yfile\/wp-json\/wp\/v2\/tags-to-show?post=325559"},{"taxonomy":"workflow","embeddable":true,"href":"https:\/\/www.yorku.ca\/yfile\/wp-json\/wp\/v2\/workflow?post=325559"}],"curies":[{"name":"wp","href":"https:\/\/api.w.org\/{rel}","templated":true}]}}