{"id":335243,"date":"2023-05-30T13:53:19","date_gmt":"2023-05-30T18:53:19","guid":{"rendered":"https:\/\/yfile.news.yorku.ca\/?p=335243"},"modified":"2025-04-02T12:31:29","modified_gmt":"2025-04-02T16:31:29","slug":"national-indigenous-history-month-honours-histories-cultures-contributions","status":"publish","type":"post","link":"https:\/\/www.yorku.ca\/yfile\/2023\/05\/30\/national-indigenous-history-month-honours-histories-cultures-contributions\/","title":{"rendered":"National Indigenous History Month honours histories, cultures, contributions"},"content":{"rendered":"\n\n\n<p>Dear York community,<\/p>\n\n\n\n<p>June is National Indigenous History Month. It is a time to honour Indigenous histories, cultures and contributions to society.<\/p>\n\n\n\n<p>York University is taking important steps to integrate Indigenous knowledges and perspectives as part of our well-being strategy and commitment to decolonization.<\/p>\n\n\n\n<p>In early May, the University launched the <a href=\"https:\/\/www.yorku.ca\/dedi-strategy\/\" target=\"_blank\" rel=\"noreferrer noopener\">Decolonizing, Equity, Diversity and Inclusion (DEDI) Strategy<\/a>. York University is among the first post-secondary institutions in Canada to include decolonization in a meaningful and thoughtful way within an equity strategy. Doing so acknowledges that decolonization is essential to the principles of equity, diversity and inclusion.<\/p>\n\n\n\n<p>We have continued to make progress on the recommendations in the <a href=\"https:\/\/indigenous.yorku.ca\/framework\/\" target=\"_blank\" rel=\"noreferrer noopener\">Indigenous Framework<\/a>&nbsp;and the Decolonizing Research Administration Report. In July, the first wholly autonomous Indigenous Research Ethics Board (IREB) will launch at York University \u2013 a first for a post-secondary institution in Canada. York also completed the pilot round of <a href=\"https:\/\/yfile.news.yorku.ca\/2022\/05\/17\/york-university-commits-1m-over-three-years-to-support-indigenous-research\/\" target=\"_blank\" rel=\"noreferrer noopener\">Indigenous Research Seed Grants<\/a> and secured an additional three years of funding at $250,000 per year. A full-time traditional counsellor position was also created for the Centre for Indigenous Student Services. These actions will support decolonization in research and administration while enhancing the experiences of Indigenous students.<\/p>\n\n\n\n<p>While progress is being made, the journey towards decolonization and reconciliation is ongoing and requires consistent action and a conscious commitment to meet our goals.<\/p>\n\n\n\n<p>We invite you to visit the <a href=\"https:\/\/www.yorku.ca\/about\/indigenous-history-month\/\" target=\"_blank\" rel=\"noreferrer noopener\">Indigenous History Month website<\/a> to learn about and participate in the events around campus, including a lecture titled \"<strong>Writing Home: How to begin a conversation with the Land,<\/strong> <strong>a personal journey of walking, listening, looking and making<\/strong>\" featuring keynote speaker Bonnie Devine, an Anishinaabe artist, painter and curator. The lecture will take place on <strong>June 12<\/strong>, 4 to 6 p.m.&nbsp;at the Helliwell Centre, Room 1014, Osgoode Hall Law School.<\/p>\n\n\n\n<p>We are grateful for the opportunities to continue dialogue, raise awareness and take meaningful action. &nbsp;<\/p>\n\n\n\n<p>Thank you. Merci. Miigwech, Anushiik.<\/p>\n\n\n\n<p><strong>Rhonda Lenton<br>President and Vice-Chancellor<\/strong><\/p>\n\n\n\n<p><strong>Alice Pitt<br>Interim Vice-President Equity, People and Culture<\/strong><\/p>\n\n\n\n<p><strong>Susan D. Dion<br>Associate Vice-President Indigenous Initiatives<\/strong><\/p>\n\n\n\n<hr class=\"wp-block-separator has-alpha-channel-opacity\"\/>\n\n\n\n<h3 class=\"wp-block-heading\">D\u00e9claration \u00e0 l\u2019occasion du Mois national de l\u2019histoire autochtone<\/h3>\n\n\n\n<p>Chers membres de la communaut\u00e9 de York,<\/p>\n\n\n\n<p>Juin est le Mois national de l\u2019histoire autochtone \u00e0 York. C\u2019est l\u2019occasion de rendre hommage \u00e0 l\u2019histoire, \u00e0 la culture et aux contributions des Autochtones \u00e0 la soci\u00e9t\u00e9.<\/p>\n\n\n\n<p>L\u2019Universit\u00e9 York prend des mesures importantes pour int\u00e9grer les savoirs et les perspectives autochtones dans le cadre de sa strat\u00e9gie de bien-\u00eatre et de son engagement en faveur de la d\u00e9colonisation.<\/p>\n\n\n\n<p>Au d\u00e9but du mois de mai, l\u2019Universit\u00e9 a lanc\u00e9 la <a href=\"https:\/\/www.yorku.ca\/dedi-strategy\/fr\" target=\"_blank\" rel=\"noreferrer noopener\">Strat\u00e9gie de d\u00e9colonisation, d\u2019\u00e9quit\u00e9, de diversit\u00e9 et d\u2019inclusion (DEDI)<\/a>. L\u2019Universit\u00e9 York est l\u2019un des premiers \u00e9tablissements postsecondaires au Canada \u00e0 inclure la d\u00e9colonisation de mani\u00e8re r\u00e9fl\u00e9chie dans une strat\u00e9gie de DEDI. Ce faisant, elle reconna\u00eet que la d\u00e9colonisation fait partie int\u00e9grante des principes d\u2019\u00e9quit\u00e9, de diversit\u00e9 et d\u2019inclusion.<\/p>\n\n\n\n<p>Nous ne cessons de mettre en \u0153uvre les recommandations du <a href=\"https:\/\/indigenous.yorku.ca\/framework\/\" target=\"_blank\" rel=\"noreferrer noopener\">Cadre strat\u00e9gique autochtone<\/a> et du Rapport pour la d\u00e9colonisation de l\u2019administration de la recherche. En juillet, un comit\u00e9 inaugural d\u2019\u00e9thique de la recherche autochtone (IREB) enti\u00e8rement autonome verra le jour \u00e0 l\u2019Universit\u00e9 York, une premi\u00e8re pour un \u00e9tablissement d\u2019enseignement sup\u00e9rieur au Canada. York a \u00e9galement conclu le projet pilote du <a href=\"https:\/\/yfile.news.yorku.ca\/2022\/05\/17\/york-university-commits-1m-over-three-years-to-support-indigenous-research\/\" target=\"_blank\" rel=\"noreferrer noopener\">Fonds de stimulation de la recherche autochtone<\/a> et a obtenu un financement suppl\u00e9mentaire annuel de 250&nbsp;000&nbsp;$ pour trois ans. Un poste de conseiller traditionnel \u00e0 temps plein a \u00e9galement \u00e9t\u00e9 cr\u00e9\u00e9 pour le Centre de services aux \u00e9tudiants autochtones. Ces actions soutiendront la d\u00e9colonisation dans la recherche et l\u2019administration tout en am\u00e9liorant l\u2019exp\u00e9rience des \u00e9tudiantes et \u00e9tudiants autochtones.<\/p>\n\n\n\n<p>Bien que des progr\u00e8s aient \u00e9t\u00e9 accomplis, le parcours vers la d\u00e9colonisation et la r\u00e9conciliation se poursuit et n\u00e9cessite une action coh\u00e9rente et un engagement conscient pour atteindre nos objectifs.<\/p>\n\n\n\n<p>Nous vous invitons \u00e0 consulter le <a href=\"https:\/\/www.yorku.ca\/about\/indigenous-history-month\/\" target=\"_blank\" rel=\"noreferrer noopener\">site Web du Mois de l\u2019histoire autochtone<\/a> pour en savoir plus sur les \u00e9v\u00e9nements organis\u00e9s sur le campus et y participer, notamment une conf\u00e9rence intitul\u00e9e<em> <\/em>\"<strong>Writing Home:&nbsp; How to begin a conversation with the Land, a personal journey of walking, listening, looking and making<\/strong>\" avec l\u2019oratrice principale Bonnie Devine, artiste, peintre et conservatrice anishinaabe<strong><em>. <\/em><\/strong>La conf\u00e9rence (en anglais) aura lieu <strong>le 12&nbsp;juin<\/strong>, de 16&nbsp;h \u00e0 18&nbsp;h, au Centre Helliwell, salle&nbsp;1014, \u00c9cole de droit Osgoode Hall.<\/p>\n\n\n\n<p>Nous nous r\u00e9jouissons des possibilit\u00e9s qui nous sont offertes de poursuivre le dialogue, d\u2019encourager la sensibilisation et de prendre des mesures significatives.&nbsp;<\/p>\n\n\n\n<p>Thank you. Merci. Miigwech, Anushiik.<\/p>\n\n\n\n<p><strong>Rhonda Lenton<br>Pr\u00e9sidente et vice-chanceli\u00e8re<\/strong><\/p>\n\n\n\n<p><strong>Alice Pitt<br>Vice-pr\u00e9sidente int\u00e9rimaire de l\u2019\u00e9quit\u00e9, des personnes et de la culture<\/strong><\/p>\n\n\n\n<p><strong>Susan D. Dion<br>Vice-pr\u00e9sidente associ\u00e9e aux initiatives autochtones<\/strong><\/p>\n","protected":false},"excerpt":{"rendered":"<p>June is National Indigenous History Month. York is taking important steps to integrate Indigenous knowledges and perspectives in a meaningful way.<\/p>\n","protected":false},"author":5,"featured_media":335359,"comment_status":"closed","ping_status":"closed","sticky":false,"template":"","format":"standard","meta":{"_acf_changed":false,"_kad_blocks_custom_css":"","_kad_blocks_head_custom_js":"","_kad_blocks_body_custom_js":"","_kad_blocks_footer_custom_js":"","footnotes":""},"categories":[25],"tags":[32,29,33,26,15,4],"yfileauthor":[],"qualifier":[],"yfile-author":[],"tags-to-show":[149,145,177,174,158],"workflow":[],"class_list":["post-335243","post","type-post","status-publish","format-standard","has-post-thumbnail","hentry","category-editors-picks","tag-bipoc","tag-community","tag-equity","tag-president","tag-sdg","tag-yfile","tags-to-show-bipoc","tags-to-show-community","tags-to-show-equity-diversity-inclusion-edi","tags-to-show-president","tags-to-show-sdg"],"acf":{"internal_publish_date":null,"original_image":null},"yoast_head":"<!-- This site is optimized with the Yoast SEO plugin v27.4 - https:\/\/yoast.com\/product\/yoast-seo-wordpress\/ -->\n<title>National Indigenous History Month honours histories, cultures, contributions - YFile<\/title>\n<meta name=\"robots\" content=\"index, follow, max-snippet:-1, max-image-preview:large, max-video-preview:-1\" \/>\n<link rel=\"canonical\" href=\"https:\/\/www.yorku.ca\/yfile\/2023\/05\/30\/national-indigenous-history-month-honours-histories-cultures-contributions\/\" \/>\n<meta property=\"og:locale\" content=\"en_US\" \/>\n<meta property=\"og:type\" content=\"article\" \/>\n<meta property=\"og:title\" content=\"National Indigenous History Month honours histories, cultures, contributions - YFile\" \/>\n<meta property=\"og:description\" content=\"June is National Indigenous History Month. York is taking important steps to integrate Indigenous knowledges and perspectives in a meaningful way.\" \/>\n<meta property=\"og:url\" content=\"https:\/\/www.yorku.ca\/yfile\/2023\/05\/30\/national-indigenous-history-month-honours-histories-cultures-contributions\/\" \/>\n<meta property=\"og:site_name\" content=\"YFile\" \/>\n<meta property=\"article:published_time\" content=\"2023-05-30T18:53:19+00:00\" \/>\n<meta property=\"article:modified_time\" content=\"2025-04-02T16:31:29+00:00\" \/>\n<meta property=\"og:image\" content=\"https:\/\/www.yorku.ca\/yfile\/wp-content\/uploads\/sites\/889\/2023\/05\/Indigenous-CISS-YFile-TopStory_HON-scaled-1.jpg\" \/>\n\t<meta property=\"og:image:width\" content=\"2560\" \/>\n\t<meta property=\"og:image:height\" content=\"843\" \/>\n\t<meta property=\"og:image:type\" content=\"image\/jpeg\" \/>\n<meta name=\"author\" content=\"phalfert\" \/>\n<meta name=\"twitter:card\" content=\"summary_large_image\" \/>\n<meta name=\"twitter:label1\" content=\"Written by\" \/>\n\t<meta name=\"twitter:data1\" content=\"phalfert\" \/>\n\t<meta name=\"twitter:label2\" content=\"Est. reading time\" \/>\n\t<meta name=\"twitter:data2\" content=\"4 minutes\" \/>\n<script type=\"application\/ld+json\" class=\"yoast-schema-graph\">{\"@context\":\"https:\\\/\\\/schema.org\",\"@graph\":[{\"@type\":\"Article\",\"@id\":\"https:\\\/\\\/www.yorku.ca\\\/yfile\\\/2023\\\/05\\\/30\\\/national-indigenous-history-month-honours-histories-cultures-contributions\\\/#article\",\"isPartOf\":{\"@id\":\"https:\\\/\\\/www.yorku.ca\\\/yfile\\\/2023\\\/05\\\/30\\\/national-indigenous-history-month-honours-histories-cultures-contributions\\\/\"},\"author\":{\"name\":\"phalfert\",\"@id\":\"https:\\\/\\\/www.yorku.ca\\\/yfile\\\/#\\\/schema\\\/person\\\/21f3dffe794363be5ece4ec7f538a0c0\"},\"headline\":\"National Indigenous History Month honours histories, cultures, contributions\",\"datePublished\":\"2023-05-30T18:53:19+00:00\",\"dateModified\":\"2025-04-02T16:31:29+00:00\",\"mainEntityOfPage\":{\"@id\":\"https:\\\/\\\/www.yorku.ca\\\/yfile\\\/2023\\\/05\\\/30\\\/national-indigenous-history-month-honours-histories-cultures-contributions\\\/\"},\"wordCount\":814,\"image\":{\"@id\":\"https:\\\/\\\/www.yorku.ca\\\/yfile\\\/2023\\\/05\\\/30\\\/national-indigenous-history-month-honours-histories-cultures-contributions\\\/#primaryimage\"},\"thumbnailUrl\":\"https:\\\/\\\/www.yorku.ca\\\/yfile\\\/wp-content\\\/uploads\\\/sites\\\/889\\\/2023\\\/05\\\/Indigenous-CISS-YFile-TopStory_HON-scaled-1.jpg\",\"keywords\":[\"BIPOC\",\"Community\",\"Equity Diversity Inclusion (EDI)\",\"President\",\"SDGs\",\"YFile\"],\"articleSection\":[\"Editor's Picks\"],\"inLanguage\":\"en-CA\",\"copyrightYear\":\"2023\",\"copyrightHolder\":{\"@id\":\"https:\\\/\\\/www.yorku.ca\\\/yfile\\\/#organization\"}},{\"@type\":\"WebPage\",\"@id\":\"https:\\\/\\\/www.yorku.ca\\\/yfile\\\/2023\\\/05\\\/30\\\/national-indigenous-history-month-honours-histories-cultures-contributions\\\/\",\"url\":\"https:\\\/\\\/www.yorku.ca\\\/yfile\\\/2023\\\/05\\\/30\\\/national-indigenous-history-month-honours-histories-cultures-contributions\\\/\",\"name\":\"National Indigenous History Month honours histories, cultures, contributions - YFile\",\"isPartOf\":{\"@id\":\"https:\\\/\\\/www.yorku.ca\\\/yfile\\\/#website\"},\"primaryImageOfPage\":{\"@id\":\"https:\\\/\\\/www.yorku.ca\\\/yfile\\\/2023\\\/05\\\/30\\\/national-indigenous-history-month-honours-histories-cultures-contributions\\\/#primaryimage\"},\"image\":{\"@id\":\"https:\\\/\\\/www.yorku.ca\\\/yfile\\\/2023\\\/05\\\/30\\\/national-indigenous-history-month-honours-histories-cultures-contributions\\\/#primaryimage\"},\"thumbnailUrl\":\"https:\\\/\\\/www.yorku.ca\\\/yfile\\\/wp-content\\\/uploads\\\/sites\\\/889\\\/2023\\\/05\\\/Indigenous-CISS-YFile-TopStory_HON-scaled-1.jpg\",\"datePublished\":\"2023-05-30T18:53:19+00:00\",\"dateModified\":\"2025-04-02T16:31:29+00:00\",\"author\":{\"@id\":\"https:\\\/\\\/www.yorku.ca\\\/yfile\\\/#\\\/schema\\\/person\\\/21f3dffe794363be5ece4ec7f538a0c0\"},\"breadcrumb\":{\"@id\":\"https:\\\/\\\/www.yorku.ca\\\/yfile\\\/2023\\\/05\\\/30\\\/national-indigenous-history-month-honours-histories-cultures-contributions\\\/#breadcrumb\"},\"inLanguage\":\"en-CA\",\"potentialAction\":[{\"@type\":\"ReadAction\",\"target\":[\"https:\\\/\\\/www.yorku.ca\\\/yfile\\\/2023\\\/05\\\/30\\\/national-indigenous-history-month-honours-histories-cultures-contributions\\\/\"]}]},{\"@type\":\"ImageObject\",\"inLanguage\":\"en-CA\",\"@id\":\"https:\\\/\\\/www.yorku.ca\\\/yfile\\\/2023\\\/05\\\/30\\\/national-indigenous-history-month-honours-histories-cultures-contributions\\\/#primaryimage\",\"url\":\"https:\\\/\\\/www.yorku.ca\\\/yfile\\\/wp-content\\\/uploads\\\/sites\\\/889\\\/2023\\\/05\\\/Indigenous-CISS-YFile-TopStory_HON-scaled-1.jpg\",\"contentUrl\":\"https:\\\/\\\/www.yorku.ca\\\/yfile\\\/wp-content\\\/uploads\\\/sites\\\/889\\\/2023\\\/05\\\/Indigenous-CISS-YFile-TopStory_HON-scaled-1.jpg\",\"width\":2560,\"height\":843},{\"@type\":\"BreadcrumbList\",\"@id\":\"https:\\\/\\\/www.yorku.ca\\\/yfile\\\/2023\\\/05\\\/30\\\/national-indigenous-history-month-honours-histories-cultures-contributions\\\/#breadcrumb\",\"itemListElement\":[{\"@type\":\"ListItem\",\"position\":1,\"name\":\"Home\",\"item\":\"https:\\\/\\\/www.yorku.ca\\\/yfile\\\/\"},{\"@type\":\"ListItem\",\"position\":2,\"name\":\"National Indigenous History Month honours histories, cultures, contributions\"}]},{\"@type\":\"WebSite\",\"@id\":\"https:\\\/\\\/www.yorku.ca\\\/yfile\\\/#website\",\"url\":\"https:\\\/\\\/www.yorku.ca\\\/yfile\\\/\",\"name\":\"YFile\",\"description\":\"\",\"potentialAction\":[{\"@type\":\"SearchAction\",\"target\":{\"@type\":\"EntryPoint\",\"urlTemplate\":\"https:\\\/\\\/www.yorku.ca\\\/yfile\\\/?s={search_term_string}\"},\"query-input\":{\"@type\":\"PropertyValueSpecification\",\"valueRequired\":true,\"valueName\":\"search_term_string\"}}],\"inLanguage\":\"en-CA\"},{\"@type\":\"Person\",\"@id\":\"https:\\\/\\\/www.yorku.ca\\\/yfile\\\/#\\\/schema\\\/person\\\/21f3dffe794363be5ece4ec7f538a0c0\",\"name\":\"phalfert\",\"image\":{\"@type\":\"ImageObject\",\"inLanguage\":\"en-CA\",\"@id\":\"https:\\\/\\\/secure.gravatar.com\\\/avatar\\\/9e3ac8a4ede7f72dd695c074c5291e11739705deae1422de177298d5aad6d559?s=96&d=mm&r=g\",\"url\":\"https:\\\/\\\/secure.gravatar.com\\\/avatar\\\/9e3ac8a4ede7f72dd695c074c5291e11739705deae1422de177298d5aad6d559?s=96&d=mm&r=g\",\"contentUrl\":\"https:\\\/\\\/secure.gravatar.com\\\/avatar\\\/9e3ac8a4ede7f72dd695c074c5291e11739705deae1422de177298d5aad6d559?s=96&d=mm&r=g\",\"caption\":\"phalfert\"},\"url\":\"https:\\\/\\\/www.yorku.ca\\\/yfile\\\/author\\\/phalfert\\\/\"}]}<\/script>\n<!-- \/ Yoast SEO plugin. -->","yoast_head_json":{"title":"National Indigenous History Month honours histories, cultures, contributions - YFile","robots":{"index":"index","follow":"follow","max-snippet":"max-snippet:-1","max-image-preview":"max-image-preview:large","max-video-preview":"max-video-preview:-1"},"canonical":"https:\/\/www.yorku.ca\/yfile\/2023\/05\/30\/national-indigenous-history-month-honours-histories-cultures-contributions\/","og_locale":"en_US","og_type":"article","og_title":"National Indigenous History Month honours histories, cultures, contributions - YFile","og_description":"June is National Indigenous History Month. York is taking important steps to integrate Indigenous knowledges and perspectives in a meaningful way.","og_url":"https:\/\/www.yorku.ca\/yfile\/2023\/05\/30\/national-indigenous-history-month-honours-histories-cultures-contributions\/","og_site_name":"YFile","article_published_time":"2023-05-30T18:53:19+00:00","article_modified_time":"2025-04-02T16:31:29+00:00","og_image":[{"width":2560,"height":843,"url":"https:\/\/www.yorku.ca\/yfile\/wp-content\/uploads\/sites\/889\/2023\/05\/Indigenous-CISS-YFile-TopStory_HON-scaled-1.jpg","type":"image\/jpeg"}],"author":"phalfert","twitter_card":"summary_large_image","twitter_misc":{"Written by":"phalfert","Est. reading time":"4 minutes"},"schema":{"@context":"https:\/\/schema.org","@graph":[{"@type":"Article","@id":"https:\/\/www.yorku.ca\/yfile\/2023\/05\/30\/national-indigenous-history-month-honours-histories-cultures-contributions\/#article","isPartOf":{"@id":"https:\/\/www.yorku.ca\/yfile\/2023\/05\/30\/national-indigenous-history-month-honours-histories-cultures-contributions\/"},"author":{"name":"phalfert","@id":"https:\/\/www.yorku.ca\/yfile\/#\/schema\/person\/21f3dffe794363be5ece4ec7f538a0c0"},"headline":"National Indigenous History Month honours histories, cultures, contributions","datePublished":"2023-05-30T18:53:19+00:00","dateModified":"2025-04-02T16:31:29+00:00","mainEntityOfPage":{"@id":"https:\/\/www.yorku.ca\/yfile\/2023\/05\/30\/national-indigenous-history-month-honours-histories-cultures-contributions\/"},"wordCount":814,"image":{"@id":"https:\/\/www.yorku.ca\/yfile\/2023\/05\/30\/national-indigenous-history-month-honours-histories-cultures-contributions\/#primaryimage"},"thumbnailUrl":"https:\/\/www.yorku.ca\/yfile\/wp-content\/uploads\/sites\/889\/2023\/05\/Indigenous-CISS-YFile-TopStory_HON-scaled-1.jpg","keywords":["BIPOC","Community","Equity Diversity Inclusion (EDI)","President","SDGs","YFile"],"articleSection":["Editor's Picks"],"inLanguage":"en-CA","copyrightYear":"2023","copyrightHolder":{"@id":"https:\/\/www.yorku.ca\/yfile\/#organization"}},{"@type":"WebPage","@id":"https:\/\/www.yorku.ca\/yfile\/2023\/05\/30\/national-indigenous-history-month-honours-histories-cultures-contributions\/","url":"https:\/\/www.yorku.ca\/yfile\/2023\/05\/30\/national-indigenous-history-month-honours-histories-cultures-contributions\/","name":"National Indigenous History Month honours histories, cultures, contributions - YFile","isPartOf":{"@id":"https:\/\/www.yorku.ca\/yfile\/#website"},"primaryImageOfPage":{"@id":"https:\/\/www.yorku.ca\/yfile\/2023\/05\/30\/national-indigenous-history-month-honours-histories-cultures-contributions\/#primaryimage"},"image":{"@id":"https:\/\/www.yorku.ca\/yfile\/2023\/05\/30\/national-indigenous-history-month-honours-histories-cultures-contributions\/#primaryimage"},"thumbnailUrl":"https:\/\/www.yorku.ca\/yfile\/wp-content\/uploads\/sites\/889\/2023\/05\/Indigenous-CISS-YFile-TopStory_HON-scaled-1.jpg","datePublished":"2023-05-30T18:53:19+00:00","dateModified":"2025-04-02T16:31:29+00:00","author":{"@id":"https:\/\/www.yorku.ca\/yfile\/#\/schema\/person\/21f3dffe794363be5ece4ec7f538a0c0"},"breadcrumb":{"@id":"https:\/\/www.yorku.ca\/yfile\/2023\/05\/30\/national-indigenous-history-month-honours-histories-cultures-contributions\/#breadcrumb"},"inLanguage":"en-CA","potentialAction":[{"@type":"ReadAction","target":["https:\/\/www.yorku.ca\/yfile\/2023\/05\/30\/national-indigenous-history-month-honours-histories-cultures-contributions\/"]}]},{"@type":"ImageObject","inLanguage":"en-CA","@id":"https:\/\/www.yorku.ca\/yfile\/2023\/05\/30\/national-indigenous-history-month-honours-histories-cultures-contributions\/#primaryimage","url":"https:\/\/www.yorku.ca\/yfile\/wp-content\/uploads\/sites\/889\/2023\/05\/Indigenous-CISS-YFile-TopStory_HON-scaled-1.jpg","contentUrl":"https:\/\/www.yorku.ca\/yfile\/wp-content\/uploads\/sites\/889\/2023\/05\/Indigenous-CISS-YFile-TopStory_HON-scaled-1.jpg","width":2560,"height":843},{"@type":"BreadcrumbList","@id":"https:\/\/www.yorku.ca\/yfile\/2023\/05\/30\/national-indigenous-history-month-honours-histories-cultures-contributions\/#breadcrumb","itemListElement":[{"@type":"ListItem","position":1,"name":"Home","item":"https:\/\/www.yorku.ca\/yfile\/"},{"@type":"ListItem","position":2,"name":"National Indigenous History Month honours histories, cultures, contributions"}]},{"@type":"WebSite","@id":"https:\/\/www.yorku.ca\/yfile\/#website","url":"https:\/\/www.yorku.ca\/yfile\/","name":"YFile","description":"","potentialAction":[{"@type":"SearchAction","target":{"@type":"EntryPoint","urlTemplate":"https:\/\/www.yorku.ca\/yfile\/?s={search_term_string}"},"query-input":{"@type":"PropertyValueSpecification","valueRequired":true,"valueName":"search_term_string"}}],"inLanguage":"en-CA"},{"@type":"Person","@id":"https:\/\/www.yorku.ca\/yfile\/#\/schema\/person\/21f3dffe794363be5ece4ec7f538a0c0","name":"phalfert","image":{"@type":"ImageObject","inLanguage":"en-CA","@id":"https:\/\/secure.gravatar.com\/avatar\/9e3ac8a4ede7f72dd695c074c5291e11739705deae1422de177298d5aad6d559?s=96&d=mm&r=g","url":"https:\/\/secure.gravatar.com\/avatar\/9e3ac8a4ede7f72dd695c074c5291e11739705deae1422de177298d5aad6d559?s=96&d=mm&r=g","contentUrl":"https:\/\/secure.gravatar.com\/avatar\/9e3ac8a4ede7f72dd695c074c5291e11739705deae1422de177298d5aad6d559?s=96&d=mm&r=g","caption":"phalfert"},"url":"https:\/\/www.yorku.ca\/yfile\/author\/phalfert\/"}]}},"taxonomy_info":{"category":[{"value":25,"label":"Editor's Picks"}],"post_tag":[{"value":32,"label":"BIPOC"},{"value":29,"label":"Community"},{"value":33,"label":"Equity Diversity Inclusion (EDI)"},{"value":26,"label":"President"},{"value":15,"label":"SDGs"},{"value":4,"label":"YFile"}],"tags-to-show":[{"value":149,"label":"BIPOC"},{"value":145,"label":"Community"},{"value":177,"label":"Equity Diversity Inclusion (EDI)"},{"value":174,"label":"President"},{"value":158,"label":"SDGs"}]},"featured_image_src_large":["https:\/\/www.yorku.ca\/yfile\/wp-content\/uploads\/sites\/889\/2023\/05\/Indigenous-CISS-YFile-TopStory_HON-scaled-1-1024x337.jpg",1024,337,true],"author_info":{"display_name":"phalfert","author_link":"https:\/\/www.yorku.ca\/yfile\/author\/phalfert\/"},"comment_info":0,"category_info":[{"term_id":25,"name":"Editor's Picks","slug":"editors-picks","term_group":0,"term_taxonomy_id":25,"taxonomy":"category","description":"","parent":0,"count":6271,"filter":"raw","cat_ID":25,"category_count":6271,"category_description":"","cat_name":"Editor's Picks","category_nicename":"editors-picks","category_parent":0}],"tag_info":[{"term_id":32,"name":"BIPOC","slug":"bipoc","term_group":0,"term_taxonomy_id":32,"taxonomy":"post_tag","description":"","parent":0,"count":375,"filter":"raw"},{"term_id":29,"name":"Community","slug":"community","term_group":0,"term_taxonomy_id":29,"taxonomy":"post_tag","description":"","parent":0,"count":967,"filter":"raw"},{"term_id":33,"name":"Equity Diversity Inclusion (EDI)","slug":"equity","term_group":0,"term_taxonomy_id":33,"taxonomy":"post_tag","description":"","parent":0,"count":493,"filter":"raw"},{"term_id":26,"name":"President","slug":"president","term_group":0,"term_taxonomy_id":26,"taxonomy":"post_tag","description":"","parent":0,"count":406,"filter":"raw"},{"term_id":15,"name":"SDGs","slug":"sdg","term_group":0,"term_taxonomy_id":15,"taxonomy":"post_tag","description":"","parent":0,"count":1256,"filter":"raw"},{"term_id":4,"name":"YFile","slug":"yfile","term_group":0,"term_taxonomy_id":4,"taxonomy":"post_tag","description":"","parent":0,"count":5324,"filter":"raw"}],"_links":{"self":[{"href":"https:\/\/www.yorku.ca\/yfile\/wp-json\/wp\/v2\/posts\/335243","targetHints":{"allow":["GET"]}}],"collection":[{"href":"https:\/\/www.yorku.ca\/yfile\/wp-json\/wp\/v2\/posts"}],"about":[{"href":"https:\/\/www.yorku.ca\/yfile\/wp-json\/wp\/v2\/types\/post"}],"author":[{"embeddable":true,"href":"https:\/\/www.yorku.ca\/yfile\/wp-json\/wp\/v2\/users\/5"}],"replies":[{"embeddable":true,"href":"https:\/\/www.yorku.ca\/yfile\/wp-json\/wp\/v2\/comments?post=335243"}],"version-history":[{"count":1,"href":"https:\/\/www.yorku.ca\/yfile\/wp-json\/wp\/v2\/posts\/335243\/revisions"}],"predecessor-version":[{"id":392887,"href":"https:\/\/www.yorku.ca\/yfile\/wp-json\/wp\/v2\/posts\/335243\/revisions\/392887"}],"wp:featuredmedia":[{"embeddable":true,"href":"https:\/\/www.yorku.ca\/yfile\/wp-json\/wp\/v2\/media\/335359"}],"wp:attachment":[{"href":"https:\/\/www.yorku.ca\/yfile\/wp-json\/wp\/v2\/media?parent=335243"}],"wp:term":[{"taxonomy":"category","embeddable":true,"href":"https:\/\/www.yorku.ca\/yfile\/wp-json\/wp\/v2\/categories?post=335243"},{"taxonomy":"post_tag","embeddable":true,"href":"https:\/\/www.yorku.ca\/yfile\/wp-json\/wp\/v2\/tags?post=335243"},{"taxonomy":"yfileauthor","embeddable":true,"href":"https:\/\/www.yorku.ca\/yfile\/wp-json\/wp\/v2\/yfileauthor?post=335243"},{"taxonomy":"qualifier","embeddable":true,"href":"https:\/\/www.yorku.ca\/yfile\/wp-json\/wp\/v2\/qualifier?post=335243"},{"taxonomy":"yfile-author","embeddable":true,"href":"https:\/\/www.yorku.ca\/yfile\/wp-json\/wp\/v2\/yfile-author?post=335243"},{"taxonomy":"tags-to-show","embeddable":true,"href":"https:\/\/www.yorku.ca\/yfile\/wp-json\/wp\/v2\/tags-to-show?post=335243"},{"taxonomy":"workflow","embeddable":true,"href":"https:\/\/www.yorku.ca\/yfile\/wp-json\/wp\/v2\/workflow?post=335243"}],"curies":[{"name":"wp","href":"https:\/\/api.w.org\/{rel}","templated":true}]}}