{"id":3407,"date":"2004-10-06T00:00:00","date_gmt":"2004-10-06T04:00:00","guid":{"rendered":"https:\/\/yfiledev.uit.yorku.ca\/2004\/10\/06\/hispanic-festival-begins-at-glendon\/"},"modified":"2025-04-01T11:50:57","modified_gmt":"2025-04-01T15:50:57","slug":"hispanic-festival-begins-at-glendon","status":"publish","type":"post","link":"https:\/\/www.yorku.ca\/yfile\/2004\/10\/06\/hispanic-festival-begins-at-glendon\/","title":{"rendered":"Hispanic festival begins at Glendon"},"content":{"rendered":"<p><P align=\"left\"><FONT face=\"\">For a weekend of all things Spanish make your way to York\u2019s Glendon campus for the Festival of Words and Images<B> <\/B>organized by the Cultural Celebration of the Spanish Language (Celebraci\u00f3n Cultural Del Idioma Espa\u00f1ol\/CCIE), which runs Thursday through Sunday<B>.<\/P><\/B><\/FONT><br \/>\n<P align=\"left\"><\/P><br \/>\n<P align=\"left\">The <\/FONT><FONT color=\"#3333ff\"><a href=\"www.spanculturefestival.org\" target=\"_blank\" rel=\"noopener\"><FONT color=\"#3333ff\">four-day program<\/FONT><\/A>&nbsp;<\/FONT>features writers and artists from the Canadian and world Latin community, in what the CCIE describes as \"a veritable literary feast spanning languages and cultures.\"<\/FONT><\/FONT><\/P><br \/>\n<P align=\"center\"><FONT face=\"\"><IMG src=\"http:\/\/www.yorku.ca\/yfile\/photos\/20041007\/ccie-1.jpg\" align=\"top\" vspace=\"8\" border=\"0\"><\/FONT><\/P><\/FONT><br \/>\n<P align=\"center\"><STRONG><FONT face=\"\">Above: pictures from past CCIE festivals<\/FONT><\/STRONG><\/P><br \/>\n<P align=\"left\"><FONT face=\"\">The CCIE is a non-profit organization directed by Professor Magarita Feliciano, coordinator of &nbsp;Spanish-English translation with the Department of Hispanic Studies at Glendon. It was created in 1992 to stimulate and promote mutual appreciation and awareness of artistic contributions made by persons of Latin-Canadian origin and other Canadians of different origins. The organization was formed as part of the commemoration of the 500th anniversary of Europeans\u2019 arrival in the Americas.<\/FONT><\/P><br \/>\n<P align=\"left\"><FONT face=\"\">Thursday\u2019s activities will feature Fran\u00e7oise Boudreau, acting principal of Glendon, Jos\u00e9 Luis Chamosa from the office of education, Embassy of Spain, and Esther Ravent\u00f3s, Glendon's Chair of the Department of Hispanic Studies. The highlight of the evening will be a book launch in honour of award-winning author Pablo Urbanyi, followed by a performance by Argentinian soprano Rosaria Russo.<\/FONT><\/P><br \/>\n<P align=\"left\"><FONT face=\"\"><\/FONT><\/P><br \/>\n<P align=\"left\"><FONT face=\"\">Friday\u2019s program includes readings of original works by authors Beatriz Funes, Janet Rodr\u00edguez, Fabio C\u00e1ceres, Luc\u00eda Ardila, Marcela Lecuona, Joanna Sworn and Marta K. Shamwasser. Later readings in English and Spanish will feature <I>Toronto Star <\/I>writer and York alumnus Oakland Ross (BA \u201974) and McGill University student Mirta Medina, followed by Urbanyi and Hugh Hazelton, professor of Hispanic studies at&nbsp;Concordia University. At 4:30pm, the CCIE will announce the formation of Carasucia Publishing House, and welcome three consuls-general: Catalina Chaux of Colombia, Carlos Pujalte of Mexico and Laureano Cardoso of Cuba.<\/FONT><\/P><br \/>\n<P align=\"left\"><FONT face=\"\">The evening includes a buffet dinner with an Hispanic flavour and music by Havana Express with vocalist Rodolfo Serrano and a tango dance show by Roxana y Fabi\u00e1n. Tickets are $30 for CCIE members and $35 for the public. For reservations, call 416-488-2658 or e-mail <\/FONT><A href=\"mailto:sariera@hotmail.com\"><FONT face=\"\" color=\"#3333ff\" size=\"2\">sariera@hotmail.com<\/FONT><\/A><FONT face=\"\">.<\/FONT><\/P><br \/>\n<P align=\"left\"><FONT face=\"\"><\/FONT><\/P><br \/>\n<P align=\"left\"><FONT face=\"\">Saturday\u2019s presentation features readings of original works by special guest: Victor Casaus of the Centro Cultural \"Pablo de la Torriente Braus\", Havana, Cuba. Later there will be a discussion on \"Roads Towards Artistic Creation\" with panellists Christopher Dom\u00ednguez Michaels (Consulate of Mexico), Casaus, J. Guillermo Renart (University of Ottawa) and&nbsp;Jorge Etcheverry (Split Quotation, Ottawa).<\/FONT><\/P><br \/>\n<P align=\"left\"><FONT face=\"\">Sunday, festival participants will take a day-trip for an on-site reading at Niagara Falls to celebrate the artistic significance that the Falls hold in Hispanic literary tradition.<\/FONT><\/P><br \/>\n<P align=\"left\"><FONT face=\"\">For more information, call 416-488-2658 or 416-925-4652. You can also get information by e-mail at <\/FONT><A href=\"mailto:feliciano@glendon.yorku.ca\"><FONT face=\"\" color=\"#3333ff\" size=\"2\">feliciano@glendon.yorku.ca<\/FONT><\/A><FONT face=\"\" size=\"2\"> or at <\/FONT><A href=\"mailto:hola@spanishcentre.com\"><FONT face=\"\" color=\"#3333ff\" size=\"2\">hola@spanishcentre.com<\/FONT><\/A><FONT face=\"\" size=\"2\">.<\/FONT><\/P><br \/>\n<P align=\"left\"><FONT face=\"\"><\/FONT>&nbsp;<\/P><\/FONT><\/p>\n","protected":false},"excerpt":{"rendered":"<p>For a weekend of all things Spanish make your way to York\u2019s Glendon campus for the Festival of Words and Images, organized by the Cultural Celebration of the Spanish Language...<\/p>\n","protected":false},"author":5,"featured_media":0,"comment_status":"open","ping_status":"open","sticky":false,"template":"","format":"standard","meta":{"_acf_changed":false,"_kad_blocks_custom_css":"","_kad_blocks_head_custom_js":"","_kad_blocks_body_custom_js":"","_kad_blocks_footer_custom_js":"","footnotes":""},"categories":[11],"tags":[],"yfileauthor":[],"qualifier":[],"yfile-author":[],"tags-to-show":[],"workflow":[],"class_list":["post-3407","post","type-post","status-publish","format-standard","hentry","category-latest-news"],"acf":{"internal_publish_date":null,"original_image":null},"yoast_head":"<!-- This site is optimized with the Yoast SEO plugin v27.4 - https:\/\/yoast.com\/product\/yoast-seo-wordpress\/ -->\n<title>Hispanic festival begins at Glendon - YFile<\/title>\n<meta name=\"robots\" content=\"index, follow, max-snippet:-1, max-image-preview:large, max-video-preview:-1\" \/>\n<link rel=\"canonical\" href=\"https:\/\/www.yorku.ca\/yfile\/2004\/10\/06\/hispanic-festival-begins-at-glendon\/\" \/>\n<meta property=\"og:locale\" content=\"en_US\" \/>\n<meta property=\"og:type\" content=\"article\" \/>\n<meta property=\"og:title\" content=\"Hispanic festival begins at Glendon - YFile\" \/>\n<meta property=\"og:description\" content=\"For a weekend of all things Spanish make your way to York\u2019s Glendon campus for the Festival of Words and Images, organized by the Cultural Celebration of the Spanish Language...\" \/>\n<meta property=\"og:url\" content=\"https:\/\/www.yorku.ca\/yfile\/2004\/10\/06\/hispanic-festival-begins-at-glendon\/\" \/>\n<meta property=\"og:site_name\" content=\"YFile\" \/>\n<meta property=\"article:published_time\" content=\"2004-10-06T04:00:00+00:00\" \/>\n<meta property=\"article:modified_time\" content=\"2025-04-01T15:50:57+00:00\" \/>\n<meta name=\"author\" content=\"phalfert\" \/>\n<meta name=\"twitter:card\" content=\"summary_large_image\" \/>\n<meta name=\"twitter:label1\" content=\"Written by\" \/>\n\t<meta name=\"twitter:data1\" content=\"phalfert\" \/>\n\t<meta name=\"twitter:label2\" content=\"Est. reading time\" \/>\n\t<meta name=\"twitter:data2\" content=\"2 minutes\" \/>\n<script type=\"application\/ld+json\" class=\"yoast-schema-graph\">{\"@context\":\"https:\\\/\\\/schema.org\",\"@graph\":[{\"@type\":\"Article\",\"@id\":\"https:\\\/\\\/www.yorku.ca\\\/yfile\\\/2004\\\/10\\\/06\\\/hispanic-festival-begins-at-glendon\\\/#article\",\"isPartOf\":{\"@id\":\"https:\\\/\\\/www.yorku.ca\\\/yfile\\\/2004\\\/10\\\/06\\\/hispanic-festival-begins-at-glendon\\\/\"},\"author\":{\"name\":\"phalfert\",\"@id\":\"https:\\\/\\\/www.yorku.ca\\\/yfile\\\/#\\\/schema\\\/person\\\/21f3dffe794363be5ece4ec7f538a0c0\"},\"headline\":\"Hispanic festival begins at Glendon\",\"datePublished\":\"2004-10-06T04:00:00+00:00\",\"dateModified\":\"2025-04-01T15:50:57+00:00\",\"mainEntityOfPage\":{\"@id\":\"https:\\\/\\\/www.yorku.ca\\\/yfile\\\/2004\\\/10\\\/06\\\/hispanic-festival-begins-at-glendon\\\/\"},\"wordCount\":471,\"commentCount\":0,\"articleSection\":[\"Latest News\"],\"inLanguage\":\"en-CA\",\"potentialAction\":[{\"@type\":\"CommentAction\",\"name\":\"Comment\",\"target\":[\"https:\\\/\\\/www.yorku.ca\\\/yfile\\\/2004\\\/10\\\/06\\\/hispanic-festival-begins-at-glendon\\\/#respond\"]}],\"copyrightYear\":\"2004\",\"copyrightHolder\":{\"@id\":\"https:\\\/\\\/www.yorku.ca\\\/yfile\\\/#organization\"}},{\"@type\":\"WebPage\",\"@id\":\"https:\\\/\\\/www.yorku.ca\\\/yfile\\\/2004\\\/10\\\/06\\\/hispanic-festival-begins-at-glendon\\\/\",\"url\":\"https:\\\/\\\/www.yorku.ca\\\/yfile\\\/2004\\\/10\\\/06\\\/hispanic-festival-begins-at-glendon\\\/\",\"name\":\"Hispanic festival begins at Glendon - YFile\",\"isPartOf\":{\"@id\":\"https:\\\/\\\/www.yorku.ca\\\/yfile\\\/#website\"},\"datePublished\":\"2004-10-06T04:00:00+00:00\",\"dateModified\":\"2025-04-01T15:50:57+00:00\",\"author\":{\"@id\":\"https:\\\/\\\/www.yorku.ca\\\/yfile\\\/#\\\/schema\\\/person\\\/21f3dffe794363be5ece4ec7f538a0c0\"},\"breadcrumb\":{\"@id\":\"https:\\\/\\\/www.yorku.ca\\\/yfile\\\/2004\\\/10\\\/06\\\/hispanic-festival-begins-at-glendon\\\/#breadcrumb\"},\"inLanguage\":\"en-CA\",\"potentialAction\":[{\"@type\":\"ReadAction\",\"target\":[\"https:\\\/\\\/www.yorku.ca\\\/yfile\\\/2004\\\/10\\\/06\\\/hispanic-festival-begins-at-glendon\\\/\"]}]},{\"@type\":\"BreadcrumbList\",\"@id\":\"https:\\\/\\\/www.yorku.ca\\\/yfile\\\/2004\\\/10\\\/06\\\/hispanic-festival-begins-at-glendon\\\/#breadcrumb\",\"itemListElement\":[{\"@type\":\"ListItem\",\"position\":1,\"name\":\"Home\",\"item\":\"https:\\\/\\\/www.yorku.ca\\\/yfile\\\/\"},{\"@type\":\"ListItem\",\"position\":2,\"name\":\"Hispanic festival begins at Glendon\"}]},{\"@type\":\"WebSite\",\"@id\":\"https:\\\/\\\/www.yorku.ca\\\/yfile\\\/#website\",\"url\":\"https:\\\/\\\/www.yorku.ca\\\/yfile\\\/\",\"name\":\"YFile\",\"description\":\"\",\"potentialAction\":[{\"@type\":\"SearchAction\",\"target\":{\"@type\":\"EntryPoint\",\"urlTemplate\":\"https:\\\/\\\/www.yorku.ca\\\/yfile\\\/?s={search_term_string}\"},\"query-input\":{\"@type\":\"PropertyValueSpecification\",\"valueRequired\":true,\"valueName\":\"search_term_string\"}}],\"inLanguage\":\"en-CA\"},{\"@type\":\"Person\",\"@id\":\"https:\\\/\\\/www.yorku.ca\\\/yfile\\\/#\\\/schema\\\/person\\\/21f3dffe794363be5ece4ec7f538a0c0\",\"name\":\"phalfert\",\"image\":{\"@type\":\"ImageObject\",\"inLanguage\":\"en-CA\",\"@id\":\"https:\\\/\\\/secure.gravatar.com\\\/avatar\\\/9e3ac8a4ede7f72dd695c074c5291e11739705deae1422de177298d5aad6d559?s=96&d=mm&r=g\",\"url\":\"https:\\\/\\\/secure.gravatar.com\\\/avatar\\\/9e3ac8a4ede7f72dd695c074c5291e11739705deae1422de177298d5aad6d559?s=96&d=mm&r=g\",\"contentUrl\":\"https:\\\/\\\/secure.gravatar.com\\\/avatar\\\/9e3ac8a4ede7f72dd695c074c5291e11739705deae1422de177298d5aad6d559?s=96&d=mm&r=g\",\"caption\":\"phalfert\"},\"url\":\"https:\\\/\\\/www.yorku.ca\\\/yfile\\\/author\\\/phalfert\\\/\"}]}<\/script>\n<!-- \/ Yoast SEO plugin. -->","yoast_head_json":{"title":"Hispanic festival begins at Glendon - YFile","robots":{"index":"index","follow":"follow","max-snippet":"max-snippet:-1","max-image-preview":"max-image-preview:large","max-video-preview":"max-video-preview:-1"},"canonical":"https:\/\/www.yorku.ca\/yfile\/2004\/10\/06\/hispanic-festival-begins-at-glendon\/","og_locale":"en_US","og_type":"article","og_title":"Hispanic festival begins at Glendon - YFile","og_description":"For a weekend of all things Spanish make your way to York\u2019s Glendon campus for the Festival of Words and Images, organized by the Cultural Celebration of the Spanish Language...","og_url":"https:\/\/www.yorku.ca\/yfile\/2004\/10\/06\/hispanic-festival-begins-at-glendon\/","og_site_name":"YFile","article_published_time":"2004-10-06T04:00:00+00:00","article_modified_time":"2025-04-01T15:50:57+00:00","author":"phalfert","twitter_card":"summary_large_image","twitter_misc":{"Written by":"phalfert","Est. reading time":"2 minutes"},"schema":{"@context":"https:\/\/schema.org","@graph":[{"@type":"Article","@id":"https:\/\/www.yorku.ca\/yfile\/2004\/10\/06\/hispanic-festival-begins-at-glendon\/#article","isPartOf":{"@id":"https:\/\/www.yorku.ca\/yfile\/2004\/10\/06\/hispanic-festival-begins-at-glendon\/"},"author":{"name":"phalfert","@id":"https:\/\/www.yorku.ca\/yfile\/#\/schema\/person\/21f3dffe794363be5ece4ec7f538a0c0"},"headline":"Hispanic festival begins at Glendon","datePublished":"2004-10-06T04:00:00+00:00","dateModified":"2025-04-01T15:50:57+00:00","mainEntityOfPage":{"@id":"https:\/\/www.yorku.ca\/yfile\/2004\/10\/06\/hispanic-festival-begins-at-glendon\/"},"wordCount":471,"commentCount":0,"articleSection":["Latest News"],"inLanguage":"en-CA","potentialAction":[{"@type":"CommentAction","name":"Comment","target":["https:\/\/www.yorku.ca\/yfile\/2004\/10\/06\/hispanic-festival-begins-at-glendon\/#respond"]}],"copyrightYear":"2004","copyrightHolder":{"@id":"https:\/\/www.yorku.ca\/yfile\/#organization"}},{"@type":"WebPage","@id":"https:\/\/www.yorku.ca\/yfile\/2004\/10\/06\/hispanic-festival-begins-at-glendon\/","url":"https:\/\/www.yorku.ca\/yfile\/2004\/10\/06\/hispanic-festival-begins-at-glendon\/","name":"Hispanic festival begins at Glendon - YFile","isPartOf":{"@id":"https:\/\/www.yorku.ca\/yfile\/#website"},"datePublished":"2004-10-06T04:00:00+00:00","dateModified":"2025-04-01T15:50:57+00:00","author":{"@id":"https:\/\/www.yorku.ca\/yfile\/#\/schema\/person\/21f3dffe794363be5ece4ec7f538a0c0"},"breadcrumb":{"@id":"https:\/\/www.yorku.ca\/yfile\/2004\/10\/06\/hispanic-festival-begins-at-glendon\/#breadcrumb"},"inLanguage":"en-CA","potentialAction":[{"@type":"ReadAction","target":["https:\/\/www.yorku.ca\/yfile\/2004\/10\/06\/hispanic-festival-begins-at-glendon\/"]}]},{"@type":"BreadcrumbList","@id":"https:\/\/www.yorku.ca\/yfile\/2004\/10\/06\/hispanic-festival-begins-at-glendon\/#breadcrumb","itemListElement":[{"@type":"ListItem","position":1,"name":"Home","item":"https:\/\/www.yorku.ca\/yfile\/"},{"@type":"ListItem","position":2,"name":"Hispanic festival begins at Glendon"}]},{"@type":"WebSite","@id":"https:\/\/www.yorku.ca\/yfile\/#website","url":"https:\/\/www.yorku.ca\/yfile\/","name":"YFile","description":"","potentialAction":[{"@type":"SearchAction","target":{"@type":"EntryPoint","urlTemplate":"https:\/\/www.yorku.ca\/yfile\/?s={search_term_string}"},"query-input":{"@type":"PropertyValueSpecification","valueRequired":true,"valueName":"search_term_string"}}],"inLanguage":"en-CA"},{"@type":"Person","@id":"https:\/\/www.yorku.ca\/yfile\/#\/schema\/person\/21f3dffe794363be5ece4ec7f538a0c0","name":"phalfert","image":{"@type":"ImageObject","inLanguage":"en-CA","@id":"https:\/\/secure.gravatar.com\/avatar\/9e3ac8a4ede7f72dd695c074c5291e11739705deae1422de177298d5aad6d559?s=96&d=mm&r=g","url":"https:\/\/secure.gravatar.com\/avatar\/9e3ac8a4ede7f72dd695c074c5291e11739705deae1422de177298d5aad6d559?s=96&d=mm&r=g","contentUrl":"https:\/\/secure.gravatar.com\/avatar\/9e3ac8a4ede7f72dd695c074c5291e11739705deae1422de177298d5aad6d559?s=96&d=mm&r=g","caption":"phalfert"},"url":"https:\/\/www.yorku.ca\/yfile\/author\/phalfert\/"}]}},"taxonomy_info":{"category":[{"value":11,"label":"Latest News"}]},"featured_image_src_large":false,"author_info":{"display_name":"phalfert","author_link":"https:\/\/www.yorku.ca\/yfile\/author\/phalfert\/"},"comment_info":0,"category_info":[{"term_id":11,"name":"Latest News","slug":"latest-news","term_group":0,"term_taxonomy_id":11,"taxonomy":"category","description":"","parent":0,"count":12680,"filter":"raw","cat_ID":11,"category_count":12680,"category_description":"","cat_name":"Latest News","category_nicename":"latest-news","category_parent":0}],"tag_info":false,"_links":{"self":[{"href":"https:\/\/www.yorku.ca\/yfile\/wp-json\/wp\/v2\/posts\/3407","targetHints":{"allow":["GET"]}}],"collection":[{"href":"https:\/\/www.yorku.ca\/yfile\/wp-json\/wp\/v2\/posts"}],"about":[{"href":"https:\/\/www.yorku.ca\/yfile\/wp-json\/wp\/v2\/types\/post"}],"author":[{"embeddable":true,"href":"https:\/\/www.yorku.ca\/yfile\/wp-json\/wp\/v2\/users\/5"}],"replies":[{"embeddable":true,"href":"https:\/\/www.yorku.ca\/yfile\/wp-json\/wp\/v2\/comments?post=3407"}],"version-history":[{"count":1,"href":"https:\/\/www.yorku.ca\/yfile\/wp-json\/wp\/v2\/posts\/3407\/revisions"}],"predecessor-version":[{"id":376055,"href":"https:\/\/www.yorku.ca\/yfile\/wp-json\/wp\/v2\/posts\/3407\/revisions\/376055"}],"wp:attachment":[{"href":"https:\/\/www.yorku.ca\/yfile\/wp-json\/wp\/v2\/media?parent=3407"}],"wp:term":[{"taxonomy":"category","embeddable":true,"href":"https:\/\/www.yorku.ca\/yfile\/wp-json\/wp\/v2\/categories?post=3407"},{"taxonomy":"post_tag","embeddable":true,"href":"https:\/\/www.yorku.ca\/yfile\/wp-json\/wp\/v2\/tags?post=3407"},{"taxonomy":"yfileauthor","embeddable":true,"href":"https:\/\/www.yorku.ca\/yfile\/wp-json\/wp\/v2\/yfileauthor?post=3407"},{"taxonomy":"qualifier","embeddable":true,"href":"https:\/\/www.yorku.ca\/yfile\/wp-json\/wp\/v2\/qualifier?post=3407"},{"taxonomy":"yfile-author","embeddable":true,"href":"https:\/\/www.yorku.ca\/yfile\/wp-json\/wp\/v2\/yfile-author?post=3407"},{"taxonomy":"tags-to-show","embeddable":true,"href":"https:\/\/www.yorku.ca\/yfile\/wp-json\/wp\/v2\/tags-to-show?post=3407"},{"taxonomy":"workflow","embeddable":true,"href":"https:\/\/www.yorku.ca\/yfile\/wp-json\/wp\/v2\/workflow?post=3407"}],"curies":[{"name":"wp","href":"https:\/\/api.w.org\/{rel}","templated":true}]}}