{"id":372024,"date":"2025-01-22T14:53:11","date_gmt":"2025-01-22T19:53:11","guid":{"rendered":"https:\/\/www.yorku.ca\/yfile\/?p=372024"},"modified":"2025-01-22T21:16:39","modified_gmt":"2025-01-23T02:16:39","slug":"international-scholar-to-advance-digital-literacy-research-at-york-u","status":"publish","type":"post","link":"https:\/\/www.yorku.ca\/yfile\/2025\/01\/22\/international-scholar-to-advance-digital-literacy-research-at-york-u\/","title":{"rendered":"International scholar to advance digital literacy research at York U"},"content":{"rendered":"\n<h3 class=\"wp-block-heading\">York University\u2019s <a href=\"https:\/\/irdl.info.yorku.ca\/\" target=\"_blank\" rel=\"noreferrer noopener\">Institute for Research on Digital Literacies<\/a> (IRDL) will host Ana Kubrusly, a PhD candidate at NOVA University of Lisbon, for a research collaboration from February to April 2025. Kubrusly\u2019s visit, funded by the Portuguese Foundation for Science and Technology, is facilitated through York\u2019s <a href=\"https:\/\/yorkinternational.yorku.ca\/global-learning\/incoming-global-learning\/ivrt\/\" target=\"_blank\" rel=\"noreferrer noopener\">International Visiting Research Trainee<\/a> (IVRT) program.<\/h3>\n\n\n\n<div style=\"height:20px\" aria-hidden=\"true\" class=\"wp-block-spacer\"><\/div>\n\n\n\n<p>Kubrusly will collaborate with Professor <strong>Natalie Coulter<\/strong>, from the Department of Communication &amp; Media Studies and director of IRDL, <a href=\"https:\/\/www.yorku.ca\/yfile\/2024\/12\/03\/york-university-professor-natalie-coulter-advances-study-of-youth-media\/\">on a research project exploring kidtech and digital capitalism<\/a> \u2013 areas critical to understanding the impact of digital environments on children and adolescents.<\/p>\n\n\n<div class=\"wp-block-image\">\n<figure class=\"alignleft size-full is-resized\"><img loading=\"lazy\" decoding=\"async\" width=\"600\" height=\"800\" src=\"https:\/\/www.yorku.ca\/yfile\/wp-content\/uploads\/sites\/889\/2025\/01\/Ana-Kubrusly-edited.jpg\" alt=\"Ana Kubrusly\" class=\"wp-image-372026\" style=\"width:249px;height:auto\" srcset=\"https:\/\/www.yorku.ca\/yfile\/wp-content\/uploads\/sites\/889\/2025\/01\/Ana-Kubrusly-edited.jpg 600w, https:\/\/www.yorku.ca\/yfile\/wp-content\/uploads\/sites\/889\/2025\/01\/Ana-Kubrusly-edited-300x400.jpg 300w\" sizes=\"auto, (max-width: 600px) 100vw, 600px\" \/><figcaption class=\"wp-element-caption\">Ana Kubrusly<\/figcaption><\/figure>\n<\/div>\n\n\n<p>Kubrusly\u2019s research focuses on the relationships between young people and digital environments, with particular attention to literacy, skills, well-being and digital cultures. She has contributed to significant projects in Europe, including the Youth Skills (ySKILLS) consortium. In 2024, she completed a research stay at the School of Communication, Media and Information at Funda\u00e7\u00e3o Get\u00falio Vargas (ECMI FGV) in Rio de Janeiro, Brazil, where she delivered lectures to undergraduate students and presented her work to faculty and researchers.<\/p>\n\n\n\n<p>In addition to contributing to Coulter\u2019s work, Kubrusly will advance her doctoral dissertation, \u201cDigital Well-being According to Youth: Perspectives, Strategies, and Recommendations.\u201d This project adopts a child-centric and mixed-methods approach to understand how children conceptualize, manage and imagine their own digital well-being.<\/p>\n\n\n\n<p>\u201cI\u2019m thrilled to join IRDL and engage with the incredible work being done in the field of digital literacies and cultures,\u201d Kubrusly says. \u201cI\u2019m confident this opportunity will be a gamechanger for my PhD journey.\u201d<\/p>\n\n\n\n<p>Kubrusly will also organize a workshop at RIDL focused on youth-centred methods for exploring digital cultures and experiences. \u201cI hope it will be an opportunity to share and learn more about innovative approaches to understanding youth perspectives,\u201d she says.<\/p>\n\n\n\n<p><em>With files from Natalie Coulter<\/em><\/p>\n\n\n\n<p><\/p>\n","protected":false},"excerpt":{"rendered":"<p>Funded by the Portuguese Foundation for Science and Technology, PhD candidate Ana Kubrusly's collaboration with York University will advance research on digital well-being of youth and adolescents.<\/p>\n","protected":false},"author":2386,"featured_media":346543,"comment_status":"closed","ping_status":"closed","sticky":false,"template":"","format":"standard","meta":{"_acf_changed":false,"_kad_blocks_custom_css":"","_kad_blocks_head_custom_js":"","_kad_blocks_body_custom_js":"","_kad_blocks_footer_custom_js":"","footnotes":""},"categories":[11,22],"tags":[6,9,21,4],"yfileauthor":[204],"qualifier":[199],"yfile-author":[304],"tags-to-show":[147,175,154],"workflow":[],"class_list":["post-372024","post","type-post","status-publish","format-standard","has-post-thumbnail","hentry","category-latest-news","category-research-innovation","tag-faculty","tag-international","tag-research","tag-yfile","yfileauthor-yfilestaff","qualifier-edited-by","yfile-author-ashley-goodfellow-craig","tags-to-show-faculty","tags-to-show-international","tags-to-show-research"],"acf":{"internal_publish_date":null,"original_image":null},"yoast_head":"<!-- This site is optimized with the Yoast SEO plugin v27.4 - https:\/\/yoast.com\/product\/yoast-seo-wordpress\/ -->\n<title>International scholar to advance digital literacy research at York U - YFile<\/title>\n<meta name=\"robots\" content=\"index, follow, max-snippet:-1, max-image-preview:large, max-video-preview:-1\" \/>\n<link rel=\"canonical\" href=\"https:\/\/www.yorku.ca\/yfile\/2025\/01\/22\/international-scholar-to-advance-digital-literacy-research-at-york-u\/\" \/>\n<meta property=\"og:locale\" content=\"en_US\" \/>\n<meta property=\"og:type\" content=\"article\" \/>\n<meta property=\"og:title\" content=\"International scholar to advance digital literacy research at York U - YFile\" \/>\n<meta property=\"og:description\" content=\"Funded by the Portuguese Foundation for Science and Technology, PhD candidate Ana Kubrusly&#039;s collaboration with York University will advance research on digital well-being of youth and adolescents.\" \/>\n<meta property=\"og:url\" content=\"https:\/\/www.yorku.ca\/yfile\/2025\/01\/22\/international-scholar-to-advance-digital-literacy-research-at-york-u\/\" \/>\n<meta property=\"og:site_name\" content=\"YFile\" \/>\n<meta property=\"article:published_time\" content=\"2025-01-22T19:53:11+00:00\" \/>\n<meta property=\"article:modified_time\" content=\"2025-01-23T02:16:39+00:00\" \/>\n<meta property=\"og:image\" content=\"https:\/\/www.yorku.ca\/yfile\/wp-content\/uploads\/sites\/889\/2023\/12\/person-using-smartphone.jpg\" \/>\n\t<meta property=\"og:image:width\" content=\"1800\" \/>\n\t<meta property=\"og:image:height\" content=\"600\" \/>\n\t<meta property=\"og:image:type\" content=\"image\/jpeg\" \/>\n<meta name=\"author\" content=\"ashleygc\" \/>\n<meta name=\"twitter:card\" content=\"summary_large_image\" \/>\n<meta name=\"twitter:label1\" content=\"Written by\" \/>\n\t<meta name=\"twitter:data1\" content=\"ashleygc\" \/>\n\t<meta name=\"twitter:label2\" content=\"Est. reading time\" \/>\n\t<meta name=\"twitter:data2\" content=\"4 minutes\" \/>\n<script type=\"application\/ld+json\" class=\"yoast-schema-graph\">{\"@context\":\"https:\\\/\\\/schema.org\",\"@graph\":[{\"@type\":\"Article\",\"@id\":\"https:\\\/\\\/www.yorku.ca\\\/yfile\\\/2025\\\/01\\\/22\\\/international-scholar-to-advance-digital-literacy-research-at-york-u\\\/#article\",\"isPartOf\":{\"@id\":\"https:\\\/\\\/www.yorku.ca\\\/yfile\\\/2025\\\/01\\\/22\\\/international-scholar-to-advance-digital-literacy-research-at-york-u\\\/\"},\"author\":{\"name\":\"ashleygc\",\"@id\":\"https:\\\/\\\/www.yorku.ca\\\/yfile\\\/#\\\/schema\\\/person\\\/c31100c4bc540ab4f738557fdc4232d6\"},\"headline\":\"International scholar to advance digital literacy research at York U\",\"datePublished\":\"2025-01-22T19:53:11+00:00\",\"dateModified\":\"2025-01-23T02:16:39+00:00\",\"mainEntityOfPage\":{\"@id\":\"https:\\\/\\\/www.yorku.ca\\\/yfile\\\/2025\\\/01\\\/22\\\/international-scholar-to-advance-digital-literacy-research-at-york-u\\\/\"},\"wordCount\":309,\"image\":{\"@id\":\"https:\\\/\\\/www.yorku.ca\\\/yfile\\\/2025\\\/01\\\/22\\\/international-scholar-to-advance-digital-literacy-research-at-york-u\\\/#primaryimage\"},\"thumbnailUrl\":\"https:\\\/\\\/www.yorku.ca\\\/yfile\\\/wp-content\\\/uploads\\\/sites\\\/889\\\/2023\\\/12\\\/person-using-smartphone.jpg\",\"keywords\":[\"Faculty\",\"International\",\"Research\",\"YFile\"],\"articleSection\":[\"Latest News\",\"Research &amp; Innovation\"],\"inLanguage\":\"en-CA\",\"copyrightYear\":\"2025\",\"copyrightHolder\":{\"@id\":\"https:\\\/\\\/www.yorku.ca\\\/yfile\\\/#organization\"}},{\"@type\":\"WebPage\",\"@id\":\"https:\\\/\\\/www.yorku.ca\\\/yfile\\\/2025\\\/01\\\/22\\\/international-scholar-to-advance-digital-literacy-research-at-york-u\\\/\",\"url\":\"https:\\\/\\\/www.yorku.ca\\\/yfile\\\/2025\\\/01\\\/22\\\/international-scholar-to-advance-digital-literacy-research-at-york-u\\\/\",\"name\":\"International scholar to advance digital literacy research at York U - YFile\",\"isPartOf\":{\"@id\":\"https:\\\/\\\/www.yorku.ca\\\/yfile\\\/#website\"},\"primaryImageOfPage\":{\"@id\":\"https:\\\/\\\/www.yorku.ca\\\/yfile\\\/2025\\\/01\\\/22\\\/international-scholar-to-advance-digital-literacy-research-at-york-u\\\/#primaryimage\"},\"image\":{\"@id\":\"https:\\\/\\\/www.yorku.ca\\\/yfile\\\/2025\\\/01\\\/22\\\/international-scholar-to-advance-digital-literacy-research-at-york-u\\\/#primaryimage\"},\"thumbnailUrl\":\"https:\\\/\\\/www.yorku.ca\\\/yfile\\\/wp-content\\\/uploads\\\/sites\\\/889\\\/2023\\\/12\\\/person-using-smartphone.jpg\",\"datePublished\":\"2025-01-22T19:53:11+00:00\",\"dateModified\":\"2025-01-23T02:16:39+00:00\",\"author\":{\"@id\":\"https:\\\/\\\/www.yorku.ca\\\/yfile\\\/#\\\/schema\\\/person\\\/c31100c4bc540ab4f738557fdc4232d6\"},\"breadcrumb\":{\"@id\":\"https:\\\/\\\/www.yorku.ca\\\/yfile\\\/2025\\\/01\\\/22\\\/international-scholar-to-advance-digital-literacy-research-at-york-u\\\/#breadcrumb\"},\"inLanguage\":\"en-CA\",\"potentialAction\":[{\"@type\":\"ReadAction\",\"target\":[\"https:\\\/\\\/www.yorku.ca\\\/yfile\\\/2025\\\/01\\\/22\\\/international-scholar-to-advance-digital-literacy-research-at-york-u\\\/\"]}]},{\"@type\":\"ImageObject\",\"inLanguage\":\"en-CA\",\"@id\":\"https:\\\/\\\/www.yorku.ca\\\/yfile\\\/2025\\\/01\\\/22\\\/international-scholar-to-advance-digital-literacy-research-at-york-u\\\/#primaryimage\",\"url\":\"https:\\\/\\\/www.yorku.ca\\\/yfile\\\/wp-content\\\/uploads\\\/sites\\\/889\\\/2023\\\/12\\\/person-using-smartphone.jpg\",\"contentUrl\":\"https:\\\/\\\/www.yorku.ca\\\/yfile\\\/wp-content\\\/uploads\\\/sites\\\/889\\\/2023\\\/12\\\/person-using-smartphone.jpg\",\"width\":1800,\"height\":600},{\"@type\":\"BreadcrumbList\",\"@id\":\"https:\\\/\\\/www.yorku.ca\\\/yfile\\\/2025\\\/01\\\/22\\\/international-scholar-to-advance-digital-literacy-research-at-york-u\\\/#breadcrumb\",\"itemListElement\":[{\"@type\":\"ListItem\",\"position\":1,\"name\":\"Home\",\"item\":\"https:\\\/\\\/www.yorku.ca\\\/yfile\\\/\"},{\"@type\":\"ListItem\",\"position\":2,\"name\":\"International scholar to advance digital literacy research at York U\"}]},{\"@type\":\"WebSite\",\"@id\":\"https:\\\/\\\/www.yorku.ca\\\/yfile\\\/#website\",\"url\":\"https:\\\/\\\/www.yorku.ca\\\/yfile\\\/\",\"name\":\"YFile\",\"description\":\"\",\"potentialAction\":[{\"@type\":\"SearchAction\",\"target\":{\"@type\":\"EntryPoint\",\"urlTemplate\":\"https:\\\/\\\/www.yorku.ca\\\/yfile\\\/?s={search_term_string}\"},\"query-input\":{\"@type\":\"PropertyValueSpecification\",\"valueRequired\":true,\"valueName\":\"search_term_string\"}}],\"inLanguage\":\"en-CA\"},{\"@type\":\"Person\",\"@id\":\"https:\\\/\\\/www.yorku.ca\\\/yfile\\\/#\\\/schema\\\/person\\\/c31100c4bc540ab4f738557fdc4232d6\",\"name\":\"ashleygc\",\"image\":{\"@type\":\"ImageObject\",\"inLanguage\":\"en-CA\",\"@id\":\"https:\\\/\\\/secure.gravatar.com\\\/avatar\\\/29c936e1b9ea858bc3a60b4e624751572a1d0582545fc64ca5adcc2adc837d6e?s=96&d=mm&r=g\",\"url\":\"https:\\\/\\\/secure.gravatar.com\\\/avatar\\\/29c936e1b9ea858bc3a60b4e624751572a1d0582545fc64ca5adcc2adc837d6e?s=96&d=mm&r=g\",\"contentUrl\":\"https:\\\/\\\/secure.gravatar.com\\\/avatar\\\/29c936e1b9ea858bc3a60b4e624751572a1d0582545fc64ca5adcc2adc837d6e?s=96&d=mm&r=g\",\"caption\":\"ashleygc\"},\"url\":\"https:\\\/\\\/www.yorku.ca\\\/yfile\\\/author\\\/ashleygc\\\/\"}]}<\/script>\n<!-- \/ Yoast SEO plugin. -->","yoast_head_json":{"title":"International scholar to advance digital literacy research at York U - YFile","robots":{"index":"index","follow":"follow","max-snippet":"max-snippet:-1","max-image-preview":"max-image-preview:large","max-video-preview":"max-video-preview:-1"},"canonical":"https:\/\/www.yorku.ca\/yfile\/2025\/01\/22\/international-scholar-to-advance-digital-literacy-research-at-york-u\/","og_locale":"en_US","og_type":"article","og_title":"International scholar to advance digital literacy research at York U - YFile","og_description":"Funded by the Portuguese Foundation for Science and Technology, PhD candidate Ana Kubrusly's collaboration with York University will advance research on digital well-being of youth and adolescents.","og_url":"https:\/\/www.yorku.ca\/yfile\/2025\/01\/22\/international-scholar-to-advance-digital-literacy-research-at-york-u\/","og_site_name":"YFile","article_published_time":"2025-01-22T19:53:11+00:00","article_modified_time":"2025-01-23T02:16:39+00:00","og_image":[{"width":1800,"height":600,"url":"https:\/\/www.yorku.ca\/yfile\/wp-content\/uploads\/sites\/889\/2023\/12\/person-using-smartphone.jpg","type":"image\/jpeg"}],"author":"ashleygc","twitter_card":"summary_large_image","twitter_misc":{"Written by":"ashleygc","Est. reading time":"4 minutes"},"schema":{"@context":"https:\/\/schema.org","@graph":[{"@type":"Article","@id":"https:\/\/www.yorku.ca\/yfile\/2025\/01\/22\/international-scholar-to-advance-digital-literacy-research-at-york-u\/#article","isPartOf":{"@id":"https:\/\/www.yorku.ca\/yfile\/2025\/01\/22\/international-scholar-to-advance-digital-literacy-research-at-york-u\/"},"author":{"name":"ashleygc","@id":"https:\/\/www.yorku.ca\/yfile\/#\/schema\/person\/c31100c4bc540ab4f738557fdc4232d6"},"headline":"International scholar to advance digital literacy research at York U","datePublished":"2025-01-22T19:53:11+00:00","dateModified":"2025-01-23T02:16:39+00:00","mainEntityOfPage":{"@id":"https:\/\/www.yorku.ca\/yfile\/2025\/01\/22\/international-scholar-to-advance-digital-literacy-research-at-york-u\/"},"wordCount":309,"image":{"@id":"https:\/\/www.yorku.ca\/yfile\/2025\/01\/22\/international-scholar-to-advance-digital-literacy-research-at-york-u\/#primaryimage"},"thumbnailUrl":"https:\/\/www.yorku.ca\/yfile\/wp-content\/uploads\/sites\/889\/2023\/12\/person-using-smartphone.jpg","keywords":["Faculty","International","Research","YFile"],"articleSection":["Latest News","Research &amp; Innovation"],"inLanguage":"en-CA","copyrightYear":"2025","copyrightHolder":{"@id":"https:\/\/www.yorku.ca\/yfile\/#organization"}},{"@type":"WebPage","@id":"https:\/\/www.yorku.ca\/yfile\/2025\/01\/22\/international-scholar-to-advance-digital-literacy-research-at-york-u\/","url":"https:\/\/www.yorku.ca\/yfile\/2025\/01\/22\/international-scholar-to-advance-digital-literacy-research-at-york-u\/","name":"International scholar to advance digital literacy research at York U - YFile","isPartOf":{"@id":"https:\/\/www.yorku.ca\/yfile\/#website"},"primaryImageOfPage":{"@id":"https:\/\/www.yorku.ca\/yfile\/2025\/01\/22\/international-scholar-to-advance-digital-literacy-research-at-york-u\/#primaryimage"},"image":{"@id":"https:\/\/www.yorku.ca\/yfile\/2025\/01\/22\/international-scholar-to-advance-digital-literacy-research-at-york-u\/#primaryimage"},"thumbnailUrl":"https:\/\/www.yorku.ca\/yfile\/wp-content\/uploads\/sites\/889\/2023\/12\/person-using-smartphone.jpg","datePublished":"2025-01-22T19:53:11+00:00","dateModified":"2025-01-23T02:16:39+00:00","author":{"@id":"https:\/\/www.yorku.ca\/yfile\/#\/schema\/person\/c31100c4bc540ab4f738557fdc4232d6"},"breadcrumb":{"@id":"https:\/\/www.yorku.ca\/yfile\/2025\/01\/22\/international-scholar-to-advance-digital-literacy-research-at-york-u\/#breadcrumb"},"inLanguage":"en-CA","potentialAction":[{"@type":"ReadAction","target":["https:\/\/www.yorku.ca\/yfile\/2025\/01\/22\/international-scholar-to-advance-digital-literacy-research-at-york-u\/"]}]},{"@type":"ImageObject","inLanguage":"en-CA","@id":"https:\/\/www.yorku.ca\/yfile\/2025\/01\/22\/international-scholar-to-advance-digital-literacy-research-at-york-u\/#primaryimage","url":"https:\/\/www.yorku.ca\/yfile\/wp-content\/uploads\/sites\/889\/2023\/12\/person-using-smartphone.jpg","contentUrl":"https:\/\/www.yorku.ca\/yfile\/wp-content\/uploads\/sites\/889\/2023\/12\/person-using-smartphone.jpg","width":1800,"height":600},{"@type":"BreadcrumbList","@id":"https:\/\/www.yorku.ca\/yfile\/2025\/01\/22\/international-scholar-to-advance-digital-literacy-research-at-york-u\/#breadcrumb","itemListElement":[{"@type":"ListItem","position":1,"name":"Home","item":"https:\/\/www.yorku.ca\/yfile\/"},{"@type":"ListItem","position":2,"name":"International scholar to advance digital literacy research at York U"}]},{"@type":"WebSite","@id":"https:\/\/www.yorku.ca\/yfile\/#website","url":"https:\/\/www.yorku.ca\/yfile\/","name":"YFile","description":"","potentialAction":[{"@type":"SearchAction","target":{"@type":"EntryPoint","urlTemplate":"https:\/\/www.yorku.ca\/yfile\/?s={search_term_string}"},"query-input":{"@type":"PropertyValueSpecification","valueRequired":true,"valueName":"search_term_string"}}],"inLanguage":"en-CA"},{"@type":"Person","@id":"https:\/\/www.yorku.ca\/yfile\/#\/schema\/person\/c31100c4bc540ab4f738557fdc4232d6","name":"ashleygc","image":{"@type":"ImageObject","inLanguage":"en-CA","@id":"https:\/\/secure.gravatar.com\/avatar\/29c936e1b9ea858bc3a60b4e624751572a1d0582545fc64ca5adcc2adc837d6e?s=96&d=mm&r=g","url":"https:\/\/secure.gravatar.com\/avatar\/29c936e1b9ea858bc3a60b4e624751572a1d0582545fc64ca5adcc2adc837d6e?s=96&d=mm&r=g","contentUrl":"https:\/\/secure.gravatar.com\/avatar\/29c936e1b9ea858bc3a60b4e624751572a1d0582545fc64ca5adcc2adc837d6e?s=96&d=mm&r=g","caption":"ashleygc"},"url":"https:\/\/www.yorku.ca\/yfile\/author\/ashleygc\/"}]}},"taxonomy_info":{"category":[{"value":11,"label":"Latest News"},{"value":22,"label":"Research &amp; Innovation"}],"post_tag":[{"value":6,"label":"Faculty"},{"value":9,"label":"International"},{"value":21,"label":"Research"},{"value":4,"label":"YFile"}],"yfileauthor":[{"value":204,"label":"YFile Staff"}],"qualifier":[{"value":199,"label":"Edited by"}],"yfile-author":[{"value":304,"label":"Ashley Goodfellow Craig"}],"tags-to-show":[{"value":147,"label":"Faculty"},{"value":175,"label":"International"},{"value":154,"label":"Research"}]},"featured_image_src_large":["https:\/\/www.yorku.ca\/yfile\/wp-content\/uploads\/sites\/889\/2023\/12\/person-using-smartphone-1024x341.jpg",1024,341,true],"author_info":{"display_name":"ashleygc","author_link":"https:\/\/www.yorku.ca\/yfile\/author\/ashleygc\/"},"comment_info":0,"category_info":[{"term_id":11,"name":"Latest News","slug":"latest-news","term_group":0,"term_taxonomy_id":11,"taxonomy":"category","description":"","parent":0,"count":12677,"filter":"raw","cat_ID":11,"category_count":12677,"category_description":"","cat_name":"Latest News","category_nicename":"latest-news","category_parent":0},{"term_id":22,"name":"Research &amp; Innovation","slug":"research-innovation","term_group":0,"term_taxonomy_id":22,"taxonomy":"category","description":"","parent":0,"count":1338,"filter":"raw","cat_ID":22,"category_count":1338,"category_description":"","cat_name":"Research &amp; Innovation","category_nicename":"research-innovation","category_parent":0}],"tag_info":[{"term_id":6,"name":"Faculty","slug":"faculty","term_group":0,"term_taxonomy_id":6,"taxonomy":"post_tag","description":"","parent":0,"count":2009,"filter":"raw"},{"term_id":9,"name":"International","slug":"international","term_group":0,"term_taxonomy_id":9,"taxonomy":"post_tag","description":"","parent":0,"count":369,"filter":"raw"},{"term_id":21,"name":"Research","slug":"research","term_group":0,"term_taxonomy_id":21,"taxonomy":"post_tag","description":"","parent":0,"count":2313,"filter":"raw"},{"term_id":4,"name":"YFile","slug":"yfile","term_group":0,"term_taxonomy_id":4,"taxonomy":"post_tag","description":"","parent":0,"count":5305,"filter":"raw"}],"_links":{"self":[{"href":"https:\/\/www.yorku.ca\/yfile\/wp-json\/wp\/v2\/posts\/372024","targetHints":{"allow":["GET"]}}],"collection":[{"href":"https:\/\/www.yorku.ca\/yfile\/wp-json\/wp\/v2\/posts"}],"about":[{"href":"https:\/\/www.yorku.ca\/yfile\/wp-json\/wp\/v2\/types\/post"}],"author":[{"embeddable":true,"href":"https:\/\/www.yorku.ca\/yfile\/wp-json\/wp\/v2\/users\/2386"}],"replies":[{"embeddable":true,"href":"https:\/\/www.yorku.ca\/yfile\/wp-json\/wp\/v2\/comments?post=372024"}],"version-history":[{"count":7,"href":"https:\/\/www.yorku.ca\/yfile\/wp-json\/wp\/v2\/posts\/372024\/revisions"}],"predecessor-version":[{"id":372293,"href":"https:\/\/www.yorku.ca\/yfile\/wp-json\/wp\/v2\/posts\/372024\/revisions\/372293"}],"wp:featuredmedia":[{"embeddable":true,"href":"https:\/\/www.yorku.ca\/yfile\/wp-json\/wp\/v2\/media\/346543"}],"wp:attachment":[{"href":"https:\/\/www.yorku.ca\/yfile\/wp-json\/wp\/v2\/media?parent=372024"}],"wp:term":[{"taxonomy":"category","embeddable":true,"href":"https:\/\/www.yorku.ca\/yfile\/wp-json\/wp\/v2\/categories?post=372024"},{"taxonomy":"post_tag","embeddable":true,"href":"https:\/\/www.yorku.ca\/yfile\/wp-json\/wp\/v2\/tags?post=372024"},{"taxonomy":"yfileauthor","embeddable":true,"href":"https:\/\/www.yorku.ca\/yfile\/wp-json\/wp\/v2\/yfileauthor?post=372024"},{"taxonomy":"qualifier","embeddable":true,"href":"https:\/\/www.yorku.ca\/yfile\/wp-json\/wp\/v2\/qualifier?post=372024"},{"taxonomy":"yfile-author","embeddable":true,"href":"https:\/\/www.yorku.ca\/yfile\/wp-json\/wp\/v2\/yfile-author?post=372024"},{"taxonomy":"tags-to-show","embeddable":true,"href":"https:\/\/www.yorku.ca\/yfile\/wp-json\/wp\/v2\/tags-to-show?post=372024"},{"taxonomy":"workflow","embeddable":true,"href":"https:\/\/www.yorku.ca\/yfile\/wp-json\/wp\/v2\/workflow?post=372024"}],"curies":[{"name":"wp","href":"https:\/\/api.w.org\/{rel}","templated":true}]}}