{"id":373418,"date":"2025-03-05T15:54:14","date_gmt":"2025-03-05T20:54:14","guid":{"rendered":"https:\/\/www.yorku.ca\/yfile\/?p=373418"},"modified":"2025-12-17T10:58:38","modified_gmt":"2025-12-17T15:58:38","slug":"luniversite-york-celebre-la-journee-internationale-des-femmes","status":"publish","type":"post","link":"https:\/\/www.yorku.ca\/yfile\/2025\/03\/05\/luniversite-york-celebre-la-journee-internationale-des-femmes\/","title":{"rendered":"L\u2019Universit\u00e9 York c\u00e9l\u00e8bre la Journ\u00e9e internationale des femmes"},"content":{"rendered":"\n<h3 class=\"wp-block-heading\">Le 8 mars, des personnes du monde entier souligneront les contributions des filles et des femmes, en mettant l\u2019accent sur des questions comme l\u2019\u00e9galit\u00e9 des genres, la violence et les violations bas\u00e9es sur le genre, et la justice reproductive.<\/h3>\n\n\n\n<div style=\"height:20px\" aria-hidden=\"true\" class=\"wp-block-spacer\"><\/div>\n\n\n\n<p>L\u2019Universit\u00e9 York est depuis longtemps r\u00e9put\u00e9e pour son leadership en mati\u00e8re d\u2019\u00e9tudes et de recherche sur l\u2019\u00e9galit\u00e9 des genres. Les efforts collectifs des membres de sa communaut\u00e9 \u00e9tudiante, de ses corps professoral et enseignant, de son personnel et de sa communaut\u00e9 de dipl\u00f4m\u00e9s ont permis de faire progresser de mani\u00e8re importante l\u2019<a href=\"https:\/\/www.yorku.ca\/unsdgs\/gender-equality\/?lang=fr\" target=\"_blank\" rel=\"noreferrer noopener\">objectif de d\u00e9veloppement durable n\u00b0 5 des Nations Unies : \u00e9galit\u00e9 entre les sexes<\/a> et le th\u00e8me 2025 de la Journ\u00e9e internationale des femmes des Nations Unies, qui est : \u00ab Pour TOUTES les femmes et les filles : droits, \u00e9galit\u00e9 et autonomisation \u00bb.<\/p>\n\n\n\n<p>Parmi les nombreuses r\u00e9alisations de notre communaut\u00e9 dans ce domaine, on peut citer :<\/p>\n\n\n\n<ul class=\"wp-block-list\">\n<li><strong>Alina Khan<\/strong>, <strong>Anushka Nair<\/strong>, <strong>Parmin Rahimpoor-Marnani<\/strong>, <strong>Parminda Shokoohi<\/strong> et <strong>Mina Soufi<\/strong>, \u00e9tudiantes et dipl\u00f4m\u00e9es de la Facult\u00e9 de la sant\u00e9, ont fond\u00e9 <a href=\"https:\/\/www.instagram.com\/hygienehavenyu\/\" target=\"_blank\" rel=\"noreferrer noopener\">Hygiene Haven<\/a> pour r\u00e9pondre aux besoins en mati\u00e8re de sant\u00e9 g\u00e9n\u00e9sique et menstruelle des femmes mal desservies, notamment celles qui sont en situation d\u2019itin\u00e9rance et de pauvret\u00e9. Leur initiative est financ\u00e9e par le programme <a href=\"https:\/\/www.yorku.ca\/colleges\/ccsc\/agents-of-change\/\" target=\"_blank\" rel=\"noreferrer noopener\">Agents of Change<\/a> des Coll\u00e8ges Calumet &amp; Stong, un catalyseur pour les \u00e9tudiantes et \u00e9tudiants de York qui apportent un changement positif par le biais d\u2019une entreprise sociale ax\u00e9e sur la sant\u00e9.<\/li>\n<\/ul>\n\n\n\n<ul class=\"wp-block-list\">\n<li>Dirig\u00e9 par des membres du personnel de la division Recherche et innovation, en collaboration avec des partenaires communautaires et de l\u2019industrie, le <a href=\"https:\/\/www.yorku.ca\/yspace\/ella\/?lang=fr\" target=\"_blank\" rel=\"noreferrer noopener\">programme d\u2019acc\u00e9l\u00e9ration ELLA pour entrepreneures<\/a> donne aux femmes les moyens d\u2019agir.<\/li>\n<\/ul>\n\n\n\n<ul class=\"wp-block-list\">\n<li>Le programme de mentorat <a href=\"https:\/\/www.yorku.ca\/laps\/advancing-yu\/\" target=\"_blank\" rel=\"noreferrer noopener\">Advancing YU<\/a> de la Facult\u00e9 d\u2019arts lib\u00e9raux et d\u2019\u00e9tudes professionnelles permet la rencontre d\u2019\u00e9tudiantes de premier cycle avec des dipl\u00f4m\u00e9es de l\u2019Universit\u00e9 York qui ont bien r\u00e9ussi. Gr\u00e2ce \u00e0 des r\u00e9unions avec leurs mentors, au travail avec le Centre de carri\u00e8re, \u00e0 des ateliers et \u00e0 des r\u00e9flexions personnelles, les \u00e9tudiantes sont incit\u00e9es \u00e0 imaginer et \u00e0 pr\u00e9parer leur avenir professionnel.<\/li>\n<\/ul>\n\n\n\n<ul class=\"wp-block-list\">\n<li>En int\u00e9grant la cr\u00e9ativit\u00e9, la communaut\u00e9 et l\u2019autonomisation, les femmes qui ont purg\u00e9 une peine dans les prisons canadiennes imaginent un avenir plus prometteur et retrouvent un sentiment de joie gr\u00e2ce \u00e0 un <a href=\"https:\/\/www.yorku.ca\/yfile\/2025\/01\/22\/restorative-art-project-helps-former-inmates-heal-through-creativity\/\" target=\"_blank\" rel=\"noreferrer noopener\">programme d\u2019art r\u00e9parateur<\/a>, <a href=\"https:\/\/thecircleproject.online\/\" target=\"_blank\" rel=\"noreferrer noopener\">The Circle Project<\/a>, codirig\u00e9 par <strong>Brenda Longfellow<\/strong>, cin\u00e9aste et professeure \u00e0 l\u2019Universit\u00e9 York.<\/li>\n<\/ul>\n\n\n\n<ul class=\"wp-block-list\">\n<li>Les r\u00e9alisations de dipl\u00f4m\u00e9es remarquables de York, comme <a href=\"https:\/\/www.yorku.ca\/yfile\/2025\/01\/10\/york-u-alumna-makes-history-as-ghanas-first-female-vice-president\/\" target=\"_blank\" rel=\"noreferrer noopener\"><strong>Jane Naana Opoku-Agyemang<\/strong><\/a>, premi\u00e8re femme vice-pr\u00e9sidente du Ghana, illustrent l\u2019incidence que les femmes dirigeantes peuvent avoir sur l\u2019avancement soci\u00e9tal.<\/li>\n<\/ul>\n\n\n\n<p>Nous vous invitons \u00e0 participer \u00e0 la Journ\u00e9e internationale des femmes pour c\u00e9l\u00e9brer les r\u00e9alisations culturelles, \u00e9conomiques, politiques et sociales des femmes et des filles dans le monde entier, et pour en savoir plus sur les obstacles \u00e0 l\u2019\u00e9galit\u00e9 des genres qui subsistent toujours. Ensemble, nous pouvons faire en sorte que chaque personne ait la possibilit\u00e9 de s\u2019\u00e9panouir et de contribuer \u00e0 un avenir plus \u00e9quitable et plus prosp\u00e8re.<\/p>\n\n\n\n<p>Merci. Thank you. Miigwech.<\/p>\n\n\n\n<p><strong>Rhonda L. Lenton<\/strong><br><strong>&nbsp;Pr\u00e9sidente et vice-chanceli\u00e8re&nbsp;&nbsp;&nbsp;&nbsp;&nbsp;<\/strong><\/p>\n\n\n\n<p><strong>Laina Y. Bay-Cheng<\/strong><br><strong>&nbsp;Vice-pr\u00e9sidente de l\u2019\u00e9quit\u00e9, des personnes et de la culture<\/strong><\/p>\n","protected":false},"excerpt":{"rendered":"<p>Le 8 mars, des personnes du monde entier souligneront les contributions des filles et des femmes, en mettant l\u2019accent sur des questions comme l\u2019\u00e9galit\u00e9 des genres, la violence et les violations bas\u00e9es sur le genre, et la justice reproductive. L\u2019Universit\u00e9 York est depuis longtemps r\u00e9put\u00e9e pour son leadership en mati\u00e8re d\u2019\u00e9tudes et de recherche sur [&hellip;]<\/p>\n","protected":false},"author":2293,"featured_media":0,"comment_status":"closed","ping_status":"closed","sticky":false,"template":"","format":"standard","meta":{"_acf_changed":false,"_kad_blocks_custom_css":"","_kad_blocks_head_custom_js":"","_kad_blocks_body_custom_js":"","_kad_blocks_footer_custom_js":"","footnotes":""},"categories":[181],"tags":[58,29,33,6,63,10,26,50,15,12,4],"yfileauthor":[204],"qualifier":[],"yfile-author":[],"tags-to-show":[172,149,145,177,147,162,150,158,148,146],"workflow":[],"class_list":["post-373418","post","type-post","status-publish","format-standard","hentry","category-francais","tag-ampd","tag-community","tag-equity","tag-faculty","tag-faculty-of-health","tag-laps","tag-president","tag-sdg-5","tag-sdg","tag-students","tag-yfile","yfileauthor-yfilestaff","tags-to-show-ampd","tags-to-show-bipoc","tags-to-show-community","tags-to-show-equity-diversity-inclusion-edi","tags-to-show-faculty","tags-to-show-faculty-of-health","tags-to-show-laps","tags-to-show-sdg","tags-to-show-staff","tags-to-show-students"],"acf":{"internal_publish_date":null,"original_image":null},"yoast_head":"<!-- This site is optimized with the Yoast SEO plugin v27.4 - https:\/\/yoast.com\/product\/yoast-seo-wordpress\/ -->\n<title>L\u2019Universit\u00e9 York c\u00e9l\u00e8bre la Journ\u00e9e internationale des femmes - YFile<\/title>\n<meta name=\"robots\" content=\"index, follow, max-snippet:-1, max-image-preview:large, max-video-preview:-1\" \/>\n<link rel=\"canonical\" href=\"https:\/\/www.yorku.ca\/yfile\/2025\/03\/05\/luniversite-york-celebre-la-journee-internationale-des-femmes\/\" \/>\n<meta property=\"og:locale\" content=\"en_US\" \/>\n<meta property=\"og:type\" content=\"article\" \/>\n<meta property=\"og:title\" content=\"L\u2019Universit\u00e9 York c\u00e9l\u00e8bre la Journ\u00e9e internationale des femmes - YFile\" \/>\n<meta property=\"og:description\" content=\"Le 8 mars, des personnes du monde entier souligneront les contributions des filles et des femmes, en mettant l\u2019accent sur des questions comme l\u2019\u00e9galit\u00e9 des genres, la violence et les violations bas\u00e9es sur le genre, et la justice reproductive. L\u2019Universit\u00e9 York est depuis longtemps r\u00e9put\u00e9e pour son leadership en mati\u00e8re d\u2019\u00e9tudes et de recherche sur [&hellip;]\" \/>\n<meta property=\"og:url\" content=\"https:\/\/www.yorku.ca\/yfile\/2025\/03\/05\/luniversite-york-celebre-la-journee-internationale-des-femmes\/\" \/>\n<meta property=\"og:site_name\" content=\"YFile\" \/>\n<meta property=\"article:published_time\" content=\"2025-03-05T20:54:14+00:00\" \/>\n<meta property=\"article:modified_time\" content=\"2025-12-17T15:58:38+00:00\" \/>\n<meta name=\"author\" content=\"alexhuls\" \/>\n<meta name=\"twitter:card\" content=\"summary_large_image\" \/>\n<meta name=\"twitter:label1\" content=\"Written by\" \/>\n\t<meta name=\"twitter:data1\" content=\"alexhuls\" \/>\n\t<meta name=\"twitter:label2\" content=\"Est. reading time\" \/>\n\t<meta name=\"twitter:data2\" content=\"5 minutes\" \/>\n<script type=\"application\/ld+json\" class=\"yoast-schema-graph\">{\"@context\":\"https:\\\/\\\/schema.org\",\"@graph\":[{\"@type\":\"Article\",\"@id\":\"https:\\\/\\\/www.yorku.ca\\\/yfile\\\/2025\\\/03\\\/05\\\/luniversite-york-celebre-la-journee-internationale-des-femmes\\\/#article\",\"isPartOf\":{\"@id\":\"https:\\\/\\\/www.yorku.ca\\\/yfile\\\/2025\\\/03\\\/05\\\/luniversite-york-celebre-la-journee-internationale-des-femmes\\\/\"},\"author\":{\"name\":\"alexhuls\",\"@id\":\"https:\\\/\\\/www.yorku.ca\\\/yfile\\\/#\\\/schema\\\/person\\\/f385c839cd5e89f5c32dce8c973ef2db\"},\"headline\":\"L\u2019Universit\u00e9 York c\u00e9l\u00e8bre la Journ\u00e9e internationale des femmes\",\"datePublished\":\"2025-03-05T20:54:14+00:00\",\"dateModified\":\"2025-12-17T15:58:38+00:00\",\"mainEntityOfPage\":{\"@id\":\"https:\\\/\\\/www.yorku.ca\\\/yfile\\\/2025\\\/03\\\/05\\\/luniversite-york-celebre-la-journee-internationale-des-femmes\\\/\"},\"wordCount\":575,\"keywords\":[\"AMPD\",\"Community\",\"Equity Diversity Inclusion (EDI)\",\"Faculty\",\"Faculty of Health\",\"LAPS\",\"President\",\"SDG 5\",\"SDGs\",\"Students\",\"YFile\"],\"articleSection\":[\"Fran\u00e7ais\"],\"inLanguage\":\"en-CA\",\"copyrightYear\":\"2025\",\"copyrightHolder\":{\"@id\":\"https:\\\/\\\/www.yorku.ca\\\/yfile\\\/#organization\"}},{\"@type\":\"WebPage\",\"@id\":\"https:\\\/\\\/www.yorku.ca\\\/yfile\\\/2025\\\/03\\\/05\\\/luniversite-york-celebre-la-journee-internationale-des-femmes\\\/\",\"url\":\"https:\\\/\\\/www.yorku.ca\\\/yfile\\\/2025\\\/03\\\/05\\\/luniversite-york-celebre-la-journee-internationale-des-femmes\\\/\",\"name\":\"L\u2019Universit\u00e9 York c\u00e9l\u00e8bre la Journ\u00e9e internationale des femmes - YFile\",\"isPartOf\":{\"@id\":\"https:\\\/\\\/www.yorku.ca\\\/yfile\\\/#website\"},\"datePublished\":\"2025-03-05T20:54:14+00:00\",\"dateModified\":\"2025-12-17T15:58:38+00:00\",\"author\":{\"@id\":\"https:\\\/\\\/www.yorku.ca\\\/yfile\\\/#\\\/schema\\\/person\\\/f385c839cd5e89f5c32dce8c973ef2db\"},\"breadcrumb\":{\"@id\":\"https:\\\/\\\/www.yorku.ca\\\/yfile\\\/2025\\\/03\\\/05\\\/luniversite-york-celebre-la-journee-internationale-des-femmes\\\/#breadcrumb\"},\"inLanguage\":\"en-CA\",\"potentialAction\":[{\"@type\":\"ReadAction\",\"target\":[\"https:\\\/\\\/www.yorku.ca\\\/yfile\\\/2025\\\/03\\\/05\\\/luniversite-york-celebre-la-journee-internationale-des-femmes\\\/\"]}]},{\"@type\":\"BreadcrumbList\",\"@id\":\"https:\\\/\\\/www.yorku.ca\\\/yfile\\\/2025\\\/03\\\/05\\\/luniversite-york-celebre-la-journee-internationale-des-femmes\\\/#breadcrumb\",\"itemListElement\":[{\"@type\":\"ListItem\",\"position\":1,\"name\":\"Home\",\"item\":\"https:\\\/\\\/www.yorku.ca\\\/yfile\\\/\"},{\"@type\":\"ListItem\",\"position\":2,\"name\":\"L\u2019Universit\u00e9 York c\u00e9l\u00e8bre la Journ\u00e9e internationale des femmes\"}]},{\"@type\":\"WebSite\",\"@id\":\"https:\\\/\\\/www.yorku.ca\\\/yfile\\\/#website\",\"url\":\"https:\\\/\\\/www.yorku.ca\\\/yfile\\\/\",\"name\":\"YFile\",\"description\":\"\",\"potentialAction\":[{\"@type\":\"SearchAction\",\"target\":{\"@type\":\"EntryPoint\",\"urlTemplate\":\"https:\\\/\\\/www.yorku.ca\\\/yfile\\\/?s={search_term_string}\"},\"query-input\":{\"@type\":\"PropertyValueSpecification\",\"valueRequired\":true,\"valueName\":\"search_term_string\"}}],\"inLanguage\":\"en-CA\"},{\"@type\":\"Person\",\"@id\":\"https:\\\/\\\/www.yorku.ca\\\/yfile\\\/#\\\/schema\\\/person\\\/f385c839cd5e89f5c32dce8c973ef2db\",\"name\":\"alexhuls\",\"image\":{\"@type\":\"ImageObject\",\"inLanguage\":\"en-CA\",\"@id\":\"https:\\\/\\\/secure.gravatar.com\\\/avatar\\\/1804694f1711f5d58af38a39a871f5ca6c4021187d9305718a668a5260a5a71f?s=96&d=mm&r=g\",\"url\":\"https:\\\/\\\/secure.gravatar.com\\\/avatar\\\/1804694f1711f5d58af38a39a871f5ca6c4021187d9305718a668a5260a5a71f?s=96&d=mm&r=g\",\"contentUrl\":\"https:\\\/\\\/secure.gravatar.com\\\/avatar\\\/1804694f1711f5d58af38a39a871f5ca6c4021187d9305718a668a5260a5a71f?s=96&d=mm&r=g\",\"caption\":\"alexhuls\"},\"url\":\"https:\\\/\\\/www.yorku.ca\\\/yfile\\\/author\\\/alexhuls\\\/\"}]}<\/script>\n<!-- \/ Yoast SEO plugin. -->","yoast_head_json":{"title":"L\u2019Universit\u00e9 York c\u00e9l\u00e8bre la Journ\u00e9e internationale des femmes - YFile","robots":{"index":"index","follow":"follow","max-snippet":"max-snippet:-1","max-image-preview":"max-image-preview:large","max-video-preview":"max-video-preview:-1"},"canonical":"https:\/\/www.yorku.ca\/yfile\/2025\/03\/05\/luniversite-york-celebre-la-journee-internationale-des-femmes\/","og_locale":"en_US","og_type":"article","og_title":"L\u2019Universit\u00e9 York c\u00e9l\u00e8bre la Journ\u00e9e internationale des femmes - YFile","og_description":"Le 8 mars, des personnes du monde entier souligneront les contributions des filles et des femmes, en mettant l\u2019accent sur des questions comme l\u2019\u00e9galit\u00e9 des genres, la violence et les violations bas\u00e9es sur le genre, et la justice reproductive. L\u2019Universit\u00e9 York est depuis longtemps r\u00e9put\u00e9e pour son leadership en mati\u00e8re d\u2019\u00e9tudes et de recherche sur [&hellip;]","og_url":"https:\/\/www.yorku.ca\/yfile\/2025\/03\/05\/luniversite-york-celebre-la-journee-internationale-des-femmes\/","og_site_name":"YFile","article_published_time":"2025-03-05T20:54:14+00:00","article_modified_time":"2025-12-17T15:58:38+00:00","author":"alexhuls","twitter_card":"summary_large_image","twitter_misc":{"Written by":"alexhuls","Est. reading time":"5 minutes"},"schema":{"@context":"https:\/\/schema.org","@graph":[{"@type":"Article","@id":"https:\/\/www.yorku.ca\/yfile\/2025\/03\/05\/luniversite-york-celebre-la-journee-internationale-des-femmes\/#article","isPartOf":{"@id":"https:\/\/www.yorku.ca\/yfile\/2025\/03\/05\/luniversite-york-celebre-la-journee-internationale-des-femmes\/"},"author":{"name":"alexhuls","@id":"https:\/\/www.yorku.ca\/yfile\/#\/schema\/person\/f385c839cd5e89f5c32dce8c973ef2db"},"headline":"L\u2019Universit\u00e9 York c\u00e9l\u00e8bre la Journ\u00e9e internationale des femmes","datePublished":"2025-03-05T20:54:14+00:00","dateModified":"2025-12-17T15:58:38+00:00","mainEntityOfPage":{"@id":"https:\/\/www.yorku.ca\/yfile\/2025\/03\/05\/luniversite-york-celebre-la-journee-internationale-des-femmes\/"},"wordCount":575,"keywords":["AMPD","Community","Equity Diversity Inclusion (EDI)","Faculty","Faculty of Health","LAPS","President","SDG 5","SDGs","Students","YFile"],"articleSection":["Fran\u00e7ais"],"inLanguage":"en-CA","copyrightYear":"2025","copyrightHolder":{"@id":"https:\/\/www.yorku.ca\/yfile\/#organization"}},{"@type":"WebPage","@id":"https:\/\/www.yorku.ca\/yfile\/2025\/03\/05\/luniversite-york-celebre-la-journee-internationale-des-femmes\/","url":"https:\/\/www.yorku.ca\/yfile\/2025\/03\/05\/luniversite-york-celebre-la-journee-internationale-des-femmes\/","name":"L\u2019Universit\u00e9 York c\u00e9l\u00e8bre la Journ\u00e9e internationale des femmes - YFile","isPartOf":{"@id":"https:\/\/www.yorku.ca\/yfile\/#website"},"datePublished":"2025-03-05T20:54:14+00:00","dateModified":"2025-12-17T15:58:38+00:00","author":{"@id":"https:\/\/www.yorku.ca\/yfile\/#\/schema\/person\/f385c839cd5e89f5c32dce8c973ef2db"},"breadcrumb":{"@id":"https:\/\/www.yorku.ca\/yfile\/2025\/03\/05\/luniversite-york-celebre-la-journee-internationale-des-femmes\/#breadcrumb"},"inLanguage":"en-CA","potentialAction":[{"@type":"ReadAction","target":["https:\/\/www.yorku.ca\/yfile\/2025\/03\/05\/luniversite-york-celebre-la-journee-internationale-des-femmes\/"]}]},{"@type":"BreadcrumbList","@id":"https:\/\/www.yorku.ca\/yfile\/2025\/03\/05\/luniversite-york-celebre-la-journee-internationale-des-femmes\/#breadcrumb","itemListElement":[{"@type":"ListItem","position":1,"name":"Home","item":"https:\/\/www.yorku.ca\/yfile\/"},{"@type":"ListItem","position":2,"name":"L\u2019Universit\u00e9 York c\u00e9l\u00e8bre la Journ\u00e9e internationale des femmes"}]},{"@type":"WebSite","@id":"https:\/\/www.yorku.ca\/yfile\/#website","url":"https:\/\/www.yorku.ca\/yfile\/","name":"YFile","description":"","potentialAction":[{"@type":"SearchAction","target":{"@type":"EntryPoint","urlTemplate":"https:\/\/www.yorku.ca\/yfile\/?s={search_term_string}"},"query-input":{"@type":"PropertyValueSpecification","valueRequired":true,"valueName":"search_term_string"}}],"inLanguage":"en-CA"},{"@type":"Person","@id":"https:\/\/www.yorku.ca\/yfile\/#\/schema\/person\/f385c839cd5e89f5c32dce8c973ef2db","name":"alexhuls","image":{"@type":"ImageObject","inLanguage":"en-CA","@id":"https:\/\/secure.gravatar.com\/avatar\/1804694f1711f5d58af38a39a871f5ca6c4021187d9305718a668a5260a5a71f?s=96&d=mm&r=g","url":"https:\/\/secure.gravatar.com\/avatar\/1804694f1711f5d58af38a39a871f5ca6c4021187d9305718a668a5260a5a71f?s=96&d=mm&r=g","contentUrl":"https:\/\/secure.gravatar.com\/avatar\/1804694f1711f5d58af38a39a871f5ca6c4021187d9305718a668a5260a5a71f?s=96&d=mm&r=g","caption":"alexhuls"},"url":"https:\/\/www.yorku.ca\/yfile\/author\/alexhuls\/"}]}},"taxonomy_info":{"category":[{"value":181,"label":"Fran\u00e7ais"}],"post_tag":[{"value":58,"label":"AMPD"},{"value":29,"label":"Community"},{"value":33,"label":"Equity Diversity Inclusion (EDI)"},{"value":6,"label":"Faculty"},{"value":63,"label":"Faculty of Health"},{"value":10,"label":"LAPS"},{"value":26,"label":"President"},{"value":50,"label":"SDG 5"},{"value":15,"label":"SDGs"},{"value":12,"label":"Students"},{"value":4,"label":"YFile"}],"yfileauthor":[{"value":204,"label":"YFile Staff"}],"tags-to-show":[{"value":172,"label":"AMPD"},{"value":149,"label":"BIPOC"},{"value":145,"label":"Community"},{"value":177,"label":"Equity Diversity Inclusion (EDI)"},{"value":147,"label":"Faculty"},{"value":162,"label":"Faculty of Health"},{"value":150,"label":"LAPS"},{"value":158,"label":"SDGs"},{"value":148,"label":"Staff"},{"value":146,"label":"Students"}]},"featured_image_src_large":false,"author_info":{"display_name":"alexhuls","author_link":"https:\/\/www.yorku.ca\/yfile\/author\/alexhuls\/"},"comment_info":0,"category_info":[{"term_id":181,"name":"Fran\u00e7ais","slug":"francais","term_group":0,"term_taxonomy_id":181,"taxonomy":"category","description":"Institutional news and announcements in French.","parent":0,"count":89,"filter":"raw","cat_ID":181,"category_count":89,"category_description":"Institutional news and announcements in French.","cat_name":"Fran\u00e7ais","category_nicename":"francais","category_parent":0}],"tag_info":[{"term_id":58,"name":"AMPD","slug":"ampd","term_group":0,"term_taxonomy_id":58,"taxonomy":"post_tag","description":"","parent":0,"count":626,"filter":"raw"},{"term_id":29,"name":"Community","slug":"community","term_group":0,"term_taxonomy_id":29,"taxonomy":"post_tag","description":"","parent":0,"count":967,"filter":"raw"},{"term_id":33,"name":"Equity Diversity Inclusion (EDI)","slug":"equity","term_group":0,"term_taxonomy_id":33,"taxonomy":"post_tag","description":"","parent":0,"count":493,"filter":"raw"},{"term_id":6,"name":"Faculty","slug":"faculty","term_group":0,"term_taxonomy_id":6,"taxonomy":"post_tag","description":"","parent":0,"count":2018,"filter":"raw"},{"term_id":63,"name":"Faculty of Health","slug":"faculty-of-health","term_group":0,"term_taxonomy_id":63,"taxonomy":"post_tag","description":"","parent":0,"count":836,"filter":"raw"},{"term_id":10,"name":"LAPS","slug":"laps","term_group":0,"term_taxonomy_id":10,"taxonomy":"post_tag","description":"","parent":0,"count":1297,"filter":"raw"},{"term_id":26,"name":"President","slug":"president","term_group":0,"term_taxonomy_id":26,"taxonomy":"post_tag","description":"","parent":0,"count":406,"filter":"raw"},{"term_id":50,"name":"SDG 5","slug":"sdg-5","term_group":0,"term_taxonomy_id":50,"taxonomy":"post_tag","description":"","parent":0,"count":155,"filter":"raw"},{"term_id":15,"name":"SDGs","slug":"sdg","term_group":0,"term_taxonomy_id":15,"taxonomy":"post_tag","description":"","parent":0,"count":1257,"filter":"raw"},{"term_id":12,"name":"Students","slug":"students","term_group":0,"term_taxonomy_id":12,"taxonomy":"post_tag","description":"","parent":0,"count":1645,"filter":"raw"},{"term_id":4,"name":"YFile","slug":"yfile","term_group":0,"term_taxonomy_id":4,"taxonomy":"post_tag","description":"","parent":0,"count":5325,"filter":"raw"}],"_links":{"self":[{"href":"https:\/\/www.yorku.ca\/yfile\/wp-json\/wp\/v2\/posts\/373418","targetHints":{"allow":["GET"]}}],"collection":[{"href":"https:\/\/www.yorku.ca\/yfile\/wp-json\/wp\/v2\/posts"}],"about":[{"href":"https:\/\/www.yorku.ca\/yfile\/wp-json\/wp\/v2\/types\/post"}],"author":[{"embeddable":true,"href":"https:\/\/www.yorku.ca\/yfile\/wp-json\/wp\/v2\/users\/2293"}],"replies":[{"embeddable":true,"href":"https:\/\/www.yorku.ca\/yfile\/wp-json\/wp\/v2\/comments?post=373418"}],"version-history":[{"count":3,"href":"https:\/\/www.yorku.ca\/yfile\/wp-json\/wp\/v2\/posts\/373418\/revisions"}],"predecessor-version":[{"id":373427,"href":"https:\/\/www.yorku.ca\/yfile\/wp-json\/wp\/v2\/posts\/373418\/revisions\/373427"}],"wp:attachment":[{"href":"https:\/\/www.yorku.ca\/yfile\/wp-json\/wp\/v2\/media?parent=373418"}],"wp:term":[{"taxonomy":"category","embeddable":true,"href":"https:\/\/www.yorku.ca\/yfile\/wp-json\/wp\/v2\/categories?post=373418"},{"taxonomy":"post_tag","embeddable":true,"href":"https:\/\/www.yorku.ca\/yfile\/wp-json\/wp\/v2\/tags?post=373418"},{"taxonomy":"yfileauthor","embeddable":true,"href":"https:\/\/www.yorku.ca\/yfile\/wp-json\/wp\/v2\/yfileauthor?post=373418"},{"taxonomy":"qualifier","embeddable":true,"href":"https:\/\/www.yorku.ca\/yfile\/wp-json\/wp\/v2\/qualifier?post=373418"},{"taxonomy":"yfile-author","embeddable":true,"href":"https:\/\/www.yorku.ca\/yfile\/wp-json\/wp\/v2\/yfile-author?post=373418"},{"taxonomy":"tags-to-show","embeddable":true,"href":"https:\/\/www.yorku.ca\/yfile\/wp-json\/wp\/v2\/tags-to-show?post=373418"},{"taxonomy":"workflow","embeddable":true,"href":"https:\/\/www.yorku.ca\/yfile\/wp-json\/wp\/v2\/workflow?post=373418"}],"curies":[{"name":"wp","href":"https:\/\/api.w.org\/{rel}","templated":true}]}}