{"id":394039,"date":"2025-04-04T13:50:19","date_gmt":"2025-04-04T17:50:19","guid":{"rendered":"https:\/\/www.yorku.ca\/yfile\/?p=394039"},"modified":"2025-04-16T16:42:21","modified_gmt":"2025-04-16T20:42:21","slug":"date-limite-repoussee-proposez-des-collegues-aux-prix-de-la-presidente-pour-la-reconnaissance-du-personnel-dici-le-16-avril","status":"publish","type":"post","link":"https:\/\/www.yorku.ca\/yfile\/2025\/04\/04\/date-limite-repoussee-proposez-des-collegues-aux-prix-de-la-presidente-pour-la-reconnaissance-du-personnel-dici-le-16-avril\/","title":{"rendered":"Date limite repouss\u00e9e : proposez des coll\u00e8gues aux prix de la Pr\u00e9sidente pour la reconnaissance du personnel d\u2019ici le 7 mai"},"content":{"rendered":"\n<p>Ch\u00e8res coll\u00e8gues, chers coll\u00e8gues,<\/p>\n\n\n\n<p>Je tiens \u00e0 exprimer ma sinc\u00e8re gratitude \u00e0 toutes les personnes qui ont d\u00e9j\u00e0 pr\u00e9sent\u00e9 des candidatures aux prix de reconnaissance du personnel de la pr\u00e9sidente et qui ont contribu\u00e9 \u00e0 une culture de gratitude \u00e0 York.<\/p>\n\n\n\n<p>Afin de permettre \u00e0 un plus grand nombre de coll\u00e8gues de souligner les r\u00e9alisations de leurs pairs, nous repoussons la date limite de d\u00e9p\u00f4t des candidatures au <strong>mercredi\u00a07\u00a0mai 2025<\/strong>.Merc en nomination avant <strong>23\u00a0h\u00a059 HE ce jour-l\u00e0.<\/strong><\/p>\n\n\n\n<p>Pour pr\u00e9senter la candidature de coll\u00e8gues ou pour en savoir plus sur le processus, veuillez consulter le <a href=\"http:\/\/staffawards.info.yorku.ca\/\" target=\"_blank\" rel=\"noreferrer noopener\">site Web des prix de la Pr\u00e9sidente pour la reconnaissance du personnel.<\/a> Pour obtenir plus d\u2019informations, veuillez envoyer un courriel \u00e0 <a href=\"mailto:president@yorku.ca\" target=\"_blank\" rel=\"noreferrer noopener\">president@yorku.ca<\/a>.<a href=\"mailto:president@yorku.ca\"><\/a>. &nbsp;&nbsp;&nbsp;&nbsp;<\/p>\n\n\n\n<p>Merci de nous aider \u00e0 souligner les r\u00e9alisations exceptionnelles de la communaut\u00e9 de l\u2019Universit\u00e9 York.<\/p>\n\n\n\n<p>Sinc\u00e8res salutations,<\/p>\n\n\n\n<p><strong>Rhonda Lenton<br>Pr\u00e9sidente et vice-chanceli\u00e8re<\/strong><\/p>\n","protected":false},"excerpt":{"rendered":"<p>Ch\u00e8res coll\u00e8gues, chers coll\u00e8gues, Je tiens \u00e0 exprimer ma sinc\u00e8re gratitude \u00e0 toutes les personnes qui ont d\u00e9j\u00e0 pr\u00e9sent\u00e9 des candidatures aux prix de reconnaissance du personnel de la pr\u00e9sidente et qui ont contribu\u00e9 \u00e0 une culture de gratitude \u00e0 York. Afin de permettre \u00e0 un plus grand nombre de coll\u00e8gues de souligner les r\u00e9alisations [&hellip;]<\/p>\n","protected":false},"author":2386,"featured_media":370842,"comment_status":"closed","ping_status":"closed","sticky":false,"template":"","format":"standard","meta":{"_acf_changed":false,"_kad_blocks_custom_css":"","_kad_blocks_head_custom_js":"","_kad_blocks_body_custom_js":"","_kad_blocks_footer_custom_js":"","footnotes":""},"categories":[181],"tags":[4],"yfileauthor":[204],"qualifier":[],"yfile-author":[],"tags-to-show":[],"workflow":[],"class_list":["post-394039","post","type-post","status-publish","format-standard","has-post-thumbnail","hentry","category-francais","tag-yfile","yfileauthor-yfilestaff"],"acf":{"internal_publish_date":null,"original_image":null},"yoast_head":"<!-- This site is optimized with the Yoast SEO plugin v27.4 - https:\/\/yoast.com\/product\/yoast-seo-wordpress\/ -->\n<title>Date limite repouss\u00e9e : proposez des coll\u00e8gues aux prix de la Pr\u00e9sidente pour la reconnaissance du personnel d\u2019ici le 7 mai - YFile<\/title>\n<meta name=\"robots\" content=\"index, follow, max-snippet:-1, max-image-preview:large, max-video-preview:-1\" \/>\n<link rel=\"canonical\" href=\"https:\/\/www.yorku.ca\/yfile\/2025\/04\/04\/date-limite-repoussee-proposez-des-collegues-aux-prix-de-la-presidente-pour-la-reconnaissance-du-personnel-dici-le-16-avril\/\" \/>\n<meta property=\"og:locale\" content=\"en_US\" \/>\n<meta property=\"og:type\" content=\"article\" \/>\n<meta property=\"og:title\" content=\"Date limite repouss\u00e9e : proposez des coll\u00e8gues aux prix de la Pr\u00e9sidente pour la reconnaissance du personnel d\u2019ici le 7 mai - YFile\" \/>\n<meta property=\"og:description\" content=\"Ch\u00e8res coll\u00e8gues, chers coll\u00e8gues, Je tiens \u00e0 exprimer ma sinc\u00e8re gratitude \u00e0 toutes les personnes qui ont d\u00e9j\u00e0 pr\u00e9sent\u00e9 des candidatures aux prix de reconnaissance du personnel de la pr\u00e9sidente et qui ont contribu\u00e9 \u00e0 une culture de gratitude \u00e0 York. Afin de permettre \u00e0 un plus grand nombre de coll\u00e8gues de souligner les r\u00e9alisations [&hellip;]\" \/>\n<meta property=\"og:url\" content=\"https:\/\/www.yorku.ca\/yfile\/2025\/04\/04\/date-limite-repoussee-proposez-des-collegues-aux-prix-de-la-presidente-pour-la-reconnaissance-du-personnel-dici-le-16-avril\/\" \/>\n<meta property=\"og:site_name\" content=\"YFile\" \/>\n<meta property=\"article:published_time\" content=\"2025-04-04T17:50:19+00:00\" \/>\n<meta property=\"article:modified_time\" content=\"2025-04-16T20:42:21+00:00\" \/>\n<meta property=\"og:image\" content=\"https:\/\/www.yorku.ca\/yfile\/wp-content\/uploads\/sites\/889\/2024\/11\/Staff_1.jpg\" \/>\n\t<meta property=\"og:image:width\" content=\"1800\" \/>\n\t<meta property=\"og:image:height\" content=\"600\" \/>\n\t<meta property=\"og:image:type\" content=\"image\/jpeg\" \/>\n<meta name=\"author\" content=\"ashleygc\" \/>\n<meta name=\"twitter:card\" content=\"summary_large_image\" \/>\n<meta name=\"twitter:label1\" content=\"Written by\" \/>\n\t<meta name=\"twitter:data1\" content=\"ashleygc\" \/>\n\t<meta name=\"twitter:label2\" content=\"Est. reading time\" \/>\n\t<meta name=\"twitter:data2\" content=\"1 minute\" \/>\n<script type=\"application\/ld+json\" class=\"yoast-schema-graph\">{\"@context\":\"https:\\\/\\\/schema.org\",\"@graph\":[{\"@type\":\"Article\",\"@id\":\"https:\\\/\\\/www.yorku.ca\\\/yfile\\\/2025\\\/04\\\/04\\\/date-limite-repoussee-proposez-des-collegues-aux-prix-de-la-presidente-pour-la-reconnaissance-du-personnel-dici-le-16-avril\\\/#article\",\"isPartOf\":{\"@id\":\"https:\\\/\\\/www.yorku.ca\\\/yfile\\\/2025\\\/04\\\/04\\\/date-limite-repoussee-proposez-des-collegues-aux-prix-de-la-presidente-pour-la-reconnaissance-du-personnel-dici-le-16-avril\\\/\"},\"author\":{\"name\":\"ashleygc\",\"@id\":\"https:\\\/\\\/www.yorku.ca\\\/yfile\\\/#\\\/schema\\\/person\\\/c31100c4bc540ab4f738557fdc4232d6\"},\"headline\":\"Date limite repouss\u00e9e : proposez des coll\u00e8gues aux prix de la Pr\u00e9sidente pour la reconnaissance du personnel d\u2019ici le 7 mai\",\"datePublished\":\"2025-04-04T17:50:19+00:00\",\"dateModified\":\"2025-04-16T20:42:21+00:00\",\"mainEntityOfPage\":{\"@id\":\"https:\\\/\\\/www.yorku.ca\\\/yfile\\\/2025\\\/04\\\/04\\\/date-limite-repoussee-proposez-des-collegues-aux-prix-de-la-presidente-pour-la-reconnaissance-du-personnel-dici-le-16-avril\\\/\"},\"wordCount\":180,\"image\":{\"@id\":\"https:\\\/\\\/www.yorku.ca\\\/yfile\\\/2025\\\/04\\\/04\\\/date-limite-repoussee-proposez-des-collegues-aux-prix-de-la-presidente-pour-la-reconnaissance-du-personnel-dici-le-16-avril\\\/#primaryimage\"},\"thumbnailUrl\":\"https:\\\/\\\/www.yorku.ca\\\/yfile\\\/wp-content\\\/uploads\\\/sites\\\/889\\\/2024\\\/11\\\/Staff_1.jpg\",\"keywords\":[\"YFile\"],\"articleSection\":[\"Fran\u00e7ais\"],\"inLanguage\":\"en-CA\",\"copyrightYear\":\"2025\",\"copyrightHolder\":{\"@id\":\"https:\\\/\\\/www.yorku.ca\\\/yfile\\\/#organization\"}},{\"@type\":\"WebPage\",\"@id\":\"https:\\\/\\\/www.yorku.ca\\\/yfile\\\/2025\\\/04\\\/04\\\/date-limite-repoussee-proposez-des-collegues-aux-prix-de-la-presidente-pour-la-reconnaissance-du-personnel-dici-le-16-avril\\\/\",\"url\":\"https:\\\/\\\/www.yorku.ca\\\/yfile\\\/2025\\\/04\\\/04\\\/date-limite-repoussee-proposez-des-collegues-aux-prix-de-la-presidente-pour-la-reconnaissance-du-personnel-dici-le-16-avril\\\/\",\"name\":\"Date limite repouss\u00e9e : proposez des coll\u00e8gues aux prix de la Pr\u00e9sidente pour la reconnaissance du personnel d\u2019ici le 7 mai - YFile\",\"isPartOf\":{\"@id\":\"https:\\\/\\\/www.yorku.ca\\\/yfile\\\/#website\"},\"primaryImageOfPage\":{\"@id\":\"https:\\\/\\\/www.yorku.ca\\\/yfile\\\/2025\\\/04\\\/04\\\/date-limite-repoussee-proposez-des-collegues-aux-prix-de-la-presidente-pour-la-reconnaissance-du-personnel-dici-le-16-avril\\\/#primaryimage\"},\"image\":{\"@id\":\"https:\\\/\\\/www.yorku.ca\\\/yfile\\\/2025\\\/04\\\/04\\\/date-limite-repoussee-proposez-des-collegues-aux-prix-de-la-presidente-pour-la-reconnaissance-du-personnel-dici-le-16-avril\\\/#primaryimage\"},\"thumbnailUrl\":\"https:\\\/\\\/www.yorku.ca\\\/yfile\\\/wp-content\\\/uploads\\\/sites\\\/889\\\/2024\\\/11\\\/Staff_1.jpg\",\"datePublished\":\"2025-04-04T17:50:19+00:00\",\"dateModified\":\"2025-04-16T20:42:21+00:00\",\"author\":{\"@id\":\"https:\\\/\\\/www.yorku.ca\\\/yfile\\\/#\\\/schema\\\/person\\\/c31100c4bc540ab4f738557fdc4232d6\"},\"breadcrumb\":{\"@id\":\"https:\\\/\\\/www.yorku.ca\\\/yfile\\\/2025\\\/04\\\/04\\\/date-limite-repoussee-proposez-des-collegues-aux-prix-de-la-presidente-pour-la-reconnaissance-du-personnel-dici-le-16-avril\\\/#breadcrumb\"},\"inLanguage\":\"en-CA\",\"potentialAction\":[{\"@type\":\"ReadAction\",\"target\":[\"https:\\\/\\\/www.yorku.ca\\\/yfile\\\/2025\\\/04\\\/04\\\/date-limite-repoussee-proposez-des-collegues-aux-prix-de-la-presidente-pour-la-reconnaissance-du-personnel-dici-le-16-avril\\\/\"]}]},{\"@type\":\"ImageObject\",\"inLanguage\":\"en-CA\",\"@id\":\"https:\\\/\\\/www.yorku.ca\\\/yfile\\\/2025\\\/04\\\/04\\\/date-limite-repoussee-proposez-des-collegues-aux-prix-de-la-presidente-pour-la-reconnaissance-du-personnel-dici-le-16-avril\\\/#primaryimage\",\"url\":\"https:\\\/\\\/www.yorku.ca\\\/yfile\\\/wp-content\\\/uploads\\\/sites\\\/889\\\/2024\\\/11\\\/Staff_1.jpg\",\"contentUrl\":\"https:\\\/\\\/www.yorku.ca\\\/yfile\\\/wp-content\\\/uploads\\\/sites\\\/889\\\/2024\\\/11\\\/Staff_1.jpg\",\"width\":1800,\"height\":600,\"caption\":\"York U staff on Keele Campus\"},{\"@type\":\"BreadcrumbList\",\"@id\":\"https:\\\/\\\/www.yorku.ca\\\/yfile\\\/2025\\\/04\\\/04\\\/date-limite-repoussee-proposez-des-collegues-aux-prix-de-la-presidente-pour-la-reconnaissance-du-personnel-dici-le-16-avril\\\/#breadcrumb\",\"itemListElement\":[{\"@type\":\"ListItem\",\"position\":1,\"name\":\"Home\",\"item\":\"https:\\\/\\\/www.yorku.ca\\\/yfile\\\/\"},{\"@type\":\"ListItem\",\"position\":2,\"name\":\"Date limite repouss\u00e9e : proposez des coll\u00e8gues aux prix de la Pr\u00e9sidente pour la reconnaissance du personnel d\u2019ici le 7 mai\"}]},{\"@type\":\"WebSite\",\"@id\":\"https:\\\/\\\/www.yorku.ca\\\/yfile\\\/#website\",\"url\":\"https:\\\/\\\/www.yorku.ca\\\/yfile\\\/\",\"name\":\"YFile\",\"description\":\"\",\"potentialAction\":[{\"@type\":\"SearchAction\",\"target\":{\"@type\":\"EntryPoint\",\"urlTemplate\":\"https:\\\/\\\/www.yorku.ca\\\/yfile\\\/?s={search_term_string}\"},\"query-input\":{\"@type\":\"PropertyValueSpecification\",\"valueRequired\":true,\"valueName\":\"search_term_string\"}}],\"inLanguage\":\"en-CA\"},{\"@type\":\"Person\",\"@id\":\"https:\\\/\\\/www.yorku.ca\\\/yfile\\\/#\\\/schema\\\/person\\\/c31100c4bc540ab4f738557fdc4232d6\",\"name\":\"ashleygc\",\"image\":{\"@type\":\"ImageObject\",\"inLanguage\":\"en-CA\",\"@id\":\"https:\\\/\\\/secure.gravatar.com\\\/avatar\\\/29c936e1b9ea858bc3a60b4e624751572a1d0582545fc64ca5adcc2adc837d6e?s=96&d=mm&r=g\",\"url\":\"https:\\\/\\\/secure.gravatar.com\\\/avatar\\\/29c936e1b9ea858bc3a60b4e624751572a1d0582545fc64ca5adcc2adc837d6e?s=96&d=mm&r=g\",\"contentUrl\":\"https:\\\/\\\/secure.gravatar.com\\\/avatar\\\/29c936e1b9ea858bc3a60b4e624751572a1d0582545fc64ca5adcc2adc837d6e?s=96&d=mm&r=g\",\"caption\":\"ashleygc\"},\"url\":\"https:\\\/\\\/www.yorku.ca\\\/yfile\\\/author\\\/ashleygc\\\/\"}]}<\/script>\n<!-- \/ Yoast SEO plugin. -->","yoast_head_json":{"title":"Date limite repouss\u00e9e : proposez des coll\u00e8gues aux prix de la Pr\u00e9sidente pour la reconnaissance du personnel d\u2019ici le 7 mai - YFile","robots":{"index":"index","follow":"follow","max-snippet":"max-snippet:-1","max-image-preview":"max-image-preview:large","max-video-preview":"max-video-preview:-1"},"canonical":"https:\/\/www.yorku.ca\/yfile\/2025\/04\/04\/date-limite-repoussee-proposez-des-collegues-aux-prix-de-la-presidente-pour-la-reconnaissance-du-personnel-dici-le-16-avril\/","og_locale":"en_US","og_type":"article","og_title":"Date limite repouss\u00e9e : proposez des coll\u00e8gues aux prix de la Pr\u00e9sidente pour la reconnaissance du personnel d\u2019ici le 7 mai - YFile","og_description":"Ch\u00e8res coll\u00e8gues, chers coll\u00e8gues, Je tiens \u00e0 exprimer ma sinc\u00e8re gratitude \u00e0 toutes les personnes qui ont d\u00e9j\u00e0 pr\u00e9sent\u00e9 des candidatures aux prix de reconnaissance du personnel de la pr\u00e9sidente et qui ont contribu\u00e9 \u00e0 une culture de gratitude \u00e0 York. Afin de permettre \u00e0 un plus grand nombre de coll\u00e8gues de souligner les r\u00e9alisations [&hellip;]","og_url":"https:\/\/www.yorku.ca\/yfile\/2025\/04\/04\/date-limite-repoussee-proposez-des-collegues-aux-prix-de-la-presidente-pour-la-reconnaissance-du-personnel-dici-le-16-avril\/","og_site_name":"YFile","article_published_time":"2025-04-04T17:50:19+00:00","article_modified_time":"2025-04-16T20:42:21+00:00","og_image":[{"width":1800,"height":600,"url":"https:\/\/www.yorku.ca\/yfile\/wp-content\/uploads\/sites\/889\/2024\/11\/Staff_1.jpg","type":"image\/jpeg"}],"author":"ashleygc","twitter_card":"summary_large_image","twitter_misc":{"Written by":"ashleygc","Est. reading time":"1 minute"},"schema":{"@context":"https:\/\/schema.org","@graph":[{"@type":"Article","@id":"https:\/\/www.yorku.ca\/yfile\/2025\/04\/04\/date-limite-repoussee-proposez-des-collegues-aux-prix-de-la-presidente-pour-la-reconnaissance-du-personnel-dici-le-16-avril\/#article","isPartOf":{"@id":"https:\/\/www.yorku.ca\/yfile\/2025\/04\/04\/date-limite-repoussee-proposez-des-collegues-aux-prix-de-la-presidente-pour-la-reconnaissance-du-personnel-dici-le-16-avril\/"},"author":{"name":"ashleygc","@id":"https:\/\/www.yorku.ca\/yfile\/#\/schema\/person\/c31100c4bc540ab4f738557fdc4232d6"},"headline":"Date limite repouss\u00e9e : proposez des coll\u00e8gues aux prix de la Pr\u00e9sidente pour la reconnaissance du personnel d\u2019ici le 7 mai","datePublished":"2025-04-04T17:50:19+00:00","dateModified":"2025-04-16T20:42:21+00:00","mainEntityOfPage":{"@id":"https:\/\/www.yorku.ca\/yfile\/2025\/04\/04\/date-limite-repoussee-proposez-des-collegues-aux-prix-de-la-presidente-pour-la-reconnaissance-du-personnel-dici-le-16-avril\/"},"wordCount":180,"image":{"@id":"https:\/\/www.yorku.ca\/yfile\/2025\/04\/04\/date-limite-repoussee-proposez-des-collegues-aux-prix-de-la-presidente-pour-la-reconnaissance-du-personnel-dici-le-16-avril\/#primaryimage"},"thumbnailUrl":"https:\/\/www.yorku.ca\/yfile\/wp-content\/uploads\/sites\/889\/2024\/11\/Staff_1.jpg","keywords":["YFile"],"articleSection":["Fran\u00e7ais"],"inLanguage":"en-CA","copyrightYear":"2025","copyrightHolder":{"@id":"https:\/\/www.yorku.ca\/yfile\/#organization"}},{"@type":"WebPage","@id":"https:\/\/www.yorku.ca\/yfile\/2025\/04\/04\/date-limite-repoussee-proposez-des-collegues-aux-prix-de-la-presidente-pour-la-reconnaissance-du-personnel-dici-le-16-avril\/","url":"https:\/\/www.yorku.ca\/yfile\/2025\/04\/04\/date-limite-repoussee-proposez-des-collegues-aux-prix-de-la-presidente-pour-la-reconnaissance-du-personnel-dici-le-16-avril\/","name":"Date limite repouss\u00e9e : proposez des coll\u00e8gues aux prix de la Pr\u00e9sidente pour la reconnaissance du personnel d\u2019ici le 7 mai - YFile","isPartOf":{"@id":"https:\/\/www.yorku.ca\/yfile\/#website"},"primaryImageOfPage":{"@id":"https:\/\/www.yorku.ca\/yfile\/2025\/04\/04\/date-limite-repoussee-proposez-des-collegues-aux-prix-de-la-presidente-pour-la-reconnaissance-du-personnel-dici-le-16-avril\/#primaryimage"},"image":{"@id":"https:\/\/www.yorku.ca\/yfile\/2025\/04\/04\/date-limite-repoussee-proposez-des-collegues-aux-prix-de-la-presidente-pour-la-reconnaissance-du-personnel-dici-le-16-avril\/#primaryimage"},"thumbnailUrl":"https:\/\/www.yorku.ca\/yfile\/wp-content\/uploads\/sites\/889\/2024\/11\/Staff_1.jpg","datePublished":"2025-04-04T17:50:19+00:00","dateModified":"2025-04-16T20:42:21+00:00","author":{"@id":"https:\/\/www.yorku.ca\/yfile\/#\/schema\/person\/c31100c4bc540ab4f738557fdc4232d6"},"breadcrumb":{"@id":"https:\/\/www.yorku.ca\/yfile\/2025\/04\/04\/date-limite-repoussee-proposez-des-collegues-aux-prix-de-la-presidente-pour-la-reconnaissance-du-personnel-dici-le-16-avril\/#breadcrumb"},"inLanguage":"en-CA","potentialAction":[{"@type":"ReadAction","target":["https:\/\/www.yorku.ca\/yfile\/2025\/04\/04\/date-limite-repoussee-proposez-des-collegues-aux-prix-de-la-presidente-pour-la-reconnaissance-du-personnel-dici-le-16-avril\/"]}]},{"@type":"ImageObject","inLanguage":"en-CA","@id":"https:\/\/www.yorku.ca\/yfile\/2025\/04\/04\/date-limite-repoussee-proposez-des-collegues-aux-prix-de-la-presidente-pour-la-reconnaissance-du-personnel-dici-le-16-avril\/#primaryimage","url":"https:\/\/www.yorku.ca\/yfile\/wp-content\/uploads\/sites\/889\/2024\/11\/Staff_1.jpg","contentUrl":"https:\/\/www.yorku.ca\/yfile\/wp-content\/uploads\/sites\/889\/2024\/11\/Staff_1.jpg","width":1800,"height":600,"caption":"York U staff on Keele Campus"},{"@type":"BreadcrumbList","@id":"https:\/\/www.yorku.ca\/yfile\/2025\/04\/04\/date-limite-repoussee-proposez-des-collegues-aux-prix-de-la-presidente-pour-la-reconnaissance-du-personnel-dici-le-16-avril\/#breadcrumb","itemListElement":[{"@type":"ListItem","position":1,"name":"Home","item":"https:\/\/www.yorku.ca\/yfile\/"},{"@type":"ListItem","position":2,"name":"Date limite repouss\u00e9e : proposez des coll\u00e8gues aux prix de la Pr\u00e9sidente pour la reconnaissance du personnel d\u2019ici le 7 mai"}]},{"@type":"WebSite","@id":"https:\/\/www.yorku.ca\/yfile\/#website","url":"https:\/\/www.yorku.ca\/yfile\/","name":"YFile","description":"","potentialAction":[{"@type":"SearchAction","target":{"@type":"EntryPoint","urlTemplate":"https:\/\/www.yorku.ca\/yfile\/?s={search_term_string}"},"query-input":{"@type":"PropertyValueSpecification","valueRequired":true,"valueName":"search_term_string"}}],"inLanguage":"en-CA"},{"@type":"Person","@id":"https:\/\/www.yorku.ca\/yfile\/#\/schema\/person\/c31100c4bc540ab4f738557fdc4232d6","name":"ashleygc","image":{"@type":"ImageObject","inLanguage":"en-CA","@id":"https:\/\/secure.gravatar.com\/avatar\/29c936e1b9ea858bc3a60b4e624751572a1d0582545fc64ca5adcc2adc837d6e?s=96&d=mm&r=g","url":"https:\/\/secure.gravatar.com\/avatar\/29c936e1b9ea858bc3a60b4e624751572a1d0582545fc64ca5adcc2adc837d6e?s=96&d=mm&r=g","contentUrl":"https:\/\/secure.gravatar.com\/avatar\/29c936e1b9ea858bc3a60b4e624751572a1d0582545fc64ca5adcc2adc837d6e?s=96&d=mm&r=g","caption":"ashleygc"},"url":"https:\/\/www.yorku.ca\/yfile\/author\/ashleygc\/"}]}},"taxonomy_info":{"category":[{"value":181,"label":"Fran\u00e7ais"}],"post_tag":[{"value":4,"label":"YFile"}],"yfileauthor":[{"value":204,"label":"YFile Staff"}]},"featured_image_src_large":["https:\/\/www.yorku.ca\/yfile\/wp-content\/uploads\/sites\/889\/2024\/11\/Staff_1-1024x341.jpg",1024,341,true],"author_info":{"display_name":"ashleygc","author_link":"https:\/\/www.yorku.ca\/yfile\/author\/ashleygc\/"},"comment_info":0,"category_info":[{"term_id":181,"name":"Fran\u00e7ais","slug":"francais","term_group":0,"term_taxonomy_id":181,"taxonomy":"category","description":"Institutional news and announcements in French.","parent":0,"count":89,"filter":"raw","cat_ID":181,"category_count":89,"category_description":"Institutional news and announcements in French.","cat_name":"Fran\u00e7ais","category_nicename":"francais","category_parent":0}],"tag_info":[{"term_id":4,"name":"YFile","slug":"yfile","term_group":0,"term_taxonomy_id":4,"taxonomy":"post_tag","description":"","parent":0,"count":5316,"filter":"raw"}],"_links":{"self":[{"href":"https:\/\/www.yorku.ca\/yfile\/wp-json\/wp\/v2\/posts\/394039","targetHints":{"allow":["GET"]}}],"collection":[{"href":"https:\/\/www.yorku.ca\/yfile\/wp-json\/wp\/v2\/posts"}],"about":[{"href":"https:\/\/www.yorku.ca\/yfile\/wp-json\/wp\/v2\/types\/post"}],"author":[{"embeddable":true,"href":"https:\/\/www.yorku.ca\/yfile\/wp-json\/wp\/v2\/users\/2386"}],"replies":[{"embeddable":true,"href":"https:\/\/www.yorku.ca\/yfile\/wp-json\/wp\/v2\/comments?post=394039"}],"version-history":[{"count":3,"href":"https:\/\/www.yorku.ca\/yfile\/wp-json\/wp\/v2\/posts\/394039\/revisions"}],"predecessor-version":[{"id":394547,"href":"https:\/\/www.yorku.ca\/yfile\/wp-json\/wp\/v2\/posts\/394039\/revisions\/394547"}],"wp:featuredmedia":[{"embeddable":true,"href":"https:\/\/www.yorku.ca\/yfile\/wp-json\/wp\/v2\/media\/370842"}],"wp:attachment":[{"href":"https:\/\/www.yorku.ca\/yfile\/wp-json\/wp\/v2\/media?parent=394039"}],"wp:term":[{"taxonomy":"category","embeddable":true,"href":"https:\/\/www.yorku.ca\/yfile\/wp-json\/wp\/v2\/categories?post=394039"},{"taxonomy":"post_tag","embeddable":true,"href":"https:\/\/www.yorku.ca\/yfile\/wp-json\/wp\/v2\/tags?post=394039"},{"taxonomy":"yfileauthor","embeddable":true,"href":"https:\/\/www.yorku.ca\/yfile\/wp-json\/wp\/v2\/yfileauthor?post=394039"},{"taxonomy":"qualifier","embeddable":true,"href":"https:\/\/www.yorku.ca\/yfile\/wp-json\/wp\/v2\/qualifier?post=394039"},{"taxonomy":"yfile-author","embeddable":true,"href":"https:\/\/www.yorku.ca\/yfile\/wp-json\/wp\/v2\/yfile-author?post=394039"},{"taxonomy":"tags-to-show","embeddable":true,"href":"https:\/\/www.yorku.ca\/yfile\/wp-json\/wp\/v2\/tags-to-show?post=394039"},{"taxonomy":"workflow","embeddable":true,"href":"https:\/\/www.yorku.ca\/yfile\/wp-json\/wp\/v2\/workflow?post=394039"}],"curies":[{"name":"wp","href":"https:\/\/api.w.org\/{rel}","templated":true}]}}