{"id":396345,"date":"2025-06-18T14:11:47","date_gmt":"2025-06-18T18:11:47","guid":{"rendered":"https:\/\/www.yorku.ca\/yfile\/?p=396345"},"modified":"2025-06-18T14:11:49","modified_gmt":"2025-06-18T18:11:49","slug":"la-presidente-felicite-la-promotion-2025-a-loccasion-de-la-ceremonie-de-remise-des-diplomes-du-printemps","status":"publish","type":"post","link":"https:\/\/www.yorku.ca\/yfile\/2025\/06\/18\/la-presidente-felicite-la-promotion-2025-a-loccasion-de-la-ceremonie-de-remise-des-diplomes-du-printemps\/","title":{"rendered":"La pr\u00e9sidente f\u00e9licite la promotion 2025 \u00e0 l\u2019occasion de la c\u00e9r\u00e9monie de remise des dipl\u00f4mes du printemps"},"content":{"rendered":"\n<p><em>Ce qui suit est une version abr\u00e9g\u00e9e du discours de <strong>Rhonda Lenton<\/strong>, pr\u00e9sidente et vice-chanceli\u00e8re de l\u2019Universit\u00e9 York, \u00e0 la promotion&nbsp;2025 lors des c\u00e9r\u00e9monies de remise des dipl\u00f4mes.<\/em><\/p>\n\n\n\n<h3 class=\"wp-block-heading\">Chers membres de la promotion&nbsp;2025, je vous adresse mes sinc\u00e8res f\u00e9licitations! C\u2019est un honneur et un plaisir pour moi de partager ce moment important de votre vie. Je suis heureuse d\u2019\u00eatre parmi vous, et je suis certaine que votre famille et vos amis le sont aussi.<\/h3>\n\n\n\n<div style=\"height:20px\" aria-hidden=\"true\" class=\"wp-block-spacer\"><\/div>\n\n\n\n<p>Beaucoup d\u2019entre vous ont commenc\u00e9 leur parcours \u00e0 York durant une p\u00e9riode de d\u00e9fis majeurs, que ce soit durant le confinement ou juste avant qu\u2019il ne prenne fin. Au cours des derni\u00e8res ann\u00e9es, nous avons v\u00e9cu des bouleversements sans pr\u00e9c\u00e9dent sur la sc\u00e8ne mondiale. Cette tendance se poursuit.<\/p>\n\n\n<div class=\"wp-block-image\">\n<figure class=\"alignright size-full\"><img loading=\"lazy\" decoding=\"async\" width=\"683\" height=\"455\" src=\"https:\/\/www.yorku.ca\/yfile\/wp-content\/uploads\/sites\/889\/2025\/06\/Lenton-with-grads-convocation-1-edited.jpg\" alt=\"President and Vice-Chancellor Rhonda Lenton shares a message of congratulations to York University graduates crossing the stage this spring.\" class=\"wp-image-396403\" srcset=\"https:\/\/www.yorku.ca\/yfile\/wp-content\/uploads\/sites\/889\/2025\/06\/Lenton-with-grads-convocation-1-edited.jpg 683w, https:\/\/www.yorku.ca\/yfile\/wp-content\/uploads\/sites\/889\/2025\/06\/Lenton-with-grads-convocation-1-edited-400x266.jpg 400w\" sizes=\"auto, (max-width: 683px) 100vw, 683px\" \/><figcaption class=\"wp-element-caption\">La pr\u00e9sidente et vice-chanceli\u00e8re Rhonda Lenton f\u00e9licite les dipl\u00f4m\u00e9s de l'Universit\u00e9 York qui franchissent la sc\u00e8ne ce printemps.<\/figcaption><\/figure>\n<\/div>\n\n\n<p>Nous avons \u00e9t\u00e9 t\u00e9moins de conflits en Europe et de leur aggravation au Moyen-Orient et en Afrique. Nous avons ressenti l\u2019incertitude entourant la nouvelle administration am\u00e9ricaine et le co\u00fbt croissant de notre incapacit\u00e9 collective \u00e0 faire face \u00e0 la crise climatique.<\/p>\n\n\n\n<p>C\u2019est beaucoup, mais je suis persuad\u00e9e que vous mettrez en pratique vos nouvelles connaissances pour contribuer \u00e0 r\u00e9soudre les probl\u00e8mes et rendre le monde meilleur.<\/p>\n\n\n\n<p>Je connais la valeur d\u2019un dipl\u00f4me universitaire et celle de l\u2019obtention de ce dipl\u00f4me dans ce remarquable \u00e9tablissement o\u00f9 j\u2019ai le privil\u00e8ge de travailler depuis 22&nbsp;ans.<\/p>\n\n\n\n<p>Gr\u00e2ce \u00e0 votre formation universitaire, vous gagnerez environ 24&nbsp;% de plus que la moyenne nationale et vous aurez plus de chances d\u2019occuper un emploi stable, m\u00eame pendant des turbulences \u00e9conomiques comme la pand\u00e9mie. Vous aurez \u00e9galement beaucoup plus de possibilit\u00e9s d\u2019adopter l\u2019intelligence artificielle et d\u2019autres technologies \u00e9mergentes et de vous en servir comme compl\u00e9ment \u00e0 votre travail et \u00e0 votre vie.<\/p>\n\n\n\n<p>Mais tout cela va bien au-del\u00e0 de la r\u00e9ussite individuelle. Comme un grand nombre d\u2019entre vous ont choisi de faire des \u00e9tudes universitaires, notre pays a tout \u00e0 gagner&nbsp;: vous serez les fondateurs et fondatrices de la prochaine g\u00e9n\u00e9ration d\u2019entreprises licornes canadiennes qui feront cro\u00eetre notre \u00e9conomie; vous serez des innovateurs et innovatrices, des chercheurs et chercheuses, des artistes, des \u00e9ducateurs et \u00e9ducatrices, des responsables des orientations politiques, des leaders; vous serez les champions et les championnes dont le Canada a besoin pour rester une force positive dans ce monde.<\/p>\n\n\n\n<p>Surtout, comme vous avez choisi d\u2019obtenir votre dipl\u00f4me \u00e0 York, je sais que vous avez un objectif pr\u00e9cis pour l\u2019avenir. L\u2019\u00e9ducation que vous avez re\u00e7ue \u00e0 l\u2019Universit\u00e9 York est fond\u00e9e sur une exp\u00e9rience globale qui d\u00e9passe les connaissances et les comp\u00e9tences acquises dans votre domaine d\u2019\u00e9tudes.<\/p>\n\n\n\n<p>Notre universit\u00e9 et les programmes qu\u2019elle offre ont \u00e9t\u00e9 fa\u00e7onn\u00e9s en fonction de la volont\u00e9 du corps enseignant et du personnel d\u2019\u0153uvrer pour un monde plus juste, plus \u00e9quitable, plus pacifique et plus sain. En effet, les objectifs de d\u00e9veloppement durable des Nations Unies sont au c\u0153ur de tous nos efforts et vous avez \u00e9t\u00e9 encourag\u00e9s \u00e0 r\u00e9fl\u00e9chir et \u00e0 vous investir dans la fa\u00e7on de les faire progresser.<\/p>\n\n\n\n<p>York a pour ambition de ne laisser aucun talent inexploit\u00e9 et d\u2019am\u00e9liorer le bien-\u00eatre des communaut\u00e9s qu\u2019elle sert. Dans un contexte mondial marqu\u00e9 par l\u2019instabilit\u00e9, il peut \u00eatre difficile de savoir par o\u00f9 commencer. Cependant, gr\u00e2ce aux enseignements acquis, vous aurez le courage n\u00e9cessaire pour avancer, malgr\u00e9 l\u2019incertitude qui plane sur l\u2019avenir.<\/p>\n\n\n\n<p>Beaucoup d\u2019entre vous ont d\u00e9j\u00e0 commenc\u00e9 \u00e0 travailler ou vont le faire sous peu. N\u2019oubliez pas que la nature du travail \u00e9volue&nbsp;: le travail n\u2019est plus ax\u00e9 sur les connaissances, mais sur le c\u0153ur. Alors que l\u2019IA s\u2019immisce dans nos vies, ce qui nous distingue, c\u2019est notre passion et l\u2019attention que nous apportons aux d\u00e9fis \u00e0 surmonter. Je suis convaincue que vous poss\u00e9dez toutes les qualit\u00e9s n\u00e9cessaires pour y parvenir.<\/p>\n\n\n\n<p>Aujourd\u2019hui, vous int\u00e9grez un r\u00e9seau de plus de 375\u2009000&nbsp;dipl\u00f4m\u00e9s de York \u00e0 l\u2019\u00e9chelle mondiale. Certains et certaines d\u2019entre vous allez poursuivre vos \u00e9tudes \u00e0 York. Quels que soient vos projets d\u2019avenir, j\u2019esp\u00e8re que vous resterez en contact avec nous ainsi qu\u2019avec les amis et les contacts que vous vous \u00eates faits en cours de route.<\/p>\n\n\n\n<p>J\u2019aimerais aussi vous inviter \u00e0 prendre un instant pour remercier les nombreuses personnes qui vous ont soutenu tout au long de votre parcours postsecondaire&nbsp;: les membres du corps professoral, les auxiliaires d\u2019enseignement, le personnel administratif, vos camarades de classe, votre famille ainsi que vos partenaires et amis qui vous ont encourag\u00e9s et aid\u00e9s \u00e0 franchir ce palier important. Leur soutien a \u00e9t\u00e9 crucial pour arriver \u00e0 ce r\u00e9sultat.<\/p>\n\n\n\n<p>Merci d\u2019avoir choisi York et encore une fois, f\u00e9licitations! Nous avons h\u00e2te de voir ce que l\u2019avenir vous r\u00e9serve.<\/p>\n\n\n\n<p>Bonne chance! Miigwech!<\/p>\n","protected":false},"excerpt":{"rendered":"<p>Ce qui suit est une version abr\u00e9g\u00e9e du discours de Rhonda Lenton, pr\u00e9sidente et vice-chanceli\u00e8re de l\u2019Universit\u00e9 York, \u00e0 la promotion&nbsp;2025 lors des c\u00e9r\u00e9monies de remise des dipl\u00f4mes. Chers membres de la promotion&nbsp;2025, je vous adresse mes sinc\u00e8res f\u00e9licitations! C\u2019est un honneur et un plaisir pour moi de partager ce moment important de votre vie. [&hellip;]<\/p>\n","protected":false},"author":2386,"featured_media":396401,"comment_status":"closed","ping_status":"closed","sticky":false,"template":"","format":"standard","meta":{"_acf_changed":false,"_kad_blocks_custom_css":"","_kad_blocks_head_custom_js":"","_kad_blocks_body_custom_js":"","_kad_blocks_footer_custom_js":"","footnotes":""},"categories":[181],"tags":[4],"yfileauthor":[204],"qualifier":[],"yfile-author":[],"tags-to-show":[],"workflow":[],"class_list":["post-396345","post","type-post","status-publish","format-standard","has-post-thumbnail","hentry","category-francais","tag-yfile","yfileauthor-yfilestaff"],"acf":{"internal_publish_date":null,"original_image":null},"yoast_head":"<!-- This site is optimized with the Yoast SEO plugin v27.4 - https:\/\/yoast.com\/product\/yoast-seo-wordpress\/ -->\n<title>La pr\u00e9sidente f\u00e9licite la promotion 2025 \u00e0 l\u2019occasion de la c\u00e9r\u00e9monie de remise des dipl\u00f4mes du printemps - YFile<\/title>\n<meta name=\"robots\" content=\"index, follow, max-snippet:-1, max-image-preview:large, max-video-preview:-1\" \/>\n<link rel=\"canonical\" href=\"https:\/\/www.yorku.ca\/yfile\/2025\/06\/18\/la-presidente-felicite-la-promotion-2025-a-loccasion-de-la-ceremonie-de-remise-des-diplomes-du-printemps\/\" \/>\n<meta property=\"og:locale\" content=\"en_US\" \/>\n<meta property=\"og:type\" content=\"article\" \/>\n<meta property=\"og:title\" content=\"La pr\u00e9sidente f\u00e9licite la promotion 2025 \u00e0 l\u2019occasion de la c\u00e9r\u00e9monie de remise des dipl\u00f4mes du printemps - YFile\" \/>\n<meta property=\"og:description\" content=\"Ce qui suit est une version abr\u00e9g\u00e9e du discours de Rhonda Lenton, pr\u00e9sidente et vice-chanceli\u00e8re de l\u2019Universit\u00e9 York, \u00e0 la promotion&nbsp;2025 lors des c\u00e9r\u00e9monies de remise des dipl\u00f4mes. Chers membres de la promotion&nbsp;2025, je vous adresse mes sinc\u00e8res f\u00e9licitations! C\u2019est un honneur et un plaisir pour moi de partager ce moment important de votre vie. [&hellip;]\" \/>\n<meta property=\"og:url\" content=\"https:\/\/www.yorku.ca\/yfile\/2025\/06\/18\/la-presidente-felicite-la-promotion-2025-a-loccasion-de-la-ceremonie-de-remise-des-diplomes-du-printemps\/\" \/>\n<meta property=\"og:site_name\" content=\"YFile\" \/>\n<meta property=\"article:published_time\" content=\"2025-06-18T18:11:47+00:00\" \/>\n<meta property=\"article:modified_time\" content=\"2025-06-18T18:11:49+00:00\" \/>\n<meta property=\"og:image\" content=\"https:\/\/www.yorku.ca\/yfile\/wp-content\/uploads\/sites\/889\/2025\/06\/convocation-grads-with-diplomas-e1750270073152.jpg\" \/>\n\t<meta property=\"og:image:width\" content=\"1618\" \/>\n\t<meta property=\"og:image:height\" content=\"540\" \/>\n\t<meta property=\"og:image:type\" content=\"image\/jpeg\" \/>\n<meta name=\"author\" content=\"ashleygc\" \/>\n<meta name=\"twitter:card\" content=\"summary_large_image\" \/>\n<meta name=\"twitter:label1\" content=\"Written by\" \/>\n\t<meta name=\"twitter:data1\" content=\"ashleygc\" \/>\n\t<meta name=\"twitter:label2\" content=\"Est. reading time\" \/>\n\t<meta name=\"twitter:data2\" content=\"4 minutes\" \/>\n<script type=\"application\/ld+json\" class=\"yoast-schema-graph\">{\"@context\":\"https:\\\/\\\/schema.org\",\"@graph\":[{\"@type\":\"Article\",\"@id\":\"https:\\\/\\\/www.yorku.ca\\\/yfile\\\/2025\\\/06\\\/18\\\/la-presidente-felicite-la-promotion-2025-a-loccasion-de-la-ceremonie-de-remise-des-diplomes-du-printemps\\\/#article\",\"isPartOf\":{\"@id\":\"https:\\\/\\\/www.yorku.ca\\\/yfile\\\/2025\\\/06\\\/18\\\/la-presidente-felicite-la-promotion-2025-a-loccasion-de-la-ceremonie-de-remise-des-diplomes-du-printemps\\\/\"},\"author\":{\"name\":\"ashleygc\",\"@id\":\"https:\\\/\\\/www.yorku.ca\\\/yfile\\\/#\\\/schema\\\/person\\\/c31100c4bc540ab4f738557fdc4232d6\"},\"headline\":\"La pr\u00e9sidente f\u00e9licite la promotion 2025 \u00e0 l\u2019occasion de la c\u00e9r\u00e9monie de remise des dipl\u00f4mes du printemps\",\"datePublished\":\"2025-06-18T18:11:47+00:00\",\"dateModified\":\"2025-06-18T18:11:49+00:00\",\"mainEntityOfPage\":{\"@id\":\"https:\\\/\\\/www.yorku.ca\\\/yfile\\\/2025\\\/06\\\/18\\\/la-presidente-felicite-la-promotion-2025-a-loccasion-de-la-ceremonie-de-remise-des-diplomes-du-printemps\\\/\"},\"wordCount\":897,\"image\":{\"@id\":\"https:\\\/\\\/www.yorku.ca\\\/yfile\\\/2025\\\/06\\\/18\\\/la-presidente-felicite-la-promotion-2025-a-loccasion-de-la-ceremonie-de-remise-des-diplomes-du-printemps\\\/#primaryimage\"},\"thumbnailUrl\":\"https:\\\/\\\/www.yorku.ca\\\/yfile\\\/wp-content\\\/uploads\\\/sites\\\/889\\\/2025\\\/06\\\/convocation-grads-with-diplomas-e1750270073152.jpg\",\"keywords\":[\"YFile\"],\"articleSection\":[\"Fran\u00e7ais\"],\"inLanguage\":\"en-CA\",\"copyrightYear\":\"2025\",\"copyrightHolder\":{\"@id\":\"https:\\\/\\\/www.yorku.ca\\\/yfile\\\/#organization\"}},{\"@type\":\"WebPage\",\"@id\":\"https:\\\/\\\/www.yorku.ca\\\/yfile\\\/2025\\\/06\\\/18\\\/la-presidente-felicite-la-promotion-2025-a-loccasion-de-la-ceremonie-de-remise-des-diplomes-du-printemps\\\/\",\"url\":\"https:\\\/\\\/www.yorku.ca\\\/yfile\\\/2025\\\/06\\\/18\\\/la-presidente-felicite-la-promotion-2025-a-loccasion-de-la-ceremonie-de-remise-des-diplomes-du-printemps\\\/\",\"name\":\"La pr\u00e9sidente f\u00e9licite la promotion 2025 \u00e0 l\u2019occasion de la c\u00e9r\u00e9monie de remise des dipl\u00f4mes du printemps - YFile\",\"isPartOf\":{\"@id\":\"https:\\\/\\\/www.yorku.ca\\\/yfile\\\/#website\"},\"primaryImageOfPage\":{\"@id\":\"https:\\\/\\\/www.yorku.ca\\\/yfile\\\/2025\\\/06\\\/18\\\/la-presidente-felicite-la-promotion-2025-a-loccasion-de-la-ceremonie-de-remise-des-diplomes-du-printemps\\\/#primaryimage\"},\"image\":{\"@id\":\"https:\\\/\\\/www.yorku.ca\\\/yfile\\\/2025\\\/06\\\/18\\\/la-presidente-felicite-la-promotion-2025-a-loccasion-de-la-ceremonie-de-remise-des-diplomes-du-printemps\\\/#primaryimage\"},\"thumbnailUrl\":\"https:\\\/\\\/www.yorku.ca\\\/yfile\\\/wp-content\\\/uploads\\\/sites\\\/889\\\/2025\\\/06\\\/convocation-grads-with-diplomas-e1750270073152.jpg\",\"datePublished\":\"2025-06-18T18:11:47+00:00\",\"dateModified\":\"2025-06-18T18:11:49+00:00\",\"author\":{\"@id\":\"https:\\\/\\\/www.yorku.ca\\\/yfile\\\/#\\\/schema\\\/person\\\/c31100c4bc540ab4f738557fdc4232d6\"},\"breadcrumb\":{\"@id\":\"https:\\\/\\\/www.yorku.ca\\\/yfile\\\/2025\\\/06\\\/18\\\/la-presidente-felicite-la-promotion-2025-a-loccasion-de-la-ceremonie-de-remise-des-diplomes-du-printemps\\\/#breadcrumb\"},\"inLanguage\":\"en-CA\",\"potentialAction\":[{\"@type\":\"ReadAction\",\"target\":[\"https:\\\/\\\/www.yorku.ca\\\/yfile\\\/2025\\\/06\\\/18\\\/la-presidente-felicite-la-promotion-2025-a-loccasion-de-la-ceremonie-de-remise-des-diplomes-du-printemps\\\/\"]}]},{\"@type\":\"ImageObject\",\"inLanguage\":\"en-CA\",\"@id\":\"https:\\\/\\\/www.yorku.ca\\\/yfile\\\/2025\\\/06\\\/18\\\/la-presidente-felicite-la-promotion-2025-a-loccasion-de-la-ceremonie-de-remise-des-diplomes-du-printemps\\\/#primaryimage\",\"url\":\"https:\\\/\\\/www.yorku.ca\\\/yfile\\\/wp-content\\\/uploads\\\/sites\\\/889\\\/2025\\\/06\\\/convocation-grads-with-diplomas-e1750270073152.jpg\",\"contentUrl\":\"https:\\\/\\\/www.yorku.ca\\\/yfile\\\/wp-content\\\/uploads\\\/sites\\\/889\\\/2025\\\/06\\\/convocation-grads-with-diplomas-e1750270073152.jpg\",\"width\":1618,\"height\":540,\"caption\":\"convocation grads with diplomas.\"},{\"@type\":\"BreadcrumbList\",\"@id\":\"https:\\\/\\\/www.yorku.ca\\\/yfile\\\/2025\\\/06\\\/18\\\/la-presidente-felicite-la-promotion-2025-a-loccasion-de-la-ceremonie-de-remise-des-diplomes-du-printemps\\\/#breadcrumb\",\"itemListElement\":[{\"@type\":\"ListItem\",\"position\":1,\"name\":\"Home\",\"item\":\"https:\\\/\\\/www.yorku.ca\\\/yfile\\\/\"},{\"@type\":\"ListItem\",\"position\":2,\"name\":\"La pr\u00e9sidente f\u00e9licite la promotion 2025 \u00e0 l\u2019occasion de la c\u00e9r\u00e9monie de remise des dipl\u00f4mes du printemps\"}]},{\"@type\":\"WebSite\",\"@id\":\"https:\\\/\\\/www.yorku.ca\\\/yfile\\\/#website\",\"url\":\"https:\\\/\\\/www.yorku.ca\\\/yfile\\\/\",\"name\":\"YFile\",\"description\":\"\",\"potentialAction\":[{\"@type\":\"SearchAction\",\"target\":{\"@type\":\"EntryPoint\",\"urlTemplate\":\"https:\\\/\\\/www.yorku.ca\\\/yfile\\\/?s={search_term_string}\"},\"query-input\":{\"@type\":\"PropertyValueSpecification\",\"valueRequired\":true,\"valueName\":\"search_term_string\"}}],\"inLanguage\":\"en-CA\"},{\"@type\":\"Person\",\"@id\":\"https:\\\/\\\/www.yorku.ca\\\/yfile\\\/#\\\/schema\\\/person\\\/c31100c4bc540ab4f738557fdc4232d6\",\"name\":\"ashleygc\",\"image\":{\"@type\":\"ImageObject\",\"inLanguage\":\"en-CA\",\"@id\":\"https:\\\/\\\/secure.gravatar.com\\\/avatar\\\/29c936e1b9ea858bc3a60b4e624751572a1d0582545fc64ca5adcc2adc837d6e?s=96&d=mm&r=g\",\"url\":\"https:\\\/\\\/secure.gravatar.com\\\/avatar\\\/29c936e1b9ea858bc3a60b4e624751572a1d0582545fc64ca5adcc2adc837d6e?s=96&d=mm&r=g\",\"contentUrl\":\"https:\\\/\\\/secure.gravatar.com\\\/avatar\\\/29c936e1b9ea858bc3a60b4e624751572a1d0582545fc64ca5adcc2adc837d6e?s=96&d=mm&r=g\",\"caption\":\"ashleygc\"},\"url\":\"https:\\\/\\\/www.yorku.ca\\\/yfile\\\/author\\\/ashleygc\\\/\"}]}<\/script>\n<!-- \/ Yoast SEO plugin. -->","yoast_head_json":{"title":"La pr\u00e9sidente f\u00e9licite la promotion 2025 \u00e0 l\u2019occasion de la c\u00e9r\u00e9monie de remise des dipl\u00f4mes du printemps - YFile","robots":{"index":"index","follow":"follow","max-snippet":"max-snippet:-1","max-image-preview":"max-image-preview:large","max-video-preview":"max-video-preview:-1"},"canonical":"https:\/\/www.yorku.ca\/yfile\/2025\/06\/18\/la-presidente-felicite-la-promotion-2025-a-loccasion-de-la-ceremonie-de-remise-des-diplomes-du-printemps\/","og_locale":"en_US","og_type":"article","og_title":"La pr\u00e9sidente f\u00e9licite la promotion 2025 \u00e0 l\u2019occasion de la c\u00e9r\u00e9monie de remise des dipl\u00f4mes du printemps - YFile","og_description":"Ce qui suit est une version abr\u00e9g\u00e9e du discours de Rhonda Lenton, pr\u00e9sidente et vice-chanceli\u00e8re de l\u2019Universit\u00e9 York, \u00e0 la promotion&nbsp;2025 lors des c\u00e9r\u00e9monies de remise des dipl\u00f4mes. Chers membres de la promotion&nbsp;2025, je vous adresse mes sinc\u00e8res f\u00e9licitations! C\u2019est un honneur et un plaisir pour moi de partager ce moment important de votre vie. [&hellip;]","og_url":"https:\/\/www.yorku.ca\/yfile\/2025\/06\/18\/la-presidente-felicite-la-promotion-2025-a-loccasion-de-la-ceremonie-de-remise-des-diplomes-du-printemps\/","og_site_name":"YFile","article_published_time":"2025-06-18T18:11:47+00:00","article_modified_time":"2025-06-18T18:11:49+00:00","og_image":[{"width":1618,"height":540,"url":"https:\/\/www.yorku.ca\/yfile\/wp-content\/uploads\/sites\/889\/2025\/06\/convocation-grads-with-diplomas-e1750270073152.jpg","type":"image\/jpeg"}],"author":"ashleygc","twitter_card":"summary_large_image","twitter_misc":{"Written by":"ashleygc","Est. reading time":"4 minutes"},"schema":{"@context":"https:\/\/schema.org","@graph":[{"@type":"Article","@id":"https:\/\/www.yorku.ca\/yfile\/2025\/06\/18\/la-presidente-felicite-la-promotion-2025-a-loccasion-de-la-ceremonie-de-remise-des-diplomes-du-printemps\/#article","isPartOf":{"@id":"https:\/\/www.yorku.ca\/yfile\/2025\/06\/18\/la-presidente-felicite-la-promotion-2025-a-loccasion-de-la-ceremonie-de-remise-des-diplomes-du-printemps\/"},"author":{"name":"ashleygc","@id":"https:\/\/www.yorku.ca\/yfile\/#\/schema\/person\/c31100c4bc540ab4f738557fdc4232d6"},"headline":"La pr\u00e9sidente f\u00e9licite la promotion 2025 \u00e0 l\u2019occasion de la c\u00e9r\u00e9monie de remise des dipl\u00f4mes du printemps","datePublished":"2025-06-18T18:11:47+00:00","dateModified":"2025-06-18T18:11:49+00:00","mainEntityOfPage":{"@id":"https:\/\/www.yorku.ca\/yfile\/2025\/06\/18\/la-presidente-felicite-la-promotion-2025-a-loccasion-de-la-ceremonie-de-remise-des-diplomes-du-printemps\/"},"wordCount":897,"image":{"@id":"https:\/\/www.yorku.ca\/yfile\/2025\/06\/18\/la-presidente-felicite-la-promotion-2025-a-loccasion-de-la-ceremonie-de-remise-des-diplomes-du-printemps\/#primaryimage"},"thumbnailUrl":"https:\/\/www.yorku.ca\/yfile\/wp-content\/uploads\/sites\/889\/2025\/06\/convocation-grads-with-diplomas-e1750270073152.jpg","keywords":["YFile"],"articleSection":["Fran\u00e7ais"],"inLanguage":"en-CA","copyrightYear":"2025","copyrightHolder":{"@id":"https:\/\/www.yorku.ca\/yfile\/#organization"}},{"@type":"WebPage","@id":"https:\/\/www.yorku.ca\/yfile\/2025\/06\/18\/la-presidente-felicite-la-promotion-2025-a-loccasion-de-la-ceremonie-de-remise-des-diplomes-du-printemps\/","url":"https:\/\/www.yorku.ca\/yfile\/2025\/06\/18\/la-presidente-felicite-la-promotion-2025-a-loccasion-de-la-ceremonie-de-remise-des-diplomes-du-printemps\/","name":"La pr\u00e9sidente f\u00e9licite la promotion 2025 \u00e0 l\u2019occasion de la c\u00e9r\u00e9monie de remise des dipl\u00f4mes du printemps - YFile","isPartOf":{"@id":"https:\/\/www.yorku.ca\/yfile\/#website"},"primaryImageOfPage":{"@id":"https:\/\/www.yorku.ca\/yfile\/2025\/06\/18\/la-presidente-felicite-la-promotion-2025-a-loccasion-de-la-ceremonie-de-remise-des-diplomes-du-printemps\/#primaryimage"},"image":{"@id":"https:\/\/www.yorku.ca\/yfile\/2025\/06\/18\/la-presidente-felicite-la-promotion-2025-a-loccasion-de-la-ceremonie-de-remise-des-diplomes-du-printemps\/#primaryimage"},"thumbnailUrl":"https:\/\/www.yorku.ca\/yfile\/wp-content\/uploads\/sites\/889\/2025\/06\/convocation-grads-with-diplomas-e1750270073152.jpg","datePublished":"2025-06-18T18:11:47+00:00","dateModified":"2025-06-18T18:11:49+00:00","author":{"@id":"https:\/\/www.yorku.ca\/yfile\/#\/schema\/person\/c31100c4bc540ab4f738557fdc4232d6"},"breadcrumb":{"@id":"https:\/\/www.yorku.ca\/yfile\/2025\/06\/18\/la-presidente-felicite-la-promotion-2025-a-loccasion-de-la-ceremonie-de-remise-des-diplomes-du-printemps\/#breadcrumb"},"inLanguage":"en-CA","potentialAction":[{"@type":"ReadAction","target":["https:\/\/www.yorku.ca\/yfile\/2025\/06\/18\/la-presidente-felicite-la-promotion-2025-a-loccasion-de-la-ceremonie-de-remise-des-diplomes-du-printemps\/"]}]},{"@type":"ImageObject","inLanguage":"en-CA","@id":"https:\/\/www.yorku.ca\/yfile\/2025\/06\/18\/la-presidente-felicite-la-promotion-2025-a-loccasion-de-la-ceremonie-de-remise-des-diplomes-du-printemps\/#primaryimage","url":"https:\/\/www.yorku.ca\/yfile\/wp-content\/uploads\/sites\/889\/2025\/06\/convocation-grads-with-diplomas-e1750270073152.jpg","contentUrl":"https:\/\/www.yorku.ca\/yfile\/wp-content\/uploads\/sites\/889\/2025\/06\/convocation-grads-with-diplomas-e1750270073152.jpg","width":1618,"height":540,"caption":"convocation grads with diplomas."},{"@type":"BreadcrumbList","@id":"https:\/\/www.yorku.ca\/yfile\/2025\/06\/18\/la-presidente-felicite-la-promotion-2025-a-loccasion-de-la-ceremonie-de-remise-des-diplomes-du-printemps\/#breadcrumb","itemListElement":[{"@type":"ListItem","position":1,"name":"Home","item":"https:\/\/www.yorku.ca\/yfile\/"},{"@type":"ListItem","position":2,"name":"La pr\u00e9sidente f\u00e9licite la promotion 2025 \u00e0 l\u2019occasion de la c\u00e9r\u00e9monie de remise des dipl\u00f4mes du printemps"}]},{"@type":"WebSite","@id":"https:\/\/www.yorku.ca\/yfile\/#website","url":"https:\/\/www.yorku.ca\/yfile\/","name":"YFile","description":"","potentialAction":[{"@type":"SearchAction","target":{"@type":"EntryPoint","urlTemplate":"https:\/\/www.yorku.ca\/yfile\/?s={search_term_string}"},"query-input":{"@type":"PropertyValueSpecification","valueRequired":true,"valueName":"search_term_string"}}],"inLanguage":"en-CA"},{"@type":"Person","@id":"https:\/\/www.yorku.ca\/yfile\/#\/schema\/person\/c31100c4bc540ab4f738557fdc4232d6","name":"ashleygc","image":{"@type":"ImageObject","inLanguage":"en-CA","@id":"https:\/\/secure.gravatar.com\/avatar\/29c936e1b9ea858bc3a60b4e624751572a1d0582545fc64ca5adcc2adc837d6e?s=96&d=mm&r=g","url":"https:\/\/secure.gravatar.com\/avatar\/29c936e1b9ea858bc3a60b4e624751572a1d0582545fc64ca5adcc2adc837d6e?s=96&d=mm&r=g","contentUrl":"https:\/\/secure.gravatar.com\/avatar\/29c936e1b9ea858bc3a60b4e624751572a1d0582545fc64ca5adcc2adc837d6e?s=96&d=mm&r=g","caption":"ashleygc"},"url":"https:\/\/www.yorku.ca\/yfile\/author\/ashleygc\/"}]}},"taxonomy_info":{"category":[{"value":181,"label":"Fran\u00e7ais"}],"post_tag":[{"value":4,"label":"YFile"}],"yfileauthor":[{"value":204,"label":"YFile Staff"}]},"featured_image_src_large":["https:\/\/www.yorku.ca\/yfile\/wp-content\/uploads\/sites\/889\/2025\/06\/convocation-grads-with-diplomas-e1750270073152-1024x342.jpg",1024,342,true],"author_info":{"display_name":"ashleygc","author_link":"https:\/\/www.yorku.ca\/yfile\/author\/ashleygc\/"},"comment_info":0,"category_info":[{"term_id":181,"name":"Fran\u00e7ais","slug":"francais","term_group":0,"term_taxonomy_id":181,"taxonomy":"category","description":"Institutional news and announcements in French.","parent":0,"count":89,"filter":"raw","cat_ID":181,"category_count":89,"category_description":"Institutional news and announcements in French.","cat_name":"Fran\u00e7ais","category_nicename":"francais","category_parent":0}],"tag_info":[{"term_id":4,"name":"YFile","slug":"yfile","term_group":0,"term_taxonomy_id":4,"taxonomy":"post_tag","description":"","parent":0,"count":5325,"filter":"raw"}],"_links":{"self":[{"href":"https:\/\/www.yorku.ca\/yfile\/wp-json\/wp\/v2\/posts\/396345","targetHints":{"allow":["GET"]}}],"collection":[{"href":"https:\/\/www.yorku.ca\/yfile\/wp-json\/wp\/v2\/posts"}],"about":[{"href":"https:\/\/www.yorku.ca\/yfile\/wp-json\/wp\/v2\/types\/post"}],"author":[{"embeddable":true,"href":"https:\/\/www.yorku.ca\/yfile\/wp-json\/wp\/v2\/users\/2386"}],"replies":[{"embeddable":true,"href":"https:\/\/www.yorku.ca\/yfile\/wp-json\/wp\/v2\/comments?post=396345"}],"version-history":[{"count":3,"href":"https:\/\/www.yorku.ca\/yfile\/wp-json\/wp\/v2\/posts\/396345\/revisions"}],"predecessor-version":[{"id":396405,"href":"https:\/\/www.yorku.ca\/yfile\/wp-json\/wp\/v2\/posts\/396345\/revisions\/396405"}],"wp:featuredmedia":[{"embeddable":true,"href":"https:\/\/www.yorku.ca\/yfile\/wp-json\/wp\/v2\/media\/396401"}],"wp:attachment":[{"href":"https:\/\/www.yorku.ca\/yfile\/wp-json\/wp\/v2\/media?parent=396345"}],"wp:term":[{"taxonomy":"category","embeddable":true,"href":"https:\/\/www.yorku.ca\/yfile\/wp-json\/wp\/v2\/categories?post=396345"},{"taxonomy":"post_tag","embeddable":true,"href":"https:\/\/www.yorku.ca\/yfile\/wp-json\/wp\/v2\/tags?post=396345"},{"taxonomy":"yfileauthor","embeddable":true,"href":"https:\/\/www.yorku.ca\/yfile\/wp-json\/wp\/v2\/yfileauthor?post=396345"},{"taxonomy":"qualifier","embeddable":true,"href":"https:\/\/www.yorku.ca\/yfile\/wp-json\/wp\/v2\/qualifier?post=396345"},{"taxonomy":"yfile-author","embeddable":true,"href":"https:\/\/www.yorku.ca\/yfile\/wp-json\/wp\/v2\/yfile-author?post=396345"},{"taxonomy":"tags-to-show","embeddable":true,"href":"https:\/\/www.yorku.ca\/yfile\/wp-json\/wp\/v2\/tags-to-show?post=396345"},{"taxonomy":"workflow","embeddable":true,"href":"https:\/\/www.yorku.ca\/yfile\/wp-json\/wp\/v2\/workflow?post=396345"}],"curies":[{"name":"wp","href":"https:\/\/api.w.org\/{rel}","templated":true}]}}