{"id":404455,"date":"2026-03-04T14:22:54","date_gmt":"2026-03-04T19:22:54","guid":{"rendered":"https:\/\/www.yorku.ca\/yfile\/?p=404455"},"modified":"2026-03-04T19:11:57","modified_gmt":"2026-03-05T00:11:57","slug":"luniversite-york-celebre-la-journee-internationale-des-femmes-2","status":"publish","type":"post","link":"https:\/\/www.yorku.ca\/yfile\/2026\/03\/04\/luniversite-york-celebre-la-journee-internationale-des-femmes-2\/","title":{"rendered":"L\u2019Universit\u00e9 York c\u00e9l\u00e8bre la Journ\u00e9e internationale des femmes"},"content":{"rendered":"\n<h3 class=\"wp-block-heading\">La Journ\u00e9e internationale des femmes nous donne la chance de c\u00e9l\u00e9brer les nombreux progr\u00e8s r\u00e9alis\u00e9s en mati\u00e8re d\u2019inclusion et d\u2019\u00e9galit\u00e9 des genres. C\u2019est toutefois \u00e9galement une occasion de reconna\u00eetre les forces locales et mondiales qui continuent \u00e0 entraver les progr\u00e8s des femmes et des filles cis et trans dans tous les domaines de la vie sociale.<\/h3>\n\n\n\n<div style=\"height:20px\" aria-hidden=\"true\" class=\"wp-block-spacer\"><\/div>\n\n\n\n<p>Le 8 mars, honorons et appr\u00e9cions les contributions et les r\u00e9alisations sociales, culturelles, \u00e9conomiques et politiques des filles et des femmes, tout en pr\u00eatant attention aux barri\u00e8res intersectionnelles qui entravent leur pleine inclusion. La persistance de la misogynie\/misogynoire, de la discrimination et de la violence bas\u00e9e sur le genre ainsi que le recul des soins de sant\u00e9, de l\u2019\u00e9ducation et des libert\u00e9s et droits \u00e9lectoraux des filles et des femmes dans certains pays du monde confirment que le travail de promotion et d\u2019actualisation de l\u2019\u00e9quit\u00e9 entre les genres est non seulement loin d\u2019\u00eatre achev\u00e9, mais qu\u2019il doit redoubler d\u2019ardeur.<\/p>\n\n\n\n<p>L\u2019Universit\u00e9 York reconna\u00eet depuis longtemps l\u2019importance de l\u2019\u00e9galit\u00e9 des genres. De nombreux exemples illustrent les fa\u00e7ons dont les membres de la population \u00e9tudiante, du personnel, du corps professoral, des dipl\u00f4m\u00e9s et des retrait\u00e9s contribuent \u00e0 perturber et \u00e0 \u00e9liminer les in\u00e9galit\u00e9s entre les genres&nbsp;: l\u2019excellence en recherche au sein du Centre de recherches f\u00e9ministes, les nouveaux partenariats avec des r\u00e9seaux mondiaux, les cours et les programmes universitaires innovateurs et interdisciplinaires ax\u00e9s sur les femmes et le genre, les programmes destin\u00e9s aux \u00e9tudiantes s\u2019identifiant comme des femmes, le soutien aux femmes entrepreneures et bien d\u2019autres initiatives.<\/p>\n\n\n\n<p>Je souhaite vous pr\u00e9senter quelques-unes des r\u00e9alisations remarquables des membres de la communaut\u00e9 au cours de l\u2019ann\u00e9e \u00e9coul\u00e9e. J\u2019esp\u00e8re que vous prendrez le temps de lire leurs histoires&nbsp;:<\/p>\n\n\n\n<ul class=\"wp-block-list\">\n<li>La s\u00e9lection de la professeure \u00e9m\u00e9rite et professeure de recherche distingu\u00e9e <strong>Pat Armstrong<\/strong> <a href=\"https:\/\/www.yorku.ca\/yfile\/2025\/04\/02\/yorks-pat-armstrong-to-help-shape-canadas-care-economy\/\" target=\"_blank\" rel=\"noreferrer noopener\">pour si\u00e9ger \u00e0 la Table sectorielle sur l\u2019\u00e9conomie des soins<\/a>, qui conseille le gouvernement f\u00e9d\u00e9ral sur la mani\u00e8re de mieux soutenir la main-d\u2019\u0153uvre r\u00e9mun\u00e9r\u00e9e et non r\u00e9mun\u00e9r\u00e9e.<\/li>\n\n\n\n<li>Les travaux de <strong>Talisha Ramsaroop<\/strong> et de <strong>Krystle Skeete<\/strong>, membres du personnel et dipl\u00f4m\u00e9es de York, pour <a href=\"https:\/\/www.yorku.ca\/yfile\/2025\/08\/06\/jane-finch-roots-inspire-york-alumni-to-bridge-community-and-campus\/\" target=\"_blank\" rel=\"noreferrer noopener\">donner des moyens aux jeunes dans la communaut\u00e9 et sur le campus<\/a>.<\/li>\n\n\n\n<li>La nomination de <strong>Pina D\u2019Agostino<\/strong>, vice-pr\u00e9sidente associ\u00e9e \u00e0 la recherche, au <a href=\"https:\/\/www.yorku.ca\/yfile\/2025\/11\/07\/pina-dagostino-named-first-female-chair-of-ontario-centre-of-innovation-board\/\" target=\"_blank\" rel=\"noreferrer noopener\">poste de pr\u00e9sidente du conseil d\u2019administration du Centre d\u2019innovation de l\u2019Ontario<\/a>.<\/li>\n\n\n\n<li>L\u2019inspiration apport\u00e9e par la dipl\u00f4m\u00e9e <strong>Lilly Singh<\/strong>, qui a <a href=\"https:\/\/www.yorku.ca\/yfile\/2025\/10\/17\/alumna-lilly-singh-tells-york-grads-failure-is-not-a-setback\/\" target=\"_blank\" rel=\"noreferrer noopener\">re\u00e7u un dipl\u00f4me honorifique<\/a>.<\/li>\n\n\n\n<li><a href=\"https:\/\/www.yorku.ca\/yfile\/2026\/02\/06\/york-researcher-highlights-power-of-black-matriarchal-storytelling\/\" target=\"_blank\" rel=\"noreferrer noopener\">L\u2019\u00e9rudition gr\u00e2ce \u00e0 la cocr\u00e9ation et la mise en r\u00e9cit culturelle<\/a> de <strong>Stephanie Fearon<\/strong>, toute premi\u00e8re professeure adjointe de l\u2019Universit\u00e9 York pour l\u2019\u00e9panouissement et l\u2019\u00e9ducation des personnes noires.<\/li>\n\n\n\n<li>Le travail et les initiatives du groupe \u00ab\u2009<a href=\"https:\/\/www.yorku.ca\/yfile\/2026\/02\/11\/women-in-stem-find-support-through-lassonde-initiative\/\" target=\"_blank\" rel=\"noreferrer noopener\">Women in Computer Science and Engineering<\/a> \u00bb visant \u00e0 renforcer les possibilit\u00e9s de r\u00e9ussite des femmes dans le domaine de l\u2019informatique et de l\u2019ing\u00e9nierie.<\/li>\n<\/ul>\n\n\n\n<p>Je vous invite \u00e0 c\u00e9l\u00e9brer la Journ\u00e9e internationale des femmes d\u2019une mani\u00e8re qui vous semble appropri\u00e9e et qui souligne les nombreuses r\u00e9alisations des femmes et des filles dans le monde entier. Par ailleurs, j\u2019encourage les membres de la communaut\u00e9 \u00e0 s\u2019informer sur les obstacles qui subsistent en mati\u00e8re d\u2019\u00e9galit\u00e9 entre les hommes et les femmes.<\/p>\n\n\n\n<p>Ensemble, nous pouvons faire en sorte que chaque personne ait la possibilit\u00e9 de prosp\u00e9rer et de contribuer \u00e0 un avenir plus \u00e9quitable et radieux.<\/p>\n\n\n\n<p><strong>Merci. Thank you. Miigwech.<\/strong><strong><\/strong><\/p>\n\n\n\n<p><strong>Parissa Safai<\/strong><br><strong>Vice-pr\u00e9sidente int\u00e9rimaire de l\u2019\u00e9quit\u00e9, des personnes et de la culture<\/strong><\/p>\n","protected":false},"excerpt":{"rendered":"<p>Le 8 mars, Journ\u00e9e internationale des femmes, l\u2019Universit\u00e9 York reconna\u00eet les incroyables contributions des filles et des femmes et souligne la n\u00e9cessit\u00e9 de poursuivre nos efforts pour assurer leur pleine participation \u00e0 toutes les facettes de la soci\u00e9t\u00e9. <\/p>\n","protected":false},"author":2386,"featured_media":404451,"comment_status":"closed","ping_status":"closed","sticky":false,"template":"","format":"standard","meta":{"_acf_changed":false,"_kad_blocks_custom_css":"","_kad_blocks_head_custom_js":"","_kad_blocks_body_custom_js":"","_kad_blocks_footer_custom_js":"","footnotes":""},"categories":[181],"tags":[4],"yfileauthor":[204],"qualifier":[],"yfile-author":[],"tags-to-show":[],"workflow":[],"class_list":["post-404455","post","type-post","status-publish","format-standard","has-post-thumbnail","hentry","category-francais","tag-yfile","yfileauthor-yfilestaff"],"acf":{"internal_publish_date":"20260305","original_image":""},"yoast_head":"<!-- This site is optimized with the Yoast SEO plugin v27.4 - https:\/\/yoast.com\/product\/yoast-seo-wordpress\/ -->\n<title>L\u2019Universit\u00e9 York c\u00e9l\u00e8bre la Journ\u00e9e internationale des femmes - YFile<\/title>\n<meta name=\"robots\" content=\"index, follow, max-snippet:-1, max-image-preview:large, max-video-preview:-1\" \/>\n<link rel=\"canonical\" href=\"https:\/\/www.yorku.ca\/yfile\/2026\/03\/04\/luniversite-york-celebre-la-journee-internationale-des-femmes-2\/\" \/>\n<meta property=\"og:locale\" content=\"en_US\" \/>\n<meta property=\"og:type\" content=\"article\" \/>\n<meta property=\"og:title\" content=\"L\u2019Universit\u00e9 York c\u00e9l\u00e8bre la Journ\u00e9e internationale des femmes - YFile\" \/>\n<meta property=\"og:description\" content=\"Le 8 mars, Journ\u00e9e internationale des femmes, l\u2019Universit\u00e9 York reconna\u00eet les incroyables contributions des filles et des femmes et souligne la n\u00e9cessit\u00e9 de poursuivre nos efforts pour assurer leur pleine participation \u00e0 toutes les facettes de la soci\u00e9t\u00e9.\" \/>\n<meta property=\"og:url\" content=\"https:\/\/www.yorku.ca\/yfile\/2026\/03\/04\/luniversite-york-celebre-la-journee-internationale-des-femmes-2\/\" \/>\n<meta property=\"og:site_name\" content=\"YFile\" \/>\n<meta property=\"article:published_time\" content=\"2026-03-04T19:22:54+00:00\" \/>\n<meta property=\"article:modified_time\" content=\"2026-03-05T00:11:57+00:00\" \/>\n<meta property=\"og:image\" content=\"https:\/\/www.yorku.ca\/yfile\/wp-content\/uploads\/sites\/889\/2026\/03\/Three-female-students-in-Greenhouse_8-e1772641064861.jpg\" \/>\n\t<meta property=\"og:image:width\" content=\"1800\" \/>\n\t<meta property=\"og:image:height\" content=\"600\" \/>\n\t<meta property=\"og:image:type\" content=\"image\/jpeg\" \/>\n<meta name=\"author\" content=\"ashleygc\" \/>\n<meta name=\"twitter:card\" content=\"summary_large_image\" \/>\n<meta name=\"twitter:label1\" content=\"Written by\" \/>\n\t<meta name=\"twitter:data1\" content=\"ashleygc\" \/>\n\t<meta name=\"twitter:label2\" content=\"Est. reading time\" \/>\n\t<meta name=\"twitter:data2\" content=\"3 minutes\" \/>\n<script type=\"application\/ld+json\" class=\"yoast-schema-graph\">{\"@context\":\"https:\\\/\\\/schema.org\",\"@graph\":[{\"@type\":\"Article\",\"@id\":\"https:\\\/\\\/www.yorku.ca\\\/yfile\\\/2026\\\/03\\\/04\\\/luniversite-york-celebre-la-journee-internationale-des-femmes-2\\\/#article\",\"isPartOf\":{\"@id\":\"https:\\\/\\\/www.yorku.ca\\\/yfile\\\/2026\\\/03\\\/04\\\/luniversite-york-celebre-la-journee-internationale-des-femmes-2\\\/\"},\"author\":{\"name\":\"ashleygc\",\"@id\":\"https:\\\/\\\/www.yorku.ca\\\/yfile\\\/#\\\/schema\\\/person\\\/c31100c4bc540ab4f738557fdc4232d6\"},\"headline\":\"L\u2019Universit\u00e9 York c\u00e9l\u00e8bre la Journ\u00e9e internationale des femmes\",\"datePublished\":\"2026-03-04T19:22:54+00:00\",\"dateModified\":\"2026-03-05T00:11:57+00:00\",\"mainEntityOfPage\":{\"@id\":\"https:\\\/\\\/www.yorku.ca\\\/yfile\\\/2026\\\/03\\\/04\\\/luniversite-york-celebre-la-journee-internationale-des-femmes-2\\\/\"},\"wordCount\":645,\"image\":{\"@id\":\"https:\\\/\\\/www.yorku.ca\\\/yfile\\\/2026\\\/03\\\/04\\\/luniversite-york-celebre-la-journee-internationale-des-femmes-2\\\/#primaryimage\"},\"thumbnailUrl\":\"https:\\\/\\\/www.yorku.ca\\\/yfile\\\/wp-content\\\/uploads\\\/sites\\\/889\\\/2026\\\/03\\\/Three-female-students-in-Greenhouse_8-e1772641064861.jpg\",\"keywords\":[\"YFile\"],\"articleSection\":[\"Fran\u00e7ais\"],\"inLanguage\":\"en-CA\",\"copyrightYear\":\"2026\",\"copyrightHolder\":{\"@id\":\"https:\\\/\\\/www.yorku.ca\\\/yfile\\\/#organization\"}},{\"@type\":\"WebPage\",\"@id\":\"https:\\\/\\\/www.yorku.ca\\\/yfile\\\/2026\\\/03\\\/04\\\/luniversite-york-celebre-la-journee-internationale-des-femmes-2\\\/\",\"url\":\"https:\\\/\\\/www.yorku.ca\\\/yfile\\\/2026\\\/03\\\/04\\\/luniversite-york-celebre-la-journee-internationale-des-femmes-2\\\/\",\"name\":\"L\u2019Universit\u00e9 York c\u00e9l\u00e8bre la Journ\u00e9e internationale des femmes - YFile\",\"isPartOf\":{\"@id\":\"https:\\\/\\\/www.yorku.ca\\\/yfile\\\/#website\"},\"primaryImageOfPage\":{\"@id\":\"https:\\\/\\\/www.yorku.ca\\\/yfile\\\/2026\\\/03\\\/04\\\/luniversite-york-celebre-la-journee-internationale-des-femmes-2\\\/#primaryimage\"},\"image\":{\"@id\":\"https:\\\/\\\/www.yorku.ca\\\/yfile\\\/2026\\\/03\\\/04\\\/luniversite-york-celebre-la-journee-internationale-des-femmes-2\\\/#primaryimage\"},\"thumbnailUrl\":\"https:\\\/\\\/www.yorku.ca\\\/yfile\\\/wp-content\\\/uploads\\\/sites\\\/889\\\/2026\\\/03\\\/Three-female-students-in-Greenhouse_8-e1772641064861.jpg\",\"datePublished\":\"2026-03-04T19:22:54+00:00\",\"dateModified\":\"2026-03-05T00:11:57+00:00\",\"author\":{\"@id\":\"https:\\\/\\\/www.yorku.ca\\\/yfile\\\/#\\\/schema\\\/person\\\/c31100c4bc540ab4f738557fdc4232d6\"},\"breadcrumb\":{\"@id\":\"https:\\\/\\\/www.yorku.ca\\\/yfile\\\/2026\\\/03\\\/04\\\/luniversite-york-celebre-la-journee-internationale-des-femmes-2\\\/#breadcrumb\"},\"inLanguage\":\"en-CA\",\"potentialAction\":[{\"@type\":\"ReadAction\",\"target\":[\"https:\\\/\\\/www.yorku.ca\\\/yfile\\\/2026\\\/03\\\/04\\\/luniversite-york-celebre-la-journee-internationale-des-femmes-2\\\/\"]}]},{\"@type\":\"ImageObject\",\"inLanguage\":\"en-CA\",\"@id\":\"https:\\\/\\\/www.yorku.ca\\\/yfile\\\/2026\\\/03\\\/04\\\/luniversite-york-celebre-la-journee-internationale-des-femmes-2\\\/#primaryimage\",\"url\":\"https:\\\/\\\/www.yorku.ca\\\/yfile\\\/wp-content\\\/uploads\\\/sites\\\/889\\\/2026\\\/03\\\/Three-female-students-in-Greenhouse_8-e1772641064861.jpg\",\"contentUrl\":\"https:\\\/\\\/www.yorku.ca\\\/yfile\\\/wp-content\\\/uploads\\\/sites\\\/889\\\/2026\\\/03\\\/Three-female-students-in-Greenhouse_8-e1772641064861.jpg\",\"width\":1800,\"height\":600,\"caption\":\"Three female student revieing notes in the greenhouse\"},{\"@type\":\"BreadcrumbList\",\"@id\":\"https:\\\/\\\/www.yorku.ca\\\/yfile\\\/2026\\\/03\\\/04\\\/luniversite-york-celebre-la-journee-internationale-des-femmes-2\\\/#breadcrumb\",\"itemListElement\":[{\"@type\":\"ListItem\",\"position\":1,\"name\":\"Home\",\"item\":\"https:\\\/\\\/www.yorku.ca\\\/yfile\\\/\"},{\"@type\":\"ListItem\",\"position\":2,\"name\":\"L\u2019Universit\u00e9 York c\u00e9l\u00e8bre la Journ\u00e9e internationale des femmes\"}]},{\"@type\":\"WebSite\",\"@id\":\"https:\\\/\\\/www.yorku.ca\\\/yfile\\\/#website\",\"url\":\"https:\\\/\\\/www.yorku.ca\\\/yfile\\\/\",\"name\":\"YFile\",\"description\":\"\",\"potentialAction\":[{\"@type\":\"SearchAction\",\"target\":{\"@type\":\"EntryPoint\",\"urlTemplate\":\"https:\\\/\\\/www.yorku.ca\\\/yfile\\\/?s={search_term_string}\"},\"query-input\":{\"@type\":\"PropertyValueSpecification\",\"valueRequired\":true,\"valueName\":\"search_term_string\"}}],\"inLanguage\":\"en-CA\"},{\"@type\":\"Person\",\"@id\":\"https:\\\/\\\/www.yorku.ca\\\/yfile\\\/#\\\/schema\\\/person\\\/c31100c4bc540ab4f738557fdc4232d6\",\"name\":\"ashleygc\",\"image\":{\"@type\":\"ImageObject\",\"inLanguage\":\"en-CA\",\"@id\":\"https:\\\/\\\/secure.gravatar.com\\\/avatar\\\/29c936e1b9ea858bc3a60b4e624751572a1d0582545fc64ca5adcc2adc837d6e?s=96&d=mm&r=g\",\"url\":\"https:\\\/\\\/secure.gravatar.com\\\/avatar\\\/29c936e1b9ea858bc3a60b4e624751572a1d0582545fc64ca5adcc2adc837d6e?s=96&d=mm&r=g\",\"contentUrl\":\"https:\\\/\\\/secure.gravatar.com\\\/avatar\\\/29c936e1b9ea858bc3a60b4e624751572a1d0582545fc64ca5adcc2adc837d6e?s=96&d=mm&r=g\",\"caption\":\"ashleygc\"},\"url\":\"https:\\\/\\\/www.yorku.ca\\\/yfile\\\/author\\\/ashleygc\\\/\"}]}<\/script>\n<!-- \/ Yoast SEO plugin. -->","yoast_head_json":{"title":"L\u2019Universit\u00e9 York c\u00e9l\u00e8bre la Journ\u00e9e internationale des femmes - YFile","robots":{"index":"index","follow":"follow","max-snippet":"max-snippet:-1","max-image-preview":"max-image-preview:large","max-video-preview":"max-video-preview:-1"},"canonical":"https:\/\/www.yorku.ca\/yfile\/2026\/03\/04\/luniversite-york-celebre-la-journee-internationale-des-femmes-2\/","og_locale":"en_US","og_type":"article","og_title":"L\u2019Universit\u00e9 York c\u00e9l\u00e8bre la Journ\u00e9e internationale des femmes - YFile","og_description":"Le 8 mars, Journ\u00e9e internationale des femmes, l\u2019Universit\u00e9 York reconna\u00eet les incroyables contributions des filles et des femmes et souligne la n\u00e9cessit\u00e9 de poursuivre nos efforts pour assurer leur pleine participation \u00e0 toutes les facettes de la soci\u00e9t\u00e9.","og_url":"https:\/\/www.yorku.ca\/yfile\/2026\/03\/04\/luniversite-york-celebre-la-journee-internationale-des-femmes-2\/","og_site_name":"YFile","article_published_time":"2026-03-04T19:22:54+00:00","article_modified_time":"2026-03-05T00:11:57+00:00","og_image":[{"width":1800,"height":600,"url":"https:\/\/www.yorku.ca\/yfile\/wp-content\/uploads\/sites\/889\/2026\/03\/Three-female-students-in-Greenhouse_8-e1772641064861.jpg","type":"image\/jpeg"}],"author":"ashleygc","twitter_card":"summary_large_image","twitter_misc":{"Written by":"ashleygc","Est. reading time":"3 minutes"},"schema":{"@context":"https:\/\/schema.org","@graph":[{"@type":"Article","@id":"https:\/\/www.yorku.ca\/yfile\/2026\/03\/04\/luniversite-york-celebre-la-journee-internationale-des-femmes-2\/#article","isPartOf":{"@id":"https:\/\/www.yorku.ca\/yfile\/2026\/03\/04\/luniversite-york-celebre-la-journee-internationale-des-femmes-2\/"},"author":{"name":"ashleygc","@id":"https:\/\/www.yorku.ca\/yfile\/#\/schema\/person\/c31100c4bc540ab4f738557fdc4232d6"},"headline":"L\u2019Universit\u00e9 York c\u00e9l\u00e8bre la Journ\u00e9e internationale des femmes","datePublished":"2026-03-04T19:22:54+00:00","dateModified":"2026-03-05T00:11:57+00:00","mainEntityOfPage":{"@id":"https:\/\/www.yorku.ca\/yfile\/2026\/03\/04\/luniversite-york-celebre-la-journee-internationale-des-femmes-2\/"},"wordCount":645,"image":{"@id":"https:\/\/www.yorku.ca\/yfile\/2026\/03\/04\/luniversite-york-celebre-la-journee-internationale-des-femmes-2\/#primaryimage"},"thumbnailUrl":"https:\/\/www.yorku.ca\/yfile\/wp-content\/uploads\/sites\/889\/2026\/03\/Three-female-students-in-Greenhouse_8-e1772641064861.jpg","keywords":["YFile"],"articleSection":["Fran\u00e7ais"],"inLanguage":"en-CA","copyrightYear":"2026","copyrightHolder":{"@id":"https:\/\/www.yorku.ca\/yfile\/#organization"}},{"@type":"WebPage","@id":"https:\/\/www.yorku.ca\/yfile\/2026\/03\/04\/luniversite-york-celebre-la-journee-internationale-des-femmes-2\/","url":"https:\/\/www.yorku.ca\/yfile\/2026\/03\/04\/luniversite-york-celebre-la-journee-internationale-des-femmes-2\/","name":"L\u2019Universit\u00e9 York c\u00e9l\u00e8bre la Journ\u00e9e internationale des femmes - YFile","isPartOf":{"@id":"https:\/\/www.yorku.ca\/yfile\/#website"},"primaryImageOfPage":{"@id":"https:\/\/www.yorku.ca\/yfile\/2026\/03\/04\/luniversite-york-celebre-la-journee-internationale-des-femmes-2\/#primaryimage"},"image":{"@id":"https:\/\/www.yorku.ca\/yfile\/2026\/03\/04\/luniversite-york-celebre-la-journee-internationale-des-femmes-2\/#primaryimage"},"thumbnailUrl":"https:\/\/www.yorku.ca\/yfile\/wp-content\/uploads\/sites\/889\/2026\/03\/Three-female-students-in-Greenhouse_8-e1772641064861.jpg","datePublished":"2026-03-04T19:22:54+00:00","dateModified":"2026-03-05T00:11:57+00:00","author":{"@id":"https:\/\/www.yorku.ca\/yfile\/#\/schema\/person\/c31100c4bc540ab4f738557fdc4232d6"},"breadcrumb":{"@id":"https:\/\/www.yorku.ca\/yfile\/2026\/03\/04\/luniversite-york-celebre-la-journee-internationale-des-femmes-2\/#breadcrumb"},"inLanguage":"en-CA","potentialAction":[{"@type":"ReadAction","target":["https:\/\/www.yorku.ca\/yfile\/2026\/03\/04\/luniversite-york-celebre-la-journee-internationale-des-femmes-2\/"]}]},{"@type":"ImageObject","inLanguage":"en-CA","@id":"https:\/\/www.yorku.ca\/yfile\/2026\/03\/04\/luniversite-york-celebre-la-journee-internationale-des-femmes-2\/#primaryimage","url":"https:\/\/www.yorku.ca\/yfile\/wp-content\/uploads\/sites\/889\/2026\/03\/Three-female-students-in-Greenhouse_8-e1772641064861.jpg","contentUrl":"https:\/\/www.yorku.ca\/yfile\/wp-content\/uploads\/sites\/889\/2026\/03\/Three-female-students-in-Greenhouse_8-e1772641064861.jpg","width":1800,"height":600,"caption":"Three female student revieing notes in the greenhouse"},{"@type":"BreadcrumbList","@id":"https:\/\/www.yorku.ca\/yfile\/2026\/03\/04\/luniversite-york-celebre-la-journee-internationale-des-femmes-2\/#breadcrumb","itemListElement":[{"@type":"ListItem","position":1,"name":"Home","item":"https:\/\/www.yorku.ca\/yfile\/"},{"@type":"ListItem","position":2,"name":"L\u2019Universit\u00e9 York c\u00e9l\u00e8bre la Journ\u00e9e internationale des femmes"}]},{"@type":"WebSite","@id":"https:\/\/www.yorku.ca\/yfile\/#website","url":"https:\/\/www.yorku.ca\/yfile\/","name":"YFile","description":"","potentialAction":[{"@type":"SearchAction","target":{"@type":"EntryPoint","urlTemplate":"https:\/\/www.yorku.ca\/yfile\/?s={search_term_string}"},"query-input":{"@type":"PropertyValueSpecification","valueRequired":true,"valueName":"search_term_string"}}],"inLanguage":"en-CA"},{"@type":"Person","@id":"https:\/\/www.yorku.ca\/yfile\/#\/schema\/person\/c31100c4bc540ab4f738557fdc4232d6","name":"ashleygc","image":{"@type":"ImageObject","inLanguage":"en-CA","@id":"https:\/\/secure.gravatar.com\/avatar\/29c936e1b9ea858bc3a60b4e624751572a1d0582545fc64ca5adcc2adc837d6e?s=96&d=mm&r=g","url":"https:\/\/secure.gravatar.com\/avatar\/29c936e1b9ea858bc3a60b4e624751572a1d0582545fc64ca5adcc2adc837d6e?s=96&d=mm&r=g","contentUrl":"https:\/\/secure.gravatar.com\/avatar\/29c936e1b9ea858bc3a60b4e624751572a1d0582545fc64ca5adcc2adc837d6e?s=96&d=mm&r=g","caption":"ashleygc"},"url":"https:\/\/www.yorku.ca\/yfile\/author\/ashleygc\/"}]}},"taxonomy_info":{"category":[{"value":181,"label":"Fran\u00e7ais"}],"post_tag":[{"value":4,"label":"YFile"}],"yfileauthor":[{"value":204,"label":"YFile Staff"}]},"featured_image_src_large":["https:\/\/www.yorku.ca\/yfile\/wp-content\/uploads\/sites\/889\/2026\/03\/Three-female-students-in-Greenhouse_8-e1772641064861-1024x341.jpg",1024,341,true],"author_info":{"display_name":"ashleygc","author_link":"https:\/\/www.yorku.ca\/yfile\/author\/ashleygc\/"},"comment_info":0,"category_info":[{"term_id":181,"name":"Fran\u00e7ais","slug":"francais","term_group":0,"term_taxonomy_id":181,"taxonomy":"category","description":"Institutional news and announcements in French.","parent":0,"count":89,"filter":"raw","cat_ID":181,"category_count":89,"category_description":"Institutional news and announcements in French.","cat_name":"Fran\u00e7ais","category_nicename":"francais","category_parent":0}],"tag_info":[{"term_id":4,"name":"YFile","slug":"yfile","term_group":0,"term_taxonomy_id":4,"taxonomy":"post_tag","description":"","parent":0,"count":5325,"filter":"raw"}],"_links":{"self":[{"href":"https:\/\/www.yorku.ca\/yfile\/wp-json\/wp\/v2\/posts\/404455","targetHints":{"allow":["GET"]}}],"collection":[{"href":"https:\/\/www.yorku.ca\/yfile\/wp-json\/wp\/v2\/posts"}],"about":[{"href":"https:\/\/www.yorku.ca\/yfile\/wp-json\/wp\/v2\/types\/post"}],"author":[{"embeddable":true,"href":"https:\/\/www.yorku.ca\/yfile\/wp-json\/wp\/v2\/users\/2386"}],"replies":[{"embeddable":true,"href":"https:\/\/www.yorku.ca\/yfile\/wp-json\/wp\/v2\/comments?post=404455"}],"version-history":[{"count":5,"href":"https:\/\/www.yorku.ca\/yfile\/wp-json\/wp\/v2\/posts\/404455\/revisions"}],"predecessor-version":[{"id":404536,"href":"https:\/\/www.yorku.ca\/yfile\/wp-json\/wp\/v2\/posts\/404455\/revisions\/404536"}],"wp:featuredmedia":[{"embeddable":true,"href":"https:\/\/www.yorku.ca\/yfile\/wp-json\/wp\/v2\/media\/404451"}],"wp:attachment":[{"href":"https:\/\/www.yorku.ca\/yfile\/wp-json\/wp\/v2\/media?parent=404455"}],"wp:term":[{"taxonomy":"category","embeddable":true,"href":"https:\/\/www.yorku.ca\/yfile\/wp-json\/wp\/v2\/categories?post=404455"},{"taxonomy":"post_tag","embeddable":true,"href":"https:\/\/www.yorku.ca\/yfile\/wp-json\/wp\/v2\/tags?post=404455"},{"taxonomy":"yfileauthor","embeddable":true,"href":"https:\/\/www.yorku.ca\/yfile\/wp-json\/wp\/v2\/yfileauthor?post=404455"},{"taxonomy":"qualifier","embeddable":true,"href":"https:\/\/www.yorku.ca\/yfile\/wp-json\/wp\/v2\/qualifier?post=404455"},{"taxonomy":"yfile-author","embeddable":true,"href":"https:\/\/www.yorku.ca\/yfile\/wp-json\/wp\/v2\/yfile-author?post=404455"},{"taxonomy":"tags-to-show","embeddable":true,"href":"https:\/\/www.yorku.ca\/yfile\/wp-json\/wp\/v2\/tags-to-show?post=404455"},{"taxonomy":"workflow","embeddable":true,"href":"https:\/\/www.yorku.ca\/yfile\/wp-json\/wp\/v2\/workflow?post=404455"}],"curies":[{"name":"wp","href":"https:\/\/api.w.org\/{rel}","templated":true}]}}